{"id":20418,"date":"2024-05-23T15:05:03","date_gmt":"2024-05-23T18:05:03","guid":{"rendered":"https:\/\/pc.sc.gov.br\/?p=20418"},"modified":"2024-05-23T15:06:09","modified_gmt":"2024-05-23T18:06:09","slug":"policia-civil-deflagra-operacao-ourimetro-cumpre-32-mandados-de-busca-e-dez-servidores-sao-afastados-da-administracao-municipal-de-imbituba","status":"publish","type":"post","link":"https:\/\/pc.sc.gov.br\/?p=20418","title":{"rendered":"Pol\u00edcia Civil deflagra opera\u00e7\u00e3o \u201cOur\u00edmetro\u201d, cumpre 32 mandados de busca e dez servidores s\u00e3o afastados da Administra\u00e7\u00e3o Municipal de Imbituba"},"content":{"rendered":"\t\t<div data-elementor-type=\"wp-post\" data-elementor-id=\"20418\" class=\"elementor elementor-20418\" data-elementor-post-type=\"post\">\n\t\t\t\t\t\t<section class=\"elementor-section elementor-top-section elementor-element elementor-element-754c465 elementor-section-boxed elementor-section-height-default elementor-section-height-default\" data-id=\"754c465\" data-element_type=\"section\">\n\t\t\t\t\t\t<div class=\"elementor-container elementor-column-gap-default\">\n\t\t\t\t\t<div class=\"elementor-column elementor-col-100 elementor-top-column elementor-element elementor-element-3d2ea44\" data-id=\"3d2ea44\" data-element_type=\"column\">\n\t\t\t<div class=\"elementor-widget-wrap elementor-element-populated\">\n\t\t\t\t\t\t<div class=\"elementor-element elementor-element-e93789b elementor-widget elementor-widget-heading\" data-id=\"e93789b\" data-element_type=\"widget\" data-widget_type=\"heading.default\">\n\t\t\t\t<div class=\"elementor-widget-container\">\n\t\t\t\t\t<h2 class=\"elementor-heading-title elementor-size-default\">Pol\u00edcia Civil deflagra opera\u00e7\u00e3o \u201cOur\u00edmetro\u201d, cumpre 32 mandados de busca e dez servidores s\u00e3o afastados da Administra\u00e7\u00e3o Municipal de Imbituba <\/h2>\t\t\t\t<\/div>\n\t\t\t\t<\/div>\n\t\t\t\t\t<\/div>\n\t\t<\/div>\n\t\t\t\t\t<\/div>\n\t\t<\/section>\n\t\t\t\t<section class=\"elementor-section elementor-top-section elementor-element elementor-element-1e3c838 elementor-section-boxed elementor-section-height-default elementor-section-height-default\" data-id=\"1e3c838\" data-element_type=\"section\">\n\t\t\t\t\t\t<div class=\"elementor-container elementor-column-gap-default\">\n\t\t\t\t\t<div class=\"elementor-column elementor-col-100 elementor-top-column elementor-element elementor-element-04b8ea5\" data-id=\"04b8ea5\" data-element_type=\"column\">\n\t\t\t<div class=\"elementor-widget-wrap elementor-element-populated\">\n\t\t\t\t\t\t<div class=\"elementor-element elementor-element-f9a8ce7 elementor-widget elementor-widget-image\" data-id=\"f9a8ce7\" data-element_type=\"widget\" data-widget_type=\"image.default\">\n\t\t\t\t<div class=\"elementor-widget-container\">\n\t\t\t\t\t\t\t\t\t\t\t\t\t\t\t<img fetchpriority=\"high\" decoding=\"async\" width=\"696\" height=\"522\" src=\"https:\/\/pc.sc.gov.br\/\/wp-content\/uploads\/2024\/05\/WhatsApp-Image-2024-05-23-at-09.47.59-1024x768.jpeg\" class=\"attachment-large size-large wp-image-20419\" alt=\"\" srcset=\"https:\/\/pc.sc.gov.br\/\/wp-content\/uploads\/2024\/05\/WhatsApp-Image-2024-05-23-at-09.47.59-1024x768.jpeg 1024w, https:\/\/pc.sc.gov.br\/\/wp-content\/uploads\/2024\/05\/WhatsApp-Image-2024-05-23-at-09.47.59-300x225.jpeg 300w, https:\/\/pc.sc.gov.br\/\/wp-content\/uploads\/2024\/05\/WhatsApp-Image-2024-05-23-at-09.47.59-768x576.jpeg 768w, https:\/\/pc.sc.gov.br\/\/wp-content\/uploads\/2024\/05\/WhatsApp-Image-2024-05-23-at-09.47.59.jpeg 1280w\" sizes=\"(max-width: 696px) 100vw, 696px\" \/>\t\t\t\t\t\t\t\t\t\t\t\t\t\t\t<\/div>\n\t\t\t\t<\/div>\n\t\t\t\t\t<\/div>\n\t\t<\/div>\n\t\t\t\t\t<\/div>\n\t\t<\/section>\n\t\t\t\t<section class=\"elementor-section elementor-top-section elementor-element elementor-element-c50f911 elementor-section-boxed elementor-section-height-default elementor-section-height-default\" data-id=\"c50f911\" data-element_type=\"section\">\n\t\t\t\t\t\t<div class=\"elementor-container elementor-column-gap-default\">\n\t\t\t\t\t<div class=\"elementor-column elementor-col-100 elementor-top-column elementor-element elementor-element-d1e8de0\" data-id=\"d1e8de0\" data-element_type=\"column\">\n\t\t\t<div class=\"elementor-widget-wrap elementor-element-populated\">\n\t\t\t\t\t\t<div class=\"elementor-element elementor-element-386dfb8 elementor-widget elementor-widget-text-editor\" data-id=\"386dfb8\" data-element_type=\"widget\" data-widget_type=\"text-editor.default\">\n\t\t\t\t<div class=\"elementor-widget-container\">\n\t\t\t\t\t\t\t\t\t<p>Nesta quinta-feira (23\/05), a Pol\u00edcia Civil de Santa Catarina, por meio da Delegacia de Pol\u00edcia da Comarca de Imbituba, com o apoio da Pol\u00edcia Cient\u00edfica, deflagrou a opera\u00e7\u00e3o \u201cOur\u00edmetro\u201d, visando combater uma organiza\u00e7\u00e3o criminosa que fraudava a execu\u00e7\u00e3o de servi\u00e7os de maquin\u00e1rios com a Prefeitura de Imbituba. Ao todo, foram cumpridos 32\u00a0 mandados de busca e apreens\u00e3o e 10 servidores p\u00fablicos foram afastados de suas fun\u00e7\u00f5es.<\/p><p>No primeiro semestre do ano de 2023, a Pol\u00edcia Civil de Imbituba recebeu diversas den\u00fancias an\u00f4nimas indicando que as empresas contratadas por meio da licita\u00e7\u00e3o estavam com o sistema de aferi\u00e7\u00e3o de horas trabalhadas (hor\u00edmetro) fraudados, de forma a marcar horas a mais do que as efetivamente trabalhadas, gerando preju\u00edzo \u00e0 administra\u00e7\u00e3o p\u00fablica municipal.<\/p><p>Diante dessas informa\u00e7\u00f5es, realizaram-se diversas dilig\u00eancias preliminares com o objetivo de confirmar as informa\u00e7\u00f5es. Apurou-se que a referida licita\u00e7\u00e3o tinha por objeto a contrata\u00e7\u00e3o de empresa especializada para presta\u00e7\u00e3o de servi\u00e7os de loca\u00e7\u00e3o de ve\u00edculos automotor, tipo caminh\u00e3o, ca\u00e7amba\/basculante e m\u00e1quinas pesadas, com manuten\u00e7\u00e3o motorista no caso de caminh\u00e3o, operador no caso de m\u00e1quinas, todos habilitados, combust\u00edvel em ambos os casos e com hor\u00edmetro em todos os equipamentos.<\/p><p>Ao final do certame, oito empresas foram vencedoras com a destina\u00e7\u00e3o total de 25 equipamentos para presta\u00e7\u00e3o de servi\u00e7os \u00e0 Prefeitura de Imbituba, cujos valores somados da contrata\u00e7\u00e3o s\u00e3o de R$10.091.890,00.<\/p><p>Em junho de 2023, a Pol\u00edcia Civil de Imbituba e de Garopaba e a Pol\u00edcia Cient\u00edfica de Laguna deflagraram opera\u00e7\u00e3o em conjunto visando realizar exame pericial nas m\u00e1quinas das empresas vencedoras que estavam prestando servi\u00e7os para a Prefeitura de Imbituba, objetivando comprovar se o sistema de aferi\u00e7\u00e3o de horas trabalhadas estava adulterado ou n\u00e3o.\u00a0<\/p><p>Na ocasi\u00e3o, 15 m\u00e1quinas que prestavam servi\u00e7os \u00e0 prefeitura de Imbituba foram periciadas, das quais 11 apresentaram adultera\u00e7\u00e3o no hor\u00edmetro, destacando-se que todas as empresas que tiveram suas m\u00e1quinas periciadas apresentaram algum tipo de fraude.<\/p><p>Durante a realiza\u00e7\u00e3o da opera\u00e7\u00e3o, o motorista de uma das m\u00e1quinas tentou fraudar a opera\u00e7\u00e3o modificando a estrutura do hor\u00edmetro de uma das m\u00e1quinas que seria examinada naquele dia. O aparelho celular foi apreendido e passou por an\u00e1lise ap\u00f3s autoriza\u00e7\u00e3o judicial.<\/p><p>Destaca-se, ainda, que as planilhas de horas que a Pol\u00edcia Civil teve acesso at\u00e9 o momento indicaram que as m\u00e1quinas trabalhavam todos os dias praticamente com hora cheia, n\u00e3o respeitando dias chuvosos, feriados, ou pausas no trabalho.<\/p><p>Com os elementos angariados, observou-se uma estrutura criminosa formada pelos particulares contratados pela Administra\u00e7\u00e3o P\u00fablica e por funcion\u00e1rios p\u00fablicos que tinham conhecimento e permitiam a engrenagem criminosa em preju\u00edzo da Administra\u00e7\u00e3o P\u00fablica Municipal, cujo montante do preju\u00edzo ainda est\u00e1 em apura\u00e7\u00e3o.<\/p><p>Por conta disso, representou-se por 32 mandados de busca e apreens\u00e3o nos endere\u00e7os ocupados pelos envolvidos, assim como pelo afastamento de 10 servidores p\u00fablicos da Administra\u00e7\u00e3o Municipal. Al\u00e9m disso, na data de hoje (23\/05), foram coletados diversos materiais, que ser\u00e3o encaminhados \u00e0 Pol\u00edcia Cient\u00edfica para posterior an\u00e1lise pela Pol\u00edcia Civil.<\/p>\t\t\t\t\t\t\t\t<\/div>\n\t\t\t\t<\/div>\n\t\t\t\t\t<\/div>\n\t\t<\/div>\n\t\t\t\t\t<\/div>\n\t\t<\/section>\n\t\t\t\t<\/div>\n\t\t","protected":false},"excerpt":{"rendered":"<p>Pol\u00edcia Civil deflagra opera\u00e7\u00e3o \u201cOur\u00edmetro\u201d, cumpre 32 mandados de busca e dez servidores s\u00e3o afastados da Administra\u00e7\u00e3o Municipal de Imbituba Nesta quinta-feira (23\/05), a Pol\u00edcia Civil de Santa Catarina, por meio da Delegacia de Pol\u00edcia da Comarca de Imbituba, com o apoio da Pol\u00edcia Cient\u00edfica, deflagrou a opera\u00e7\u00e3o \u201cOur\u00edmetro\u201d, visando combater uma organiza\u00e7\u00e3o criminosa que [&hellip;]<\/p>\n","protected":false},"author":5,"featured_media":20419,"comment_status":"closed","ping_status":"open","sticky":false,"template":"","format":"standard","meta":{"_monsterinsights_skip_tracking":false,"_monsterinsights_sitenote_active":false,"_monsterinsights_sitenote_note":"","_monsterinsights_sitenote_category":0,"footnotes":""},"categories":[1],"tags":[],"class_list":["post-20418","post","type-post","status-publish","format-standard","has-post-thumbnail","hentry","category-sem-categoria"],"_links":{"self":[{"href":"https:\/\/pc.sc.gov.br\/index.php?rest_route=\/wp\/v2\/posts\/20418","targetHints":{"allow":["GET"]}}],"collection":[{"href":"https:\/\/pc.sc.gov.br\/index.php?rest_route=\/wp\/v2\/posts"}],"about":[{"href":"https:\/\/pc.sc.gov.br\/index.php?rest_route=\/wp\/v2\/types\/post"}],"author":[{"embeddable":true,"href":"https:\/\/pc.sc.gov.br\/index.php?rest_route=\/wp\/v2\/users\/5"}],"replies":[{"embeddable":true,"href":"https:\/\/pc.sc.gov.br\/index.php?rest_route=%2Fwp%2Fv2%2Fcomments&post=20418"}],"version-history":[{"count":4,"href":"https:\/\/pc.sc.gov.br\/index.php?rest_route=\/wp\/v2\/posts\/20418\/revisions"}],"predecessor-version":[{"id":20423,"href":"https:\/\/pc.sc.gov.br\/index.php?rest_route=\/wp\/v2\/posts\/20418\/revisions\/20423"}],"wp:featuredmedia":[{"embeddable":true,"href":"https:\/\/pc.sc.gov.br\/index.php?rest_route=\/wp\/v2\/media\/20419"}],"wp:attachment":[{"href":"https:\/\/pc.sc.gov.br\/index.php?rest_route=%2Fwp%2Fv2%2Fmedia&parent=20418"}],"wp:term":[{"taxonomy":"category","embeddable":true,"href":"https:\/\/pc.sc.gov.br\/index.php?rest_route=%2Fwp%2Fv2%2Fcategories&post=20418"},{"taxonomy":"post_tag","embeddable":true,"href":"https:\/\/pc.sc.gov.br\/index.php?rest_route=%2Fwp%2Fv2%2Ftags&post=20418"}],"curies":[{"name":"wp","href":"https:\/\/api.w.org\/{rel}","templated":true}]}}