{"id":20424,"date":"2024-05-23T15:28:02","date_gmt":"2024-05-23T18:28:02","guid":{"rendered":"https:\/\/pc.sc.gov.br\/?p=20424"},"modified":"2024-05-23T15:28:45","modified_gmt":"2024-05-23T18:28:45","slug":"policia-civil-prende-homem-em-flagrante-que-ja-tinha-outros-dois-mandados-de-prisoes-ativos-por-homicidio-qualificado-e-organizacao-criminosa-em-bom-retiro","status":"publish","type":"post","link":"https:\/\/pc.sc.gov.br\/?p=20424","title":{"rendered":"Pol\u00edcia Civil prende homem em flagrante que j\u00e1 tinha outros dois mandados de pris\u00f5es ativos por homic\u00eddio qualificado e organiza\u00e7\u00e3o criminosa em Bom Retiro"},"content":{"rendered":"\t\t<div data-elementor-type=\"wp-post\" data-elementor-id=\"20424\" class=\"elementor elementor-20424\" data-elementor-post-type=\"post\">\n\t\t\t\t\t\t<section class=\"elementor-section elementor-top-section elementor-element elementor-element-08818b3 elementor-section-boxed elementor-section-height-default elementor-section-height-default\" data-id=\"08818b3\" data-element_type=\"section\">\n\t\t\t\t\t\t<div class=\"elementor-container elementor-column-gap-default\">\n\t\t\t\t\t<div class=\"elementor-column elementor-col-100 elementor-top-column elementor-element elementor-element-9a64d2b\" data-id=\"9a64d2b\" data-element_type=\"column\">\n\t\t\t<div class=\"elementor-widget-wrap elementor-element-populated\">\n\t\t\t\t\t\t<div class=\"elementor-element elementor-element-ad20f0e elementor-widget elementor-widget-heading\" data-id=\"ad20f0e\" data-element_type=\"widget\" data-widget_type=\"heading.default\">\n\t\t\t\t<div class=\"elementor-widget-container\">\n\t\t\t\t\t<h2 class=\"elementor-heading-title elementor-size-default\">Pol\u00edcia Civil prende homem em flagrante que j\u00e1 tinha outros dois mandados de pris\u00f5es ativos por homic\u00eddio qualificado e organiza\u00e7\u00e3o criminosa em Bom Retiro<\/h2>\t\t\t\t<\/div>\n\t\t\t\t<\/div>\n\t\t\t\t\t<\/div>\n\t\t<\/div>\n\t\t\t\t\t<\/div>\n\t\t<\/section>\n\t\t\t\t<section class=\"elementor-section elementor-top-section elementor-element elementor-element-6618448 elementor-section-boxed elementor-section-height-default elementor-section-height-default\" data-id=\"6618448\" data-element_type=\"section\">\n\t\t\t\t\t\t<div class=\"elementor-container elementor-column-gap-default\">\n\t\t\t\t\t<div class=\"elementor-column elementor-col-100 elementor-top-column elementor-element elementor-element-3188c7b\" data-id=\"3188c7b\" data-element_type=\"column\">\n\t\t\t<div class=\"elementor-widget-wrap elementor-element-populated\">\n\t\t\t\t\t\t<div class=\"elementor-element elementor-element-54e0dbc elementor-widget elementor-widget-image\" data-id=\"54e0dbc\" data-element_type=\"widget\" data-widget_type=\"image.default\">\n\t\t\t\t<div class=\"elementor-widget-container\">\n\t\t\t\t\t\t\t\t\t\t\t\t\t\t\t<img fetchpriority=\"high\" decoding=\"async\" width=\"696\" height=\"392\" src=\"https:\/\/pc.sc.gov.br\/\/wp-content\/uploads\/2024\/05\/WhatsApp-Image-2024-05-23-at-14.36.06-1-1024x576.jpeg\" class=\"attachment-large size-large wp-image-20426\" alt=\"\" srcset=\"https:\/\/pc.sc.gov.br\/\/wp-content\/uploads\/2024\/05\/WhatsApp-Image-2024-05-23-at-14.36.06-1-1024x576.jpeg 1024w, https:\/\/pc.sc.gov.br\/\/wp-content\/uploads\/2024\/05\/WhatsApp-Image-2024-05-23-at-14.36.06-1-300x169.jpeg 300w, https:\/\/pc.sc.gov.br\/\/wp-content\/uploads\/2024\/05\/WhatsApp-Image-2024-05-23-at-14.36.06-1-768x432.jpeg 768w, https:\/\/pc.sc.gov.br\/\/wp-content\/uploads\/2024\/05\/WhatsApp-Image-2024-05-23-at-14.36.06-1-1536x864.jpeg 1536w, https:\/\/pc.sc.gov.br\/\/wp-content\/uploads\/2024\/05\/WhatsApp-Image-2024-05-23-at-14.36.06-1.jpeg 1600w\" sizes=\"(max-width: 696px) 100vw, 696px\" \/>\t\t\t\t\t\t\t\t\t\t\t\t\t\t\t<\/div>\n\t\t\t\t<\/div>\n\t\t\t\t\t<\/div>\n\t\t<\/div>\n\t\t\t\t\t<\/div>\n\t\t<\/section>\n\t\t\t\t<section class=\"elementor-section elementor-top-section elementor-element elementor-element-367fc4b elementor-section-boxed elementor-section-height-default elementor-section-height-default\" data-id=\"367fc4b\" data-element_type=\"section\">\n\t\t\t\t\t\t<div class=\"elementor-container elementor-column-gap-default\">\n\t\t\t\t\t<div class=\"elementor-column elementor-col-100 elementor-top-column elementor-element elementor-element-49c8111\" data-id=\"49c8111\" data-element_type=\"column\">\n\t\t\t<div class=\"elementor-widget-wrap elementor-element-populated\">\n\t\t\t\t\t\t<div class=\"elementor-element elementor-element-07e5c85 elementor-widget elementor-widget-text-editor\" data-id=\"07e5c85\" data-element_type=\"widget\" data-widget_type=\"text-editor.default\">\n\t\t\t\t<div class=\"elementor-widget-container\">\n\t\t\t\t\t\t\t\t\t<p>Nesta quinta-feira (23\/05), a Pol\u00edcia Civil de Santa Catarina, por meio da Delegacia de Pol\u00edcia de Bom Retiro, realizou, em Bom Retiro, a pris\u00e3o em flagrante de um homem pela pr\u00e1tica dos delitos de tr\u00e1fico de drogas e posse ilegal de muni\u00e7\u00f5es.<\/p><p>Al\u00e9m da pris\u00e3o em flagrante, o investigado possu\u00eda dois mandados de pris\u00f5es ativos, pelos crimes de homic\u00eddio qualificado e organiza\u00e7\u00e3o criminosa, os quais foram cumpridos e comunicados \u00e0 autoridade judici\u00e1ria competente.<\/p><p>Durante a pris\u00e3o do investigado, foram apreendidos muni\u00e7\u00f5es, aproximadamente 50 buchas de crack, dois inv\u00f3lucros maiores da mesma droga e outros itens de interesse para a investiga\u00e7\u00e3o.<\/p><p>Ap\u00f3s a lavratura do auto de pris\u00e3o em flagrante, o conduzido foi encaminhado para Unidade Prisional do munic\u00edpio de Lages, local onde permanecer\u00e1 recolhido \u00e0 disposi\u00e7\u00e3o da Justi\u00e7a.<\/p>\t\t\t\t\t\t\t\t<\/div>\n\t\t\t\t<\/div>\n\t\t\t\t\t<\/div>\n\t\t<\/div>\n\t\t\t\t\t<\/div>\n\t\t<\/section>\n\t\t\t\t<\/div>\n\t\t","protected":false},"excerpt":{"rendered":"<p>Pol\u00edcia Civil prende homem em flagrante que j\u00e1 tinha outros dois mandados de pris\u00f5es ativos por homic\u00eddio qualificado e organiza\u00e7\u00e3o criminosa em Bom Retiro Nesta quinta-feira (23\/05), a Pol\u00edcia Civil de Santa Catarina, por meio da Delegacia de Pol\u00edcia de Bom Retiro, realizou, em Bom Retiro, a pris\u00e3o em flagrante de um homem pela pr\u00e1tica [&hellip;]<\/p>\n","protected":false},"author":5,"featured_media":20426,"comment_status":"closed","ping_status":"open","sticky":false,"template":"","format":"standard","meta":{"_monsterinsights_skip_tracking":false,"_monsterinsights_sitenote_active":false,"_monsterinsights_sitenote_note":"","_monsterinsights_sitenote_category":0,"footnotes":""},"categories":[1],"tags":[],"class_list":["post-20424","post","type-post","status-publish","format-standard","has-post-thumbnail","hentry","category-sem-categoria"],"_links":{"self":[{"href":"https:\/\/pc.sc.gov.br\/index.php?rest_route=\/wp\/v2\/posts\/20424","targetHints":{"allow":["GET"]}}],"collection":[{"href":"https:\/\/pc.sc.gov.br\/index.php?rest_route=\/wp\/v2\/posts"}],"about":[{"href":"https:\/\/pc.sc.gov.br\/index.php?rest_route=\/wp\/v2\/types\/post"}],"author":[{"embeddable":true,"href":"https:\/\/pc.sc.gov.br\/index.php?rest_route=\/wp\/v2\/users\/5"}],"replies":[{"embeddable":true,"href":"https:\/\/pc.sc.gov.br\/index.php?rest_route=%2Fwp%2Fv2%2Fcomments&post=20424"}],"version-history":[{"count":4,"href":"https:\/\/pc.sc.gov.br\/index.php?rest_route=\/wp\/v2\/posts\/20424\/revisions"}],"predecessor-version":[{"id":20430,"href":"https:\/\/pc.sc.gov.br\/index.php?rest_route=\/wp\/v2\/posts\/20424\/revisions\/20430"}],"wp:featuredmedia":[{"embeddable":true,"href":"https:\/\/pc.sc.gov.br\/index.php?rest_route=\/wp\/v2\/media\/20426"}],"wp:attachment":[{"href":"https:\/\/pc.sc.gov.br\/index.php?rest_route=%2Fwp%2Fv2%2Fmedia&parent=20424"}],"wp:term":[{"taxonomy":"category","embeddable":true,"href":"https:\/\/pc.sc.gov.br\/index.php?rest_route=%2Fwp%2Fv2%2Fcategories&post=20424"},{"taxonomy":"post_tag","embeddable":true,"href":"https:\/\/pc.sc.gov.br\/index.php?rest_route=%2Fwp%2Fv2%2Ftags&post=20424"}],"curies":[{"name":"wp","href":"https:\/\/api.w.org\/{rel}","templated":true}]}}