{"id":20431,"date":"2024-05-23T17:05:36","date_gmt":"2024-05-23T20:05:36","guid":{"rendered":"https:\/\/pc.sc.gov.br\/?p=20431"},"modified":"2024-05-23T17:07:24","modified_gmt":"2024-05-23T20:07:24","slug":"policia-civil-deflagra-operacao-advena-contra-investigacoes-ao-trafico-de-drogas-e-a-lavagem-de-dinheiro","status":"publish","type":"post","link":"https:\/\/pc.sc.gov.br\/?p=20431","title":{"rendered":"Pol\u00edcia Civil deflagra opera\u00e7\u00e3o \u201c\u00c1dvena\u201d contra investiga\u00e7\u00f5es ao tr\u00e1fico de drogas e \u00e0 lavagem de dinheiro"},"content":{"rendered":"\t\t<div data-elementor-type=\"wp-post\" data-elementor-id=\"20431\" class=\"elementor elementor-20431\" data-elementor-post-type=\"post\">\n\t\t\t\t\t\t<section class=\"elementor-section elementor-top-section elementor-element elementor-element-952800b elementor-section-boxed elementor-section-height-default elementor-section-height-default\" data-id=\"952800b\" data-element_type=\"section\">\n\t\t\t\t\t\t<div class=\"elementor-container elementor-column-gap-default\">\n\t\t\t\t\t<div class=\"elementor-column elementor-col-100 elementor-top-column elementor-element elementor-element-c1b15ae\" data-id=\"c1b15ae\" data-element_type=\"column\">\n\t\t\t<div class=\"elementor-widget-wrap elementor-element-populated\">\n\t\t\t\t\t\t<div class=\"elementor-element elementor-element-6def1c6 elementor-widget elementor-widget-heading\" data-id=\"6def1c6\" data-element_type=\"widget\" data-widget_type=\"heading.default\">\n\t\t\t\t<div class=\"elementor-widget-container\">\n\t\t\t\t\t<h2 class=\"elementor-heading-title elementor-size-default\">Pol\u00edcia Civil deflagra opera\u00e7\u00e3o \u201c\u00c1dvena\u201d contra investiga\u00e7\u00f5es ao tr\u00e1fico de drogas e \u00e0 lavagem de dinheiro <\/h2>\t\t\t\t<\/div>\n\t\t\t\t<\/div>\n\t\t\t\t\t<\/div>\n\t\t<\/div>\n\t\t\t\t\t<\/div>\n\t\t<\/section>\n\t\t\t\t<section class=\"elementor-section elementor-top-section elementor-element elementor-element-bf6b689 elementor-section-boxed elementor-section-height-default elementor-section-height-default\" data-id=\"bf6b689\" data-element_type=\"section\">\n\t\t\t\t\t\t<div class=\"elementor-container elementor-column-gap-default\">\n\t\t\t\t\t<div class=\"elementor-column elementor-col-100 elementor-top-column elementor-element elementor-element-5bd1f4f\" data-id=\"5bd1f4f\" data-element_type=\"column\">\n\t\t\t<div class=\"elementor-widget-wrap elementor-element-populated\">\n\t\t\t\t\t\t<div class=\"elementor-element elementor-element-994d60d elementor-widget elementor-widget-image\" data-id=\"994d60d\" data-element_type=\"widget\" data-widget_type=\"image.default\">\n\t\t\t\t<div class=\"elementor-widget-container\">\n\t\t\t\t\t\t\t\t\t\t\t\t\t\t\t<img fetchpriority=\"high\" decoding=\"async\" width=\"696\" height=\"522\" src=\"https:\/\/pc.sc.gov.br\/\/wp-content\/uploads\/2024\/05\/WhatsApp-Image-2024-05-23-at-16.22.33-1024x768.jpeg\" class=\"attachment-large size-large wp-image-20433\" alt=\"\" srcset=\"https:\/\/pc.sc.gov.br\/\/wp-content\/uploads\/2024\/05\/WhatsApp-Image-2024-05-23-at-16.22.33-1024x768.jpeg 1024w, https:\/\/pc.sc.gov.br\/\/wp-content\/uploads\/2024\/05\/WhatsApp-Image-2024-05-23-at-16.22.33-300x225.jpeg 300w, https:\/\/pc.sc.gov.br\/\/wp-content\/uploads\/2024\/05\/WhatsApp-Image-2024-05-23-at-16.22.33-768x576.jpeg 768w, https:\/\/pc.sc.gov.br\/\/wp-content\/uploads\/2024\/05\/WhatsApp-Image-2024-05-23-at-16.22.33.jpeg 1280w\" sizes=\"(max-width: 696px) 100vw, 696px\" \/>\t\t\t\t\t\t\t\t\t\t\t\t\t\t\t<\/div>\n\t\t\t\t<\/div>\n\t\t\t\t\t<\/div>\n\t\t<\/div>\n\t\t\t\t\t<\/div>\n\t\t<\/section>\n\t\t\t\t<section class=\"elementor-section elementor-top-section elementor-element elementor-element-ac53532 elementor-section-boxed elementor-section-height-default elementor-section-height-default\" data-id=\"ac53532\" data-element_type=\"section\">\n\t\t\t\t\t\t<div class=\"elementor-container elementor-column-gap-default\">\n\t\t\t\t\t<div class=\"elementor-column elementor-col-100 elementor-top-column elementor-element elementor-element-6760c39\" data-id=\"6760c39\" data-element_type=\"column\">\n\t\t\t<div class=\"elementor-widget-wrap elementor-element-populated\">\n\t\t\t\t\t\t<div class=\"elementor-element elementor-element-1a6518d elementor-widget elementor-widget-text-editor\" data-id=\"1a6518d\" data-element_type=\"widget\" data-widget_type=\"text-editor.default\">\n\t\t\t\t<div class=\"elementor-widget-container\">\n\t\t\t\t\t\t\t\t\t<p>A Pol\u00edcia Civil de Santa Catarina, por meio da Delegacia de Pol\u00edcia da Comarca de Tijucas, com apoio de unidades vinculadas \u00e0 Diretoria de Pol\u00edcia do Litoral, \u00e0 Diretoria Estadual de Investiga\u00e7\u00f5es Criminais, \u00e0 Diretoria de Pol\u00edcia da Grande Florian\u00f3polis e \u00e0 Coordenadoria de Opera\u00e7\u00f5es com C\u00e3es , deflagrou, nesta quinta-feira (23), a Opera\u00e7\u00e3o \u201c\u00c1dvena\u201d.<\/p><p>Na ocasi\u00e3o, mais de 100 Policiais Civis foram mobilizados para cumprir 28 mandados de busca e apreens\u00e3o e quatro mandados de pris\u00e3o. \u00a0As dilig\u00eancias foram realizadas nos munic\u00edpios de Tijucas, Canelinha, Balne\u00e1rio Cambori\u00fa, Cambori\u00fa e Itapema. Durante cumprimento das ordens judiciais ainda foram realizadas duas pris\u00f5es em flagrante por tr\u00e1fico de drogas e posse irregular de arma de fogo.<\/p><p>As ordens judiciais est\u00e3o atreladas a duas investiga\u00e7\u00f5es distintas: uma vinculada ao tr\u00e1fico de drogas no bairro Areias \u2013 Sem Terra, e outra decorrente da pr\u00e1tica de lavagem de dinheiro, cujo principal suspeito reside no munic\u00edpio de Canelinha.<\/p><p>Em rela\u00e7\u00e3o \u00e0 lavagem de capitais foi identificado que os investigados \u2013 com hist\u00f3rico de tr\u00e1fico de drogas \u2013 realizavam movimenta\u00e7\u00e3o financeira desproporcional aos ganhos auferidos, constitu\u00edram pessoas jur\u00eddicas de fachada, bem como utilizaram \u201claranjas\u201d para aquisi\u00e7\u00e3o de bens de luxo. Desse modo, a decis\u00e3o judicial tamb\u00e9m contemplou sequestro de ativos financeiros no limite de 5 milh\u00f5es de reais, bem como o bloqueio de im\u00f3veis e ve\u00edculos.<\/p><p>Os trabalhos de investiga\u00e7\u00e3o est\u00e3o sendo conduzidos em conjunto com a Delegacia de Investiga\u00e7\u00e3o \u00e0 Lavagem de Dinheiro (DLAV), da DEIC.<\/p>\t\t\t\t\t\t\t\t<\/div>\n\t\t\t\t<\/div>\n\t\t\t\t\t<\/div>\n\t\t<\/div>\n\t\t\t\t\t<\/div>\n\t\t<\/section>\n\t\t\t\t<section class=\"elementor-section elementor-top-section elementor-element elementor-element-e087712 elementor-section-boxed elementor-section-height-default elementor-section-height-default\" data-id=\"e087712\" data-element_type=\"section\">\n\t\t\t\t\t\t<div class=\"elementor-container elementor-column-gap-default\">\n\t\t\t\t\t<div class=\"elementor-column elementor-col-100 elementor-top-column elementor-element elementor-element-ea2cfcc\" data-id=\"ea2cfcc\" data-element_type=\"column\">\n\t\t\t<div class=\"elementor-widget-wrap elementor-element-populated\">\n\t\t\t\t\t\t<div class=\"elementor-element elementor-element-6260dca elementor-widget elementor-widget-image\" data-id=\"6260dca\" data-element_type=\"widget\" data-widget_type=\"image.default\">\n\t\t\t\t<div class=\"elementor-widget-container\">\n\t\t\t\t\t\t\t\t\t\t\t\t\t\t\t<img decoding=\"async\" width=\"696\" height=\"522\" src=\"https:\/\/pc.sc.gov.br\/\/wp-content\/uploads\/2024\/05\/WhatsApp-Image-2024-05-23-at-16.22.34-1024x768.jpeg\" class=\"attachment-large size-large wp-image-20434\" alt=\"\" srcset=\"https:\/\/pc.sc.gov.br\/\/wp-content\/uploads\/2024\/05\/WhatsApp-Image-2024-05-23-at-16.22.34-1024x768.jpeg 1024w, https:\/\/pc.sc.gov.br\/\/wp-content\/uploads\/2024\/05\/WhatsApp-Image-2024-05-23-at-16.22.34-300x225.jpeg 300w, https:\/\/pc.sc.gov.br\/\/wp-content\/uploads\/2024\/05\/WhatsApp-Image-2024-05-23-at-16.22.34-768x576.jpeg 768w, https:\/\/pc.sc.gov.br\/\/wp-content\/uploads\/2024\/05\/WhatsApp-Image-2024-05-23-at-16.22.34-1536x1152.jpeg 1536w, https:\/\/pc.sc.gov.br\/\/wp-content\/uploads\/2024\/05\/WhatsApp-Image-2024-05-23-at-16.22.34.jpeg 1600w\" sizes=\"(max-width: 696px) 100vw, 696px\" \/>\t\t\t\t\t\t\t\t\t\t\t\t\t\t\t<\/div>\n\t\t\t\t<\/div>\n\t\t\t\t\t<\/div>\n\t\t<\/div>\n\t\t\t\t\t<\/div>\n\t\t<\/section>\n\t\t\t\t<section class=\"elementor-section elementor-top-section elementor-element elementor-element-135e7fa elementor-section-boxed elementor-section-height-default elementor-section-height-default\" data-id=\"135e7fa\" data-element_type=\"section\">\n\t\t\t\t\t\t<div class=\"elementor-container elementor-column-gap-default\">\n\t\t\t\t\t<div class=\"elementor-column elementor-col-100 elementor-top-column elementor-element elementor-element-4bc993d\" data-id=\"4bc993d\" data-element_type=\"column\">\n\t\t\t<div class=\"elementor-widget-wrap elementor-element-populated\">\n\t\t\t\t\t\t<div class=\"elementor-element elementor-element-d9ba1fe elementor-widget elementor-widget-image\" data-id=\"d9ba1fe\" data-element_type=\"widget\" data-widget_type=\"image.default\">\n\t\t\t\t<div class=\"elementor-widget-container\">\n\t\t\t\t\t\t\t\t\t\t\t\t\t\t\t<img decoding=\"async\" width=\"696\" height=\"522\" src=\"https:\/\/pc.sc.gov.br\/\/wp-content\/uploads\/2024\/05\/WhatsApp-Image-2024-05-23-at-16.22.33-1-1024x768.jpeg\" class=\"attachment-large size-large wp-image-20432\" alt=\"\" srcset=\"https:\/\/pc.sc.gov.br\/\/wp-content\/uploads\/2024\/05\/WhatsApp-Image-2024-05-23-at-16.22.33-1-1024x768.jpeg 1024w, https:\/\/pc.sc.gov.br\/\/wp-content\/uploads\/2024\/05\/WhatsApp-Image-2024-05-23-at-16.22.33-1-300x225.jpeg 300w, https:\/\/pc.sc.gov.br\/\/wp-content\/uploads\/2024\/05\/WhatsApp-Image-2024-05-23-at-16.22.33-1-768x576.jpeg 768w, https:\/\/pc.sc.gov.br\/\/wp-content\/uploads\/2024\/05\/WhatsApp-Image-2024-05-23-at-16.22.33-1-1536x1152.jpeg 1536w, https:\/\/pc.sc.gov.br\/\/wp-content\/uploads\/2024\/05\/WhatsApp-Image-2024-05-23-at-16.22.33-1.jpeg 1600w\" sizes=\"(max-width: 696px) 100vw, 696px\" \/>\t\t\t\t\t\t\t\t\t\t\t\t\t\t\t<\/div>\n\t\t\t\t<\/div>\n\t\t\t\t\t<\/div>\n\t\t<\/div>\n\t\t\t\t\t<\/div>\n\t\t<\/section>\n\t\t\t\t<\/div>\n\t\t","protected":false},"excerpt":{"rendered":"<p>Pol\u00edcia Civil deflagra opera\u00e7\u00e3o \u201c\u00c1dvena\u201d contra investiga\u00e7\u00f5es ao tr\u00e1fico de drogas e \u00e0 lavagem de dinheiro A Pol\u00edcia Civil de Santa Catarina, por meio da Delegacia de Pol\u00edcia da Comarca de Tijucas, com apoio de unidades vinculadas \u00e0 Diretoria de Pol\u00edcia do Litoral, \u00e0 Diretoria Estadual de Investiga\u00e7\u00f5es Criminais, \u00e0 Diretoria de Pol\u00edcia da Grande [&hellip;]<\/p>\n","protected":false},"author":5,"featured_media":20433,"comment_status":"closed","ping_status":"open","sticky":false,"template":"","format":"standard","meta":{"_monsterinsights_skip_tracking":false,"_monsterinsights_sitenote_active":false,"_monsterinsights_sitenote_note":"","_monsterinsights_sitenote_category":0,"footnotes":""},"categories":[1],"tags":[],"class_list":["post-20431","post","type-post","status-publish","format-standard","has-post-thumbnail","hentry","category-sem-categoria"],"_links":{"self":[{"href":"https:\/\/pc.sc.gov.br\/index.php?rest_route=\/wp\/v2\/posts\/20431","targetHints":{"allow":["GET"]}}],"collection":[{"href":"https:\/\/pc.sc.gov.br\/index.php?rest_route=\/wp\/v2\/posts"}],"about":[{"href":"https:\/\/pc.sc.gov.br\/index.php?rest_route=\/wp\/v2\/types\/post"}],"author":[{"embeddable":true,"href":"https:\/\/pc.sc.gov.br\/index.php?rest_route=\/wp\/v2\/users\/5"}],"replies":[{"embeddable":true,"href":"https:\/\/pc.sc.gov.br\/index.php?rest_route=%2Fwp%2Fv2%2Fcomments&post=20431"}],"version-history":[{"count":4,"href":"https:\/\/pc.sc.gov.br\/index.php?rest_route=\/wp\/v2\/posts\/20431\/revisions"}],"predecessor-version":[{"id":20438,"href":"https:\/\/pc.sc.gov.br\/index.php?rest_route=\/wp\/v2\/posts\/20431\/revisions\/20438"}],"wp:featuredmedia":[{"embeddable":true,"href":"https:\/\/pc.sc.gov.br\/index.php?rest_route=\/wp\/v2\/media\/20433"}],"wp:attachment":[{"href":"https:\/\/pc.sc.gov.br\/index.php?rest_route=%2Fwp%2Fv2%2Fmedia&parent=20431"}],"wp:term":[{"taxonomy":"category","embeddable":true,"href":"https:\/\/pc.sc.gov.br\/index.php?rest_route=%2Fwp%2Fv2%2Fcategories&post=20431"},{"taxonomy":"post_tag","embeddable":true,"href":"https:\/\/pc.sc.gov.br\/index.php?rest_route=%2Fwp%2Fv2%2Ftags&post=20431"}],"curies":[{"name":"wp","href":"https:\/\/api.w.org\/{rel}","templated":true}]}}