{"id":20439,"date":"2024-05-23T17:17:16","date_gmt":"2024-05-23T20:17:16","guid":{"rendered":"https:\/\/pc.sc.gov.br\/?p=20439"},"modified":"2024-05-23T17:18:00","modified_gmt":"2024-05-23T20:18:00","slug":"policia-civil-de-criciuma-e-de-alagoas-em-conjunto-com-prf-realizam-prisao-de-foragido-na-bahia","status":"publish","type":"post","link":"https:\/\/pc.sc.gov.br\/?p=20439","title":{"rendered":"Pol\u00edcia Civil de Crici\u00fama e de Alagoas, em conjunto com PRF, realizam pris\u00e3o de foragido na Bahia"},"content":{"rendered":"\t\t<div data-elementor-type=\"wp-post\" data-elementor-id=\"20439\" class=\"elementor elementor-20439\" data-elementor-post-type=\"post\">\n\t\t\t\t\t\t<section class=\"elementor-section elementor-top-section elementor-element elementor-element-3fccc4a elementor-section-boxed elementor-section-height-default elementor-section-height-default\" data-id=\"3fccc4a\" data-element_type=\"section\">\n\t\t\t\t\t\t<div class=\"elementor-container elementor-column-gap-default\">\n\t\t\t\t\t<div class=\"elementor-column elementor-col-100 elementor-top-column elementor-element elementor-element-6f1a6b4\" data-id=\"6f1a6b4\" data-element_type=\"column\">\n\t\t\t<div class=\"elementor-widget-wrap elementor-element-populated\">\n\t\t\t\t\t\t<div class=\"elementor-element elementor-element-5f1c7cc elementor-widget elementor-widget-heading\" data-id=\"5f1c7cc\" data-element_type=\"widget\" data-widget_type=\"heading.default\">\n\t\t\t\t<div class=\"elementor-widget-container\">\n\t\t\t\t\t<h2 class=\"elementor-heading-title elementor-size-default\">Pol\u00edcia Civil de Crici\u00fama e de Alagoas, em conjunto com PRF, realizam pris\u00e3o de foragido na Bahia<\/h2>\t\t\t\t<\/div>\n\t\t\t\t<\/div>\n\t\t\t\t\t<\/div>\n\t\t<\/div>\n\t\t\t\t\t<\/div>\n\t\t<\/section>\n\t\t\t\t<section class=\"elementor-section elementor-top-section elementor-element elementor-element-6a9e055 elementor-section-boxed elementor-section-height-default elementor-section-height-default\" data-id=\"6a9e055\" data-element_type=\"section\">\n\t\t\t\t\t\t<div class=\"elementor-container elementor-column-gap-default\">\n\t\t\t\t\t<div class=\"elementor-column elementor-col-100 elementor-top-column elementor-element elementor-element-4edae77\" data-id=\"4edae77\" data-element_type=\"column\">\n\t\t\t<div class=\"elementor-widget-wrap elementor-element-populated\">\n\t\t\t\t\t\t<div class=\"elementor-element elementor-element-afa72ca elementor-widget elementor-widget-image\" data-id=\"afa72ca\" data-element_type=\"widget\" data-widget_type=\"image.default\">\n\t\t\t\t<div class=\"elementor-widget-container\">\n\t\t\t\t\t\t\t\t\t\t\t\t\t\t\t<img fetchpriority=\"high\" decoding=\"async\" width=\"696\" height=\"355\" src=\"https:\/\/pc.sc.gov.br\/\/wp-content\/uploads\/2024\/05\/WhatsApp-Image-2024-05-23-at-16.49.00-1024x522.jpeg\" class=\"attachment-large size-large wp-image-20440\" alt=\"\" srcset=\"https:\/\/pc.sc.gov.br\/\/wp-content\/uploads\/2024\/05\/WhatsApp-Image-2024-05-23-at-16.49.00-1024x522.jpeg 1024w, https:\/\/pc.sc.gov.br\/\/wp-content\/uploads\/2024\/05\/WhatsApp-Image-2024-05-23-at-16.49.00-300x153.jpeg 300w, https:\/\/pc.sc.gov.br\/\/wp-content\/uploads\/2024\/05\/WhatsApp-Image-2024-05-23-at-16.49.00-768x392.jpeg 768w, https:\/\/pc.sc.gov.br\/\/wp-content\/uploads\/2024\/05\/WhatsApp-Image-2024-05-23-at-16.49.00.jpeg 1500w\" sizes=\"(max-width: 696px) 100vw, 696px\" \/>\t\t\t\t\t\t\t\t\t\t\t\t\t\t\t<\/div>\n\t\t\t\t<\/div>\n\t\t\t\t\t<\/div>\n\t\t<\/div>\n\t\t\t\t\t<\/div>\n\t\t<\/section>\n\t\t\t\t<section class=\"elementor-section elementor-top-section elementor-element elementor-element-b4e63a1 elementor-section-boxed elementor-section-height-default elementor-section-height-default\" data-id=\"b4e63a1\" data-element_type=\"section\">\n\t\t\t\t\t\t<div class=\"elementor-container elementor-column-gap-default\">\n\t\t\t\t\t<div class=\"elementor-column elementor-col-100 elementor-top-column elementor-element elementor-element-589ce0d\" data-id=\"589ce0d\" data-element_type=\"column\">\n\t\t\t<div class=\"elementor-widget-wrap elementor-element-populated\">\n\t\t\t\t\t\t<div class=\"elementor-element elementor-element-a3a1063 elementor-widget elementor-widget-text-editor\" data-id=\"a3a1063\" data-element_type=\"widget\" data-widget_type=\"text-editor.default\">\n\t\t\t\t<div class=\"elementor-widget-container\">\n\t\t\t\t\t\t\t\t\t<p>A Divis\u00e3o de Investiga\u00e7\u00e3o Criminal de Crici\u00fama (DIC), da Pol\u00edcia Civil de Santa Catarina, ap\u00f3s interc\u00e2mbio de informa\u00e7\u00f5es com a Pol\u00edcia Civil de Alagoas e com agentes da Pol\u00edcia Rodovi\u00e1ria Federal, identificou um foragido (36 anos) em tr\u00e2nsito, saindo de Crici\u00fama com destino a Pernambuco.<\/p><p>Ap\u00f3s verifica\u00e7\u00f5es, a abordagem foi realizada pela PRF em \u00f4nibus interestadual de passageiros, em Vit\u00f3ria da Conquista\/BA. O mandado de pris\u00e3o indica a apura\u00e7\u00e3o de homic\u00eddio qualificado, expedido pela Vara do \u00danico Of\u00edcio de Passo de Camaragibe\/AL. O custodiado foi encaminhado \u00e0 Delegacia do munic\u00edpio para encaminhamento ao Pres\u00eddio local.<\/p>\t\t\t\t\t\t\t\t<\/div>\n\t\t\t\t<\/div>\n\t\t\t\t\t<\/div>\n\t\t<\/div>\n\t\t\t\t\t<\/div>\n\t\t<\/section>\n\t\t\t\t<\/div>\n\t\t","protected":false},"excerpt":{"rendered":"<p>Pol\u00edcia Civil de Crici\u00fama e de Alagoas, em conjunto com PRF, realizam pris\u00e3o de foragido na Bahia A Divis\u00e3o de Investiga\u00e7\u00e3o Criminal de Crici\u00fama (DIC), da Pol\u00edcia Civil de Santa Catarina, ap\u00f3s interc\u00e2mbio de informa\u00e7\u00f5es com a Pol\u00edcia Civil de Alagoas e com agentes da Pol\u00edcia Rodovi\u00e1ria Federal, identificou um foragido (36 anos) em tr\u00e2nsito, [&hellip;]<\/p>\n","protected":false},"author":5,"featured_media":20440,"comment_status":"closed","ping_status":"open","sticky":false,"template":"","format":"standard","meta":{"_monsterinsights_skip_tracking":false,"_monsterinsights_sitenote_active":false,"_monsterinsights_sitenote_note":"","_monsterinsights_sitenote_category":0,"footnotes":""},"categories":[1],"tags":[],"class_list":["post-20439","post","type-post","status-publish","format-standard","has-post-thumbnail","hentry","category-sem-categoria"],"_links":{"self":[{"href":"https:\/\/pc.sc.gov.br\/index.php?rest_route=\/wp\/v2\/posts\/20439","targetHints":{"allow":["GET"]}}],"collection":[{"href":"https:\/\/pc.sc.gov.br\/index.php?rest_route=\/wp\/v2\/posts"}],"about":[{"href":"https:\/\/pc.sc.gov.br\/index.php?rest_route=\/wp\/v2\/types\/post"}],"author":[{"embeddable":true,"href":"https:\/\/pc.sc.gov.br\/index.php?rest_route=\/wp\/v2\/users\/5"}],"replies":[{"embeddable":true,"href":"https:\/\/pc.sc.gov.br\/index.php?rest_route=%2Fwp%2Fv2%2Fcomments&post=20439"}],"version-history":[{"count":4,"href":"https:\/\/pc.sc.gov.br\/index.php?rest_route=\/wp\/v2\/posts\/20439\/revisions"}],"predecessor-version":[{"id":20444,"href":"https:\/\/pc.sc.gov.br\/index.php?rest_route=\/wp\/v2\/posts\/20439\/revisions\/20444"}],"wp:featuredmedia":[{"embeddable":true,"href":"https:\/\/pc.sc.gov.br\/index.php?rest_route=\/wp\/v2\/media\/20440"}],"wp:attachment":[{"href":"https:\/\/pc.sc.gov.br\/index.php?rest_route=%2Fwp%2Fv2%2Fmedia&parent=20439"}],"wp:term":[{"taxonomy":"category","embeddable":true,"href":"https:\/\/pc.sc.gov.br\/index.php?rest_route=%2Fwp%2Fv2%2Fcategories&post=20439"},{"taxonomy":"post_tag","embeddable":true,"href":"https:\/\/pc.sc.gov.br\/index.php?rest_route=%2Fwp%2Fv2%2Ftags&post=20439"}],"curies":[{"name":"wp","href":"https:\/\/api.w.org\/{rel}","templated":true}]}}