{"id":20445,"date":"2024-05-24T13:00:22","date_gmt":"2024-05-24T16:00:22","guid":{"rendered":"https:\/\/pc.sc.gov.br\/?p=20445"},"modified":"2024-05-24T13:01:05","modified_gmt":"2024-05-24T16:01:05","slug":"policia-civil-prende-casal-por-trafico-de-drogas-e-apreende-20-quilos-de-maconha-em-itajai","status":"publish","type":"post","link":"https:\/\/pc.sc.gov.br\/?p=20445","title":{"rendered":"Pol\u00edcia Civil prende casal por tr\u00e1fico de drogas e apreende 20 quilos de maconha em Itaja\u00ed"},"content":{"rendered":"\t\t<div data-elementor-type=\"wp-post\" data-elementor-id=\"20445\" class=\"elementor elementor-20445\" data-elementor-post-type=\"post\">\n\t\t\t\t\t\t<section class=\"elementor-section elementor-top-section elementor-element elementor-element-b9fd61e elementor-section-boxed elementor-section-height-default elementor-section-height-default\" data-id=\"b9fd61e\" data-element_type=\"section\">\n\t\t\t\t\t\t<div class=\"elementor-container elementor-column-gap-default\">\n\t\t\t\t\t<div class=\"elementor-column elementor-col-100 elementor-top-column elementor-element elementor-element-04d1fbe\" data-id=\"04d1fbe\" data-element_type=\"column\">\n\t\t\t<div class=\"elementor-widget-wrap elementor-element-populated\">\n\t\t\t\t\t\t<div class=\"elementor-element elementor-element-369ccc4 elementor-widget elementor-widget-heading\" data-id=\"369ccc4\" data-element_type=\"widget\" data-widget_type=\"heading.default\">\n\t\t\t\t<div class=\"elementor-widget-container\">\n\t\t\t\t\t<h2 class=\"elementor-heading-title elementor-size-default\">Pol\u00edcia Civil prende casal por tr\u00e1fico de drogas e apreende 20 quilos de maconha em Itaja\u00ed <\/h2>\t\t\t\t<\/div>\n\t\t\t\t<\/div>\n\t\t\t\t\t<\/div>\n\t\t<\/div>\n\t\t\t\t\t<\/div>\n\t\t<\/section>\n\t\t\t\t<section class=\"elementor-section elementor-top-section elementor-element elementor-element-ef6e306 elementor-section-boxed elementor-section-height-default elementor-section-height-default\" data-id=\"ef6e306\" data-element_type=\"section\">\n\t\t\t\t\t\t<div class=\"elementor-container elementor-column-gap-default\">\n\t\t\t\t\t<div class=\"elementor-column elementor-col-100 elementor-top-column elementor-element elementor-element-acb60d5\" data-id=\"acb60d5\" data-element_type=\"column\">\n\t\t\t<div class=\"elementor-widget-wrap elementor-element-populated\">\n\t\t\t\t\t\t<div class=\"elementor-element elementor-element-fc73fe4 elementor-widget elementor-widget-image\" data-id=\"fc73fe4\" data-element_type=\"widget\" data-widget_type=\"image.default\">\n\t\t\t\t<div class=\"elementor-widget-container\">\n\t\t\t\t\t\t\t\t\t\t\t\t\t\t\t<img fetchpriority=\"high\" decoding=\"async\" width=\"696\" height=\"716\" src=\"https:\/\/pc.sc.gov.br\/\/wp-content\/uploads\/2024\/05\/WhatsApp-Image-2024-05-24-at-12.44.14-996x1024.jpeg\" class=\"attachment-large size-large wp-image-20446\" alt=\"\" srcset=\"https:\/\/pc.sc.gov.br\/\/wp-content\/uploads\/2024\/05\/WhatsApp-Image-2024-05-24-at-12.44.14-996x1024.jpeg 996w, https:\/\/pc.sc.gov.br\/\/wp-content\/uploads\/2024\/05\/WhatsApp-Image-2024-05-24-at-12.44.14-292x300.jpeg 292w, https:\/\/pc.sc.gov.br\/\/wp-content\/uploads\/2024\/05\/WhatsApp-Image-2024-05-24-at-12.44.14-768x790.jpeg 768w, https:\/\/pc.sc.gov.br\/\/wp-content\/uploads\/2024\/05\/WhatsApp-Image-2024-05-24-at-12.44.14-1494x1536.jpeg 1494w, https:\/\/pc.sc.gov.br\/\/wp-content\/uploads\/2024\/05\/WhatsApp-Image-2024-05-24-at-12.44.14.jpeg 1556w\" sizes=\"(max-width: 696px) 100vw, 696px\" \/>\t\t\t\t\t\t\t\t\t\t\t\t\t\t\t<\/div>\n\t\t\t\t<\/div>\n\t\t\t\t\t<\/div>\n\t\t<\/div>\n\t\t\t\t\t<\/div>\n\t\t<\/section>\n\t\t\t\t<section class=\"elementor-section elementor-top-section elementor-element elementor-element-084baa5 elementor-section-boxed elementor-section-height-default elementor-section-height-default\" data-id=\"084baa5\" data-element_type=\"section\">\n\t\t\t\t\t\t<div class=\"elementor-container elementor-column-gap-default\">\n\t\t\t\t\t<div class=\"elementor-column elementor-col-100 elementor-top-column elementor-element elementor-element-b412323\" data-id=\"b412323\" data-element_type=\"column\">\n\t\t\t<div class=\"elementor-widget-wrap elementor-element-populated\">\n\t\t\t\t\t\t<div class=\"elementor-element elementor-element-e75480e elementor-widget elementor-widget-text-editor\" data-id=\"e75480e\" data-element_type=\"widget\" data-widget_type=\"text-editor.default\">\n\t\t\t\t<div class=\"elementor-widget-container\">\n\t\t\t\t\t\t\t\t\t<p>Na quinta-feira (23\/05), a Pol\u00edcia Civil de Santa Catarina, por meio da Divis\u00e3o Investiga\u00e7\u00e3o Criminal de Itaja\u00ed (DIC), prendeu um casal pelo crime de tr\u00e1fico de drogas no bairro Murta, em Itaja\u00ed. Ap\u00f3s o recebimento de den\u00fancias an\u00f4nimas sobre a ocorr\u00eancia de tr\u00e1fico de drogas em uma resid\u00eancia, a equipe da DIC de Itaja\u00ed iniciou o monitoramento do local.<\/p><p>No local foi realizada a abordagem do suspeito, logo ap\u00f3s deixar a casa, e com ele foram apreendidas diversas por\u00e7\u00f5es de maconha j\u00e1 embaladas para venda. Em seguida, foi realizada a verifica\u00e7\u00e3o no im\u00f3vel e foram apreendidas na posse do casal aproximadamente 20 quilos de maconha, divididas em tabletes e pequenas por\u00e7\u00f5es j\u00e1 devidamente embaladas pra venda, material para acondicionamento da droga e duas balan\u00e7as de precis\u00e3o.<\/p><p>O casal foi autuado em flagrante pelo crime de tr\u00e1fico de drogas. Os presos foram encaminhados ao Sistema Penitenci\u00e1rio, onde permanecem \u00e0 disposi\u00e7\u00e3o de Justi\u00e7a.<\/p>\t\t\t\t\t\t\t\t<\/div>\n\t\t\t\t<\/div>\n\t\t\t\t\t<\/div>\n\t\t<\/div>\n\t\t\t\t\t<\/div>\n\t\t<\/section>\n\t\t\t\t<\/div>\n\t\t","protected":false},"excerpt":{"rendered":"<p>Pol\u00edcia Civil prende casal por tr\u00e1fico de drogas e apreende 20 quilos de maconha em Itaja\u00ed Na quinta-feira (23\/05), a Pol\u00edcia Civil de Santa Catarina, por meio da Divis\u00e3o Investiga\u00e7\u00e3o Criminal de Itaja\u00ed (DIC), prendeu um casal pelo crime de tr\u00e1fico de drogas no bairro Murta, em Itaja\u00ed. Ap\u00f3s o recebimento de den\u00fancias an\u00f4nimas sobre [&hellip;]<\/p>\n","protected":false},"author":5,"featured_media":20446,"comment_status":"closed","ping_status":"open","sticky":false,"template":"","format":"standard","meta":{"_monsterinsights_skip_tracking":false,"_monsterinsights_sitenote_active":false,"_monsterinsights_sitenote_note":"","_monsterinsights_sitenote_category":0,"footnotes":""},"categories":[1],"tags":[],"class_list":["post-20445","post","type-post","status-publish","format-standard","has-post-thumbnail","hentry","category-sem-categoria"],"_links":{"self":[{"href":"https:\/\/pc.sc.gov.br\/index.php?rest_route=\/wp\/v2\/posts\/20445","targetHints":{"allow":["GET"]}}],"collection":[{"href":"https:\/\/pc.sc.gov.br\/index.php?rest_route=\/wp\/v2\/posts"}],"about":[{"href":"https:\/\/pc.sc.gov.br\/index.php?rest_route=\/wp\/v2\/types\/post"}],"author":[{"embeddable":true,"href":"https:\/\/pc.sc.gov.br\/index.php?rest_route=\/wp\/v2\/users\/5"}],"replies":[{"embeddable":true,"href":"https:\/\/pc.sc.gov.br\/index.php?rest_route=%2Fwp%2Fv2%2Fcomments&post=20445"}],"version-history":[{"count":4,"href":"https:\/\/pc.sc.gov.br\/index.php?rest_route=\/wp\/v2\/posts\/20445\/revisions"}],"predecessor-version":[{"id":20450,"href":"https:\/\/pc.sc.gov.br\/index.php?rest_route=\/wp\/v2\/posts\/20445\/revisions\/20450"}],"wp:featuredmedia":[{"embeddable":true,"href":"https:\/\/pc.sc.gov.br\/index.php?rest_route=\/wp\/v2\/media\/20446"}],"wp:attachment":[{"href":"https:\/\/pc.sc.gov.br\/index.php?rest_route=%2Fwp%2Fv2%2Fmedia&parent=20445"}],"wp:term":[{"taxonomy":"category","embeddable":true,"href":"https:\/\/pc.sc.gov.br\/index.php?rest_route=%2Fwp%2Fv2%2Fcategories&post=20445"},{"taxonomy":"post_tag","embeddable":true,"href":"https:\/\/pc.sc.gov.br\/index.php?rest_route=%2Fwp%2Fv2%2Ftags&post=20445"}],"curies":[{"name":"wp","href":"https:\/\/api.w.org\/{rel}","templated":true}]}}