{"id":20457,"date":"2024-05-24T16:53:42","date_gmt":"2024-05-24T19:53:42","guid":{"rendered":"https:\/\/pc.sc.gov.br\/?p=20457"},"modified":"2024-05-24T16:58:53","modified_gmt":"2024-05-24T19:58:53","slug":"policiais-da-gerencia-de-tecnologia-da-pcsc-realizam-visita-tecnica-a-policia-civil-de-minas-gerais","status":"publish","type":"post","link":"https:\/\/pc.sc.gov.br\/?p=20457","title":{"rendered":"Policiais da Ger\u00eancia de Tecnologia da PCSC realizam visita t\u00e9cnica \u00e0 Pol\u00edcia Civil de Minas Gerais"},"content":{"rendered":"\t\t<div data-elementor-type=\"wp-post\" data-elementor-id=\"20457\" class=\"elementor elementor-20457\" data-elementor-post-type=\"post\">\n\t\t\t\t\t\t<section class=\"elementor-section elementor-top-section elementor-element elementor-element-e3f5c40 elementor-section-boxed elementor-section-height-default elementor-section-height-default\" data-id=\"e3f5c40\" data-element_type=\"section\">\n\t\t\t\t\t\t<div class=\"elementor-container elementor-column-gap-default\">\n\t\t\t\t\t<div class=\"elementor-column elementor-col-100 elementor-top-column elementor-element elementor-element-00810da\" data-id=\"00810da\" data-element_type=\"column\">\n\t\t\t<div class=\"elementor-widget-wrap elementor-element-populated\">\n\t\t\t\t\t\t<div class=\"elementor-element elementor-element-59f719c elementor-widget elementor-widget-heading\" data-id=\"59f719c\" data-element_type=\"widget\" data-widget_type=\"heading.default\">\n\t\t\t\t<div class=\"elementor-widget-container\">\n\t\t\t\t\t<h2 class=\"elementor-heading-title elementor-size-default\">Policiais da Ger\u00eancia de Tecnologia da PCSC realizam visita t\u00e9cnica \u00e0 Pol\u00edcia Civil de Minas Gerais<\/h2>\t\t\t\t<\/div>\n\t\t\t\t<\/div>\n\t\t\t\t\t<\/div>\n\t\t<\/div>\n\t\t\t\t\t<\/div>\n\t\t<\/section>\n\t\t\t\t<section class=\"elementor-section elementor-top-section elementor-element elementor-element-622709d elementor-section-boxed elementor-section-height-default elementor-section-height-default\" data-id=\"622709d\" data-element_type=\"section\">\n\t\t\t\t\t\t<div class=\"elementor-container elementor-column-gap-default\">\n\t\t\t\t\t<div class=\"elementor-column elementor-col-100 elementor-top-column elementor-element elementor-element-e375e4a\" data-id=\"e375e4a\" data-element_type=\"column\">\n\t\t\t<div class=\"elementor-widget-wrap elementor-element-populated\">\n\t\t\t\t\t\t<div class=\"elementor-element elementor-element-979c531 elementor-widget elementor-widget-image\" data-id=\"979c531\" data-element_type=\"widget\" data-widget_type=\"image.default\">\n\t\t\t\t<div class=\"elementor-widget-container\">\n\t\t\t\t\t\t\t\t\t\t\t\t\t\t\t<img fetchpriority=\"high\" decoding=\"async\" width=\"696\" height=\"527\" src=\"https:\/\/pc.sc.gov.br\/\/wp-content\/uploads\/2024\/05\/WhatsApp-Image-2024-05-23-at-10.47.52-1-1024x775.jpeg\" class=\"attachment-large size-large wp-image-20459\" alt=\"\" srcset=\"https:\/\/pc.sc.gov.br\/\/wp-content\/uploads\/2024\/05\/WhatsApp-Image-2024-05-23-at-10.47.52-1-1024x775.jpeg 1024w, https:\/\/pc.sc.gov.br\/\/wp-content\/uploads\/2024\/05\/WhatsApp-Image-2024-05-23-at-10.47.52-1-300x227.jpeg 300w, https:\/\/pc.sc.gov.br\/\/wp-content\/uploads\/2024\/05\/WhatsApp-Image-2024-05-23-at-10.47.52-1-768x581.jpeg 768w, https:\/\/pc.sc.gov.br\/\/wp-content\/uploads\/2024\/05\/WhatsApp-Image-2024-05-23-at-10.47.52-1.jpeg 1280w\" sizes=\"(max-width: 696px) 100vw, 696px\" \/>\t\t\t\t\t\t\t\t\t\t\t\t\t\t\t<\/div>\n\t\t\t\t<\/div>\n\t\t\t\t\t<\/div>\n\t\t<\/div>\n\t\t\t\t\t<\/div>\n\t\t<\/section>\n\t\t\t\t<section class=\"elementor-section elementor-top-section elementor-element elementor-element-4bd6cd2 elementor-section-boxed elementor-section-height-default elementor-section-height-default\" data-id=\"4bd6cd2\" data-element_type=\"section\">\n\t\t\t\t\t\t<div class=\"elementor-container elementor-column-gap-default\">\n\t\t\t\t\t<div class=\"elementor-column elementor-col-100 elementor-top-column elementor-element elementor-element-e46df6a\" data-id=\"e46df6a\" data-element_type=\"column\">\n\t\t\t<div class=\"elementor-widget-wrap elementor-element-populated\">\n\t\t\t\t\t\t<div class=\"elementor-element elementor-element-590dc75 elementor-widget elementor-widget-text-editor\" data-id=\"590dc75\" data-element_type=\"widget\" data-widget_type=\"text-editor.default\">\n\t\t\t\t<div class=\"elementor-widget-container\">\n\t\t\t\t\t\t\t\t\t<p>Policiais civis que integram a Ger\u00eancia de Tecnologia e Informa\u00e7\u00e3o (GETIN) realizaram nesta semana uma visita t\u00e9cnica \u00e0 Policia Civil de Minas Gerais (PCMG). A equipe da PCSC, integrada pelos policiais civis Everton Wiezbicki (Gerente da Getin), Diego Ramos da Silva, Bruno Marcos Esp\u00edndola e o delegado Fl\u00e1vio Silveira que atua na Central de Plant\u00e3o Policial em Joinville conheceram a estrutura da PCMG.&nbsp;<span style=\"font-family: var( --e-global-typography-text-font-family ), Sans-serif; font-size: var( --e-global-typography-text-font-size );\">Em Belo Horizonte, a equipe de policiais catarinenses conheceu o modelo de Plant\u00e3o Digital da PCMG, o fluxo do inqu\u00e9rito digital, entre outras boas pr\u00e1ticas da institui\u00e7\u00e3o.&nbsp;<\/span><\/p>\n<p><span style=\"font-family: var( --e-global-typography-text-font-family ), Sans-serif; font-size: var( --e-global-typography-text-font-size );\">Os policiais tamb\u00e9m visitaram o Instituto de Criminal\u00edstica da Pol\u00edcia Civil, quando receberam informa\u00e7\u00f5es sobre a cadeia de cust\u00f3dia, que \u00e9 o conjunto de procedimentos adotados pelos agentes de seguran\u00e7a p\u00fablica para garantir a integridade e a preserva\u00e7\u00e3o das provas criminais. \u201cO conhecimento de projetos exitosos, como a Central Estadual de Plant\u00e3o Digital e o fluxo do processo do m\u00f3dulo cadeia de cust\u00f3dia da PCMG, s\u00e3o essenciais para o aprimoramento das nossas pr\u00e1ticas em Santa Catarina\u201d, destacou o Gerente da GETIN, Everton Wiezbicki.<\/span><\/p>\t\t\t\t\t\t\t\t<\/div>\n\t\t\t\t<\/div>\n\t\t\t\t\t<\/div>\n\t\t<\/div>\n\t\t\t\t\t<\/div>\n\t\t<\/section>\n\t\t\t\t<\/div>\n\t\t","protected":false},"excerpt":{"rendered":"<p>Policiais da Ger\u00eancia de Tecnologia da PCSC realizam visita t\u00e9cnica \u00e0 Pol\u00edcia Civil de Minas Gerais Policiais civis que integram a Ger\u00eancia de Tecnologia e Informa\u00e7\u00e3o (GETIN) realizaram nesta semana uma visita t\u00e9cnica \u00e0 Policia Civil de Minas Gerais (PCMG). A equipe da PCSC, integrada pelos policiais civis Everton Wiezbicki (Gerente da Getin), Diego Ramos [&hellip;]<\/p>\n","protected":false},"author":5,"featured_media":20458,"comment_status":"closed","ping_status":"open","sticky":false,"template":"","format":"standard","meta":{"_monsterinsights_skip_tracking":false,"_monsterinsights_sitenote_active":false,"_monsterinsights_sitenote_note":"","_monsterinsights_sitenote_category":0,"footnotes":""},"categories":[1],"tags":[],"class_list":["post-20457","post","type-post","status-publish","format-standard","has-post-thumbnail","hentry","category-sem-categoria"],"_links":{"self":[{"href":"https:\/\/pc.sc.gov.br\/index.php?rest_route=\/wp\/v2\/posts\/20457","targetHints":{"allow":["GET"]}}],"collection":[{"href":"https:\/\/pc.sc.gov.br\/index.php?rest_route=\/wp\/v2\/posts"}],"about":[{"href":"https:\/\/pc.sc.gov.br\/index.php?rest_route=\/wp\/v2\/types\/post"}],"author":[{"embeddable":true,"href":"https:\/\/pc.sc.gov.br\/index.php?rest_route=\/wp\/v2\/users\/5"}],"replies":[{"embeddable":true,"href":"https:\/\/pc.sc.gov.br\/index.php?rest_route=%2Fwp%2Fv2%2Fcomments&post=20457"}],"version-history":[{"count":3,"href":"https:\/\/pc.sc.gov.br\/index.php?rest_route=\/wp\/v2\/posts\/20457\/revisions"}],"predecessor-version":[{"id":20462,"href":"https:\/\/pc.sc.gov.br\/index.php?rest_route=\/wp\/v2\/posts\/20457\/revisions\/20462"}],"wp:featuredmedia":[{"embeddable":true,"href":"https:\/\/pc.sc.gov.br\/index.php?rest_route=\/wp\/v2\/media\/20458"}],"wp:attachment":[{"href":"https:\/\/pc.sc.gov.br\/index.php?rest_route=%2Fwp%2Fv2%2Fmedia&parent=20457"}],"wp:term":[{"taxonomy":"category","embeddable":true,"href":"https:\/\/pc.sc.gov.br\/index.php?rest_route=%2Fwp%2Fv2%2Fcategories&post=20457"},{"taxonomy":"post_tag","embeddable":true,"href":"https:\/\/pc.sc.gov.br\/index.php?rest_route=%2Fwp%2Fv2%2Ftags&post=20457"}],"curies":[{"name":"wp","href":"https:\/\/api.w.org\/{rel}","templated":true}]}}