{"id":20463,"date":"2024-05-24T17:42:26","date_gmt":"2024-05-24T20:42:26","guid":{"rendered":"https:\/\/pc.sc.gov.br\/?p=20463"},"modified":"2024-05-24T17:45:45","modified_gmt":"2024-05-24T20:45:45","slug":"policia-civil-prende-dois-suspeitos-pelo-crime-de-trafico-de-drogas-em-itajai","status":"publish","type":"post","link":"https:\/\/pc.sc.gov.br\/?p=20463","title":{"rendered":"Pol\u00edcia Civil prende dois suspeitos pelo crime de tr\u00e1fico de drogas em Itaja\u00ed"},"content":{"rendered":"\t\t<div data-elementor-type=\"wp-post\" data-elementor-id=\"20463\" class=\"elementor elementor-20463\" data-elementor-post-type=\"post\">\n\t\t\t\t\t\t<section class=\"elementor-section elementor-top-section elementor-element elementor-element-423dba5 elementor-section-boxed elementor-section-height-default elementor-section-height-default\" data-id=\"423dba5\" data-element_type=\"section\">\n\t\t\t\t\t\t<div class=\"elementor-container elementor-column-gap-default\">\n\t\t\t\t\t<div class=\"elementor-column elementor-col-100 elementor-top-column elementor-element elementor-element-f3ddda3\" data-id=\"f3ddda3\" data-element_type=\"column\">\n\t\t\t<div class=\"elementor-widget-wrap elementor-element-populated\">\n\t\t\t\t\t\t<div class=\"elementor-element elementor-element-0f8bd6e elementor-widget elementor-widget-heading\" data-id=\"0f8bd6e\" data-element_type=\"widget\" data-widget_type=\"heading.default\">\n\t\t\t\t<div class=\"elementor-widget-container\">\n\t\t\t\t\t<h2 class=\"elementor-heading-title elementor-size-default\">Pol\u00edcia Civil prende dois suspeitos pelo crime de tr\u00e1fico de drogas em Itaja\u00ed<\/h2>\t\t\t\t<\/div>\n\t\t\t\t<\/div>\n\t\t\t\t\t<\/div>\n\t\t<\/div>\n\t\t\t\t\t<\/div>\n\t\t<\/section>\n\t\t\t\t<section class=\"elementor-section elementor-top-section elementor-element elementor-element-414bc05 elementor-section-boxed elementor-section-height-default elementor-section-height-default\" data-id=\"414bc05\" data-element_type=\"section\">\n\t\t\t\t\t\t<div class=\"elementor-container elementor-column-gap-default\">\n\t\t\t\t\t<div class=\"elementor-column elementor-col-100 elementor-top-column elementor-element elementor-element-73ab3aa\" data-id=\"73ab3aa\" data-element_type=\"column\">\n\t\t\t<div class=\"elementor-widget-wrap elementor-element-populated\">\n\t\t\t\t\t\t<div class=\"elementor-element elementor-element-3ac7de2 elementor-widget elementor-widget-image\" data-id=\"3ac7de2\" data-element_type=\"widget\" data-widget_type=\"image.default\">\n\t\t\t\t<div class=\"elementor-widget-container\">\n\t\t\t\t\t\t\t\t\t\t\t\t\t\t\t<img fetchpriority=\"high\" decoding=\"async\" width=\"696\" height=\"506\" src=\"https:\/\/pc.sc.gov.br\/\/wp-content\/uploads\/2024\/05\/568b4195-5b54-4650-a3d9-3a9bc45679c1-fotor-2024052417555-1024x745.jpg\" class=\"attachment-large size-large wp-image-20464\" alt=\"\" srcset=\"https:\/\/pc.sc.gov.br\/\/wp-content\/uploads\/2024\/05\/568b4195-5b54-4650-a3d9-3a9bc45679c1-fotor-2024052417555-1024x745.jpg 1024w, https:\/\/pc.sc.gov.br\/\/wp-content\/uploads\/2024\/05\/568b4195-5b54-4650-a3d9-3a9bc45679c1-fotor-2024052417555-300x218.jpg 300w, https:\/\/pc.sc.gov.br\/\/wp-content\/uploads\/2024\/05\/568b4195-5b54-4650-a3d9-3a9bc45679c1-fotor-2024052417555-768x559.jpg 768w, https:\/\/pc.sc.gov.br\/\/wp-content\/uploads\/2024\/05\/568b4195-5b54-4650-a3d9-3a9bc45679c1-fotor-2024052417555.jpg 1171w\" sizes=\"(max-width: 696px) 100vw, 696px\" \/>\t\t\t\t\t\t\t\t\t\t\t\t\t\t\t<\/div>\n\t\t\t\t<\/div>\n\t\t\t\t\t<\/div>\n\t\t<\/div>\n\t\t\t\t\t<\/div>\n\t\t<\/section>\n\t\t\t\t<section class=\"elementor-section elementor-top-section elementor-element elementor-element-5ca1e6e elementor-section-boxed elementor-section-height-default elementor-section-height-default\" data-id=\"5ca1e6e\" data-element_type=\"section\">\n\t\t\t\t\t\t<div class=\"elementor-container elementor-column-gap-default\">\n\t\t\t\t\t<div class=\"elementor-column elementor-col-100 elementor-top-column elementor-element elementor-element-dcae537\" data-id=\"dcae537\" data-element_type=\"column\">\n\t\t\t<div class=\"elementor-widget-wrap elementor-element-populated\">\n\t\t\t\t\t\t<div class=\"elementor-element elementor-element-fc899fb elementor-widget elementor-widget-text-editor\" data-id=\"fc899fb\" data-element_type=\"widget\" data-widget_type=\"text-editor.default\">\n\t\t\t\t<div class=\"elementor-widget-container\">\n\t\t\t\t\t\t\t\t\t<p>A Pol\u00edcia Civil de Santa Catarina, por meio da Divis\u00e3o de Investiga\u00e7\u00e3o Criminal de Itaja\u00ed (DIC), deflagrou nesta sexta-feira (14) uma opera\u00e7\u00e3o pra cumprimento de 10 ordens judiciais, sendo seis mandados de busca e apreens\u00e3o e quatro mandados de pris\u00e3o preventiva. A a\u00e7\u00e3o policial se refere a inqu\u00e9rito policial que apura os crimes de tr\u00e1fico de drogas e organiza\u00e7\u00e3o criminosa na regi\u00e3o de Itaja\u00ed. As dilig\u00eancias ocorreram nos bairros S\u00e3o Vicente e Cidade Nova.\u00a0<\/p><p>Foram apreendidas por\u00e7\u00f5es de maconha e coca\u00edna, dinheiro e celulares para a continuidade das investiga\u00e7\u00f5es. Tamb\u00e9m foi dado cumprimento a um mandado de pris\u00e3o preventiva e um suspeito foi autuado em flagrante delito pelo crime de tr\u00e1fico de drogas. Os presos foram encaminhados ao Sistema Prisional Catarinense, onde permanecem \u00e0 disposi\u00e7\u00e3o da Justi\u00e7a.<\/p><p>As dilig\u00eancias contaram com apoio do N\u00facleo de Opera\u00e7\u00f5es com C\u00e3es de Itaja\u00ed e Joinville (NOC\/PCSC), do Setor de Investiga\u00e7\u00e3o de Itaja\u00ed (SIC), da DPCAMI de Itaja\u00ed e das DPCOs de Navegantes, Balne\u00e1rio Pi\u00e7arras e Penha.<\/p>\t\t\t\t\t\t\t\t<\/div>\n\t\t\t\t<\/div>\n\t\t\t\t\t<\/div>\n\t\t<\/div>\n\t\t\t\t\t<\/div>\n\t\t<\/section>\n\t\t\t\t<\/div>\n\t\t","protected":false},"excerpt":{"rendered":"<p>Pol\u00edcia Civil prende dois suspeitos pelo crime de tr\u00e1fico de drogas em Itaja\u00ed A Pol\u00edcia Civil de Santa Catarina, por meio da Divis\u00e3o de Investiga\u00e7\u00e3o Criminal de Itaja\u00ed (DIC), deflagrou nesta sexta-feira (14) uma opera\u00e7\u00e3o pra cumprimento de 10 ordens judiciais, sendo seis mandados de busca e apreens\u00e3o e quatro mandados de pris\u00e3o preventiva. A [&hellip;]<\/p>\n","protected":false},"author":5,"featured_media":20464,"comment_status":"closed","ping_status":"open","sticky":false,"template":"","format":"standard","meta":{"_monsterinsights_skip_tracking":false,"_monsterinsights_sitenote_active":false,"_monsterinsights_sitenote_note":"","_monsterinsights_sitenote_category":0,"footnotes":""},"categories":[1],"tags":[],"class_list":["post-20463","post","type-post","status-publish","format-standard","has-post-thumbnail","hentry","category-sem-categoria"],"_links":{"self":[{"href":"https:\/\/pc.sc.gov.br\/index.php?rest_route=\/wp\/v2\/posts\/20463","targetHints":{"allow":["GET"]}}],"collection":[{"href":"https:\/\/pc.sc.gov.br\/index.php?rest_route=\/wp\/v2\/posts"}],"about":[{"href":"https:\/\/pc.sc.gov.br\/index.php?rest_route=\/wp\/v2\/types\/post"}],"author":[{"embeddable":true,"href":"https:\/\/pc.sc.gov.br\/index.php?rest_route=\/wp\/v2\/users\/5"}],"replies":[{"embeddable":true,"href":"https:\/\/pc.sc.gov.br\/index.php?rest_route=%2Fwp%2Fv2%2Fcomments&post=20463"}],"version-history":[{"count":4,"href":"https:\/\/pc.sc.gov.br\/index.php?rest_route=\/wp\/v2\/posts\/20463\/revisions"}],"predecessor-version":[{"id":20468,"href":"https:\/\/pc.sc.gov.br\/index.php?rest_route=\/wp\/v2\/posts\/20463\/revisions\/20468"}],"wp:featuredmedia":[{"embeddable":true,"href":"https:\/\/pc.sc.gov.br\/index.php?rest_route=\/wp\/v2\/media\/20464"}],"wp:attachment":[{"href":"https:\/\/pc.sc.gov.br\/index.php?rest_route=%2Fwp%2Fv2%2Fmedia&parent=20463"}],"wp:term":[{"taxonomy":"category","embeddable":true,"href":"https:\/\/pc.sc.gov.br\/index.php?rest_route=%2Fwp%2Fv2%2Fcategories&post=20463"},{"taxonomy":"post_tag","embeddable":true,"href":"https:\/\/pc.sc.gov.br\/index.php?rest_route=%2Fwp%2Fv2%2Ftags&post=20463"}],"curies":[{"name":"wp","href":"https:\/\/api.w.org\/{rel}","templated":true}]}}