{"id":20480,"date":"2024-05-24T18:31:11","date_gmt":"2024-05-24T21:31:11","guid":{"rendered":"https:\/\/pc.sc.gov.br\/?p=20480"},"modified":"2024-05-24T18:32:55","modified_gmt":"2024-05-24T21:32:55","slug":"em-fortaleza-pcsc-efetua-prisao-de-estelionatario-com-apoio-da-policia-civil-do-ceara","status":"publish","type":"post","link":"https:\/\/pc.sc.gov.br\/?p=20480","title":{"rendered":"Em Fortaleza, PCSC efetua pris\u00e3o de estelionat\u00e1rio com apoio da Pol\u00edcia Civil do Cear\u00e1"},"content":{"rendered":"\t\t<div data-elementor-type=\"wp-post\" data-elementor-id=\"20480\" class=\"elementor elementor-20480\" data-elementor-post-type=\"post\">\n\t\t\t\t\t\t<section class=\"elementor-section elementor-top-section elementor-element elementor-element-6ce3bad elementor-section-boxed elementor-section-height-default elementor-section-height-default\" data-id=\"6ce3bad\" data-element_type=\"section\">\n\t\t\t\t\t\t<div class=\"elementor-container elementor-column-gap-default\">\n\t\t\t\t\t<div class=\"elementor-column elementor-col-100 elementor-top-column elementor-element elementor-element-e86b97a\" data-id=\"e86b97a\" data-element_type=\"column\">\n\t\t\t<div class=\"elementor-widget-wrap elementor-element-populated\">\n\t\t\t\t\t\t<div class=\"elementor-element elementor-element-9b38b68 elementor-widget elementor-widget-heading\" data-id=\"9b38b68\" data-element_type=\"widget\" data-widget_type=\"heading.default\">\n\t\t\t\t<div class=\"elementor-widget-container\">\n\t\t\t\t\t<h2 class=\"elementor-heading-title elementor-size-default\">Em Fortaleza, PCSC efetua pris\u00e3o de estelionat\u00e1rio com apoio da Pol\u00edcia Civil do Cear\u00e1<\/h2>\t\t\t\t<\/div>\n\t\t\t\t<\/div>\n\t\t\t\t\t<\/div>\n\t\t<\/div>\n\t\t\t\t\t<\/div>\n\t\t<\/section>\n\t\t\t\t<section class=\"elementor-section elementor-top-section elementor-element elementor-element-081a517 elementor-section-boxed elementor-section-height-default elementor-section-height-default\" data-id=\"081a517\" data-element_type=\"section\">\n\t\t\t\t\t\t<div class=\"elementor-container elementor-column-gap-default\">\n\t\t\t\t\t<div class=\"elementor-column elementor-col-100 elementor-top-column elementor-element elementor-element-2266d77\" data-id=\"2266d77\" data-element_type=\"column\">\n\t\t\t<div class=\"elementor-widget-wrap elementor-element-populated\">\n\t\t\t\t\t\t<div class=\"elementor-element elementor-element-c23a5d6 elementor-widget elementor-widget-image\" data-id=\"c23a5d6\" data-element_type=\"widget\" data-widget_type=\"image.default\">\n\t\t\t\t<div class=\"elementor-widget-container\">\n\t\t\t\t\t\t\t\t\t\t\t\t\t\t\t<img fetchpriority=\"high\" decoding=\"async\" width=\"696\" height=\"583\" src=\"https:\/\/pc.sc.gov.br\/\/wp-content\/uploads\/2024\/05\/52798047036_d7bc95aaed_k-fotor-20231101135311-2.jpg\" class=\"attachment-large size-large wp-image-20481\" alt=\"\" srcset=\"https:\/\/pc.sc.gov.br\/\/wp-content\/uploads\/2024\/05\/52798047036_d7bc95aaed_k-fotor-20231101135311-2.jpg 961w, https:\/\/pc.sc.gov.br\/\/wp-content\/uploads\/2024\/05\/52798047036_d7bc95aaed_k-fotor-20231101135311-2-300x251.jpg 300w, https:\/\/pc.sc.gov.br\/\/wp-content\/uploads\/2024\/05\/52798047036_d7bc95aaed_k-fotor-20231101135311-2-768x643.jpg 768w\" sizes=\"(max-width: 696px) 100vw, 696px\" \/>\t\t\t\t\t\t\t\t\t\t\t\t\t\t\t<\/div>\n\t\t\t\t<\/div>\n\t\t\t\t\t<\/div>\n\t\t<\/div>\n\t\t\t\t\t<\/div>\n\t\t<\/section>\n\t\t\t\t<section class=\"elementor-section elementor-top-section elementor-element elementor-element-83a3067 elementor-section-boxed elementor-section-height-default elementor-section-height-default\" data-id=\"83a3067\" data-element_type=\"section\">\n\t\t\t\t\t\t<div class=\"elementor-container elementor-column-gap-default\">\n\t\t\t\t\t<div class=\"elementor-column elementor-col-100 elementor-top-column elementor-element elementor-element-beb670c\" data-id=\"beb670c\" data-element_type=\"column\">\n\t\t\t<div class=\"elementor-widget-wrap elementor-element-populated\">\n\t\t\t\t\t\t<div class=\"elementor-element elementor-element-9596c7b elementor-widget elementor-widget-text-editor\" data-id=\"9596c7b\" data-element_type=\"widget\" data-widget_type=\"text-editor.default\">\n\t\t\t\t<div class=\"elementor-widget-container\">\n\t\t\t\t\t\t\t\t\t<p>A Pol\u00edcia Civil de Santa Catarina, por meio da Divis\u00e3o de Combate a Estelionatos do Departamento de Investiga\u00e7\u00e3o Criminal da Capital (DCE\/DIC), em colabora\u00e7\u00e3o com a Pol\u00edcia Civil do Cear\u00e1, por interm\u00e9dio da Delegacia de Defrauda\u00e7\u00f5es e Falsifica\u00e7\u00f5es, cumpriu mandado de pris\u00e3o preventiva contra um estelionat\u00e1rio.\u00a0<\/p><p>As investiga\u00e7\u00f5es foram iniciadas em mar\u00e7o de 2023, ap\u00f3s um idoso, morador de Florian\u00f3polis ser v\u00edtima do \u201dgolpe do precat\u00f3rio&#8221;, resultando em um preju\u00edzo de aproximadamente R$ 44 mil. As quebras de sigilo conduzidas pela Divis\u00e3o de Estelionatos de Florian\u00f3polis possibilitaram a identifica\u00e7\u00e3o do autor do crime.<\/p><p>Com o mandado de pris\u00e3o expedido, a Delegacia de Defrauda\u00e7\u00f5es e Falsifica\u00e7\u00f5es de Fortaleza localizou e prendeu o investigado em Fortaleza. Durante a opera\u00e7\u00e3o, foram apreendidos um ve\u00edculo Jeep\/Compass, o telefone celular do investigado e diversos documentos falsificados.<\/p><p>O estelionat\u00e1rio j\u00e1 havia sido detido anteriormente pela Pol\u00edcia Civil do Piau\u00ed e pela Pol\u00edcia Federal em casos similares. Na \u201cOpera\u00e7\u00e3o Valentina\u201d, deflagrada pela PF, ele foi preso junto a outros 10 indiv\u00edduos, acusados de defraudar mais de mil v\u00edtimas em todo o Brasil, causando um preju\u00edzo total superior a R$ 7,5 milh\u00f5es.<\/p>\t\t\t\t\t\t\t\t<\/div>\n\t\t\t\t<\/div>\n\t\t\t\t\t<\/div>\n\t\t<\/div>\n\t\t\t\t\t<\/div>\n\t\t<\/section>\n\t\t\t\t<\/div>\n\t\t","protected":false},"excerpt":{"rendered":"<p>Em Fortaleza, PCSC efetua pris\u00e3o de estelionat\u00e1rio com apoio da Pol\u00edcia Civil do Cear\u00e1 A Pol\u00edcia Civil de Santa Catarina, por meio da Divis\u00e3o de Combate a Estelionatos do Departamento de Investiga\u00e7\u00e3o Criminal da Capital (DCE\/DIC), em colabora\u00e7\u00e3o com a Pol\u00edcia Civil do Cear\u00e1, por interm\u00e9dio da Delegacia de Defrauda\u00e7\u00f5es e Falsifica\u00e7\u00f5es, cumpriu mandado de [&hellip;]<\/p>\n","protected":false},"author":5,"featured_media":20481,"comment_status":"closed","ping_status":"open","sticky":false,"template":"","format":"standard","meta":{"_monsterinsights_skip_tracking":false,"_monsterinsights_sitenote_active":false,"_monsterinsights_sitenote_note":"","_monsterinsights_sitenote_category":0,"footnotes":""},"categories":[1],"tags":[],"class_list":["post-20480","post","type-post","status-publish","format-standard","has-post-thumbnail","hentry","category-sem-categoria"],"_links":{"self":[{"href":"https:\/\/pc.sc.gov.br\/index.php?rest_route=\/wp\/v2\/posts\/20480","targetHints":{"allow":["GET"]}}],"collection":[{"href":"https:\/\/pc.sc.gov.br\/index.php?rest_route=\/wp\/v2\/posts"}],"about":[{"href":"https:\/\/pc.sc.gov.br\/index.php?rest_route=\/wp\/v2\/types\/post"}],"author":[{"embeddable":true,"href":"https:\/\/pc.sc.gov.br\/index.php?rest_route=\/wp\/v2\/users\/5"}],"replies":[{"embeddable":true,"href":"https:\/\/pc.sc.gov.br\/index.php?rest_route=%2Fwp%2Fv2%2Fcomments&post=20480"}],"version-history":[{"count":3,"href":"https:\/\/pc.sc.gov.br\/index.php?rest_route=\/wp\/v2\/posts\/20480\/revisions"}],"predecessor-version":[{"id":20484,"href":"https:\/\/pc.sc.gov.br\/index.php?rest_route=\/wp\/v2\/posts\/20480\/revisions\/20484"}],"wp:featuredmedia":[{"embeddable":true,"href":"https:\/\/pc.sc.gov.br\/index.php?rest_route=\/wp\/v2\/media\/20481"}],"wp:attachment":[{"href":"https:\/\/pc.sc.gov.br\/index.php?rest_route=%2Fwp%2Fv2%2Fmedia&parent=20480"}],"wp:term":[{"taxonomy":"category","embeddable":true,"href":"https:\/\/pc.sc.gov.br\/index.php?rest_route=%2Fwp%2Fv2%2Fcategories&post=20480"},{"taxonomy":"post_tag","embeddable":true,"href":"https:\/\/pc.sc.gov.br\/index.php?rest_route=%2Fwp%2Fv2%2Ftags&post=20480"}],"curies":[{"name":"wp","href":"https:\/\/api.w.org\/{rel}","templated":true}]}}