{"id":20503,"date":"2024-05-27T15:58:03","date_gmt":"2024-05-27T18:58:03","guid":{"rendered":"https:\/\/pc.sc.gov.br\/?p=20503"},"modified":"2024-05-27T15:59:17","modified_gmt":"2024-05-27T18:59:17","slug":"governador-jorginho-mello-assina-licitacao-para-a-construcao-da-nova-delegacia-de-capinzal","status":"publish","type":"post","link":"https:\/\/pc.sc.gov.br\/?p=20503","title":{"rendered":"Governador Jorginho Mello assina licita\u00e7\u00e3o para a constru\u00e7\u00e3o da nova delegacia de Capinzal"},"content":{"rendered":"\t\t<div data-elementor-type=\"wp-post\" data-elementor-id=\"20503\" class=\"elementor elementor-20503\" data-elementor-post-type=\"post\">\n\t\t\t\t\t\t<section class=\"elementor-section elementor-top-section elementor-element elementor-element-0d85d67 elementor-section-boxed elementor-section-height-default elementor-section-height-default\" data-id=\"0d85d67\" data-element_type=\"section\">\n\t\t\t\t\t\t<div class=\"elementor-container elementor-column-gap-default\">\n\t\t\t\t\t<div class=\"elementor-column elementor-col-100 elementor-top-column elementor-element elementor-element-6b52d94\" data-id=\"6b52d94\" data-element_type=\"column\">\n\t\t\t<div class=\"elementor-widget-wrap elementor-element-populated\">\n\t\t\t\t\t\t<div class=\"elementor-element elementor-element-49409ba elementor-widget elementor-widget-heading\" data-id=\"49409ba\" data-element_type=\"widget\" data-widget_type=\"heading.default\">\n\t\t\t\t<div class=\"elementor-widget-container\">\n\t\t\t\t\t<h2 class=\"elementor-heading-title elementor-size-default\">Governador Jorginho Mello assina licita\u00e7\u00e3o para a constru\u00e7\u00e3o da nova delegacia de Capinzal<\/h2>\t\t\t\t<\/div>\n\t\t\t\t<\/div>\n\t\t\t\t\t<\/div>\n\t\t<\/div>\n\t\t\t\t\t<\/div>\n\t\t<\/section>\n\t\t\t\t<section class=\"elementor-section elementor-top-section elementor-element elementor-element-c2cbe07 elementor-section-boxed elementor-section-height-default elementor-section-height-default\" data-id=\"c2cbe07\" data-element_type=\"section\">\n\t\t\t\t\t\t<div class=\"elementor-container elementor-column-gap-default\">\n\t\t\t\t\t<div class=\"elementor-column elementor-col-100 elementor-top-column elementor-element elementor-element-1a0006d\" data-id=\"1a0006d\" data-element_type=\"column\">\n\t\t\t<div class=\"elementor-widget-wrap elementor-element-populated\">\n\t\t\t\t\t\t<div class=\"elementor-element elementor-element-fc5173b elementor-widget elementor-widget-image\" data-id=\"fc5173b\" data-element_type=\"widget\" data-widget_type=\"image.default\">\n\t\t\t\t<div class=\"elementor-widget-container\">\n\t\t\t\t\t\t\t\t\t\t\t\t\t\t\t<img fetchpriority=\"high\" decoding=\"async\" width=\"696\" height=\"447\" src=\"https:\/\/pc.sc.gov.br\/\/wp-content\/uploads\/2024\/05\/FOTO-2-1024x657.jpg\" class=\"attachment-large size-large wp-image-20510\" alt=\"\" srcset=\"https:\/\/pc.sc.gov.br\/\/wp-content\/uploads\/2024\/05\/FOTO-2-1024x657.jpg 1024w, https:\/\/pc.sc.gov.br\/\/wp-content\/uploads\/2024\/05\/FOTO-2-300x192.jpg 300w, https:\/\/pc.sc.gov.br\/\/wp-content\/uploads\/2024\/05\/FOTO-2-768x493.jpg 768w, https:\/\/pc.sc.gov.br\/\/wp-content\/uploads\/2024\/05\/FOTO-2.jpg 1500w\" sizes=\"(max-width: 696px) 100vw, 696px\" \/>\t\t\t\t\t\t\t\t\t\t\t\t\t\t\t<\/div>\n\t\t\t\t<\/div>\n\t\t\t\t\t<\/div>\n\t\t<\/div>\n\t\t\t\t\t<\/div>\n\t\t<\/section>\n\t\t\t\t<section class=\"elementor-section elementor-top-section elementor-element elementor-element-d7f0f43 elementor-section-boxed elementor-section-height-default elementor-section-height-default\" data-id=\"d7f0f43\" data-element_type=\"section\">\n\t\t\t\t\t\t<div class=\"elementor-container elementor-column-gap-default\">\n\t\t\t\t\t<div class=\"elementor-column elementor-col-100 elementor-top-column elementor-element elementor-element-a208d61\" data-id=\"a208d61\" data-element_type=\"column\">\n\t\t\t<div class=\"elementor-widget-wrap elementor-element-populated\">\n\t\t\t\t\t\t<div class=\"elementor-element elementor-element-16a1d47 elementor-widget elementor-widget-text-editor\" data-id=\"16a1d47\" data-element_type=\"widget\" data-widget_type=\"text-editor.default\">\n\t\t\t\t<div class=\"elementor-widget-container\">\n\t\t\t\t\t\t\t\t\t<p>O governador Jorginho Mello assinou na sexta-feira (24) a autoriza\u00e7\u00e3o para dar in\u00edcio \u00e0 licita\u00e7\u00e3o da obra da nova Delegacia de Pol\u00edcia de Capinzal. No ato, que contou com a presen\u00e7a do delegado-geral da PCSC, Ulisses Gabriel, tamb\u00e9m foi inaugurada formalmente a Sala Lil\u00e1s, importante equipamento para defesa e prote\u00e7\u00e3o de mulheres v\u00edtimas de viol\u00eancia dom\u00e9stica.<\/p>\n<p>O novo pr\u00e9dio que ser\u00e1 constru\u00eddo para receber a Delegacia de Pol\u00edcia de Capinzal vai suprir todas as demandas identificadas pelas equipes e a amplia\u00e7\u00e3o do espa\u00e7o para atendimento ao p\u00fablico, dever\u00e1 proporcionar instala\u00e7\u00f5es dignas e arejadas com maior seguran\u00e7a e acessibilidade. O valor do investimento feito pelo Governo do Estado \u00e9 no valor de R$ 3 milh\u00f5es.<\/p>\n<p>O governador Jorginho Mello explica como o investimento de uma nova delegacia para o munic\u00edpio, ir\u00e1 entregar uma estrutura mais equipada para a pol\u00edcia civil de capinzal. \u201cPor isso que somos o estado mais seguro do Brasil, investimos em todas as nossas for\u00e7as de seguran\u00e7a p\u00fablica. Assino aqui hoje a licita\u00e7\u00e3o para iniciar a constru\u00e7\u00e3o da nova delegacia e aprimorar a seguran\u00e7a de capinzal\u201d.<\/p>\n<p>\u201cEstaremos melhorando a estrutura da nossa pol\u00edcia civil, ser\u00e1 um trabalho feito por diversas m\u00e3os. O munic\u00edpio \u00e9 parceiro do governo do estado, iremos ceder o terreno do munic\u00edpio para haver uma nova delegacia para a nossa popula\u00e7\u00e3o\u201d, enfatiza o prefeito de capinzal, Nilvo Dorini.<\/p>\n<p>O delegado geral da pol\u00edcia civil de Santa Catarina, Ulisses Gabriel, enfatiza a aten\u00e7\u00e3o e o cuidado que o governador vem apresentando para todas as for\u00e7as de seguran\u00e7a p\u00fablica do estado. \u201cO nosso governador tem rodado todo o estado realizando entregas a seguran\u00e7a p\u00fablica e mantendo o nosso estado o mais seguro do pa\u00eds. Estamos tendo um grande investimento na seguran\u00e7a p\u00fablica, antes nunca visto na hist\u00f3ria de Santa Catarina e temos um governador que se preocupa n\u00e3o s\u00f3 apenas com a nossa pol\u00edcia civil, mas com todas as for\u00e7as de seguran\u00e7a p\u00fablica\u201d.<\/p>\n<p>A Delegacia da Comarca de Capinzal tamb\u00e9m recebe a partir desta sexta-feira o novo delegado de Pol\u00edcia, Eduardo Pedrini. Ele ingressou na PCSC em 2019, iniciando suas atividades em S\u00e3o Joaquim. Em 2023 foi designado para atuar na 2\u00aa DP de Lages e, agora, passa a atuar em Capinzal.<\/p>\n<p>\u201cVim de Lages para me inteirar de como os processos s\u00e3o feitos aqui em capinzal. Espero entregar um trabalho de excel\u00eancia, ao qual foi me confiado pelo governador Jorginho Mello e pelo delegado Ulisses\u201d, disse Eduardo Pedrini.<\/p>\n<p><b>Sala Lil\u00e1s<\/b><\/p>\n<p>Dentre os in\u00fameros servi\u00e7os prestados pela Pol\u00edcia Civil em Capinzal merece destaque o atendimento especializado \u00e0s v\u00edtimas de viol\u00eancia dom\u00e9stica. Por isso, a atual delegacia destinou uma \u00e1rea para a instala\u00e7\u00e3o da Sala Lil\u00e1s, espa\u00e7o para acolher mulheres v\u00edtimas de viol\u00eancia. Localizada no atual pr\u00e9dio da delegacia, a Sala Lil\u00e1s \u00e9 um espa\u00e7o criado para prestar atendimento especializado e humanizado \u00e0s mulheres que sofreram viol\u00eancia f\u00edsica e sexual, evitando que a v\u00edtima fique exposta na delegacia.<\/p>\n<p>De acordo com a delegada Patr\u00edcia Zimmermann, Coordenadora estadual das Delegacias de Prote\u00e7\u00e3o \u00e0 Crian\u00e7a, ao Adolescente, \u00e0 Mulher e ao Idoso, a arquitetura da sala contempla uma necessidade b\u00e1sica da v\u00edtima de viol\u00eancia: o acolhimento e a garantia de seguran\u00e7a. \u201cComo muitas vezes a m\u00e3e chega \u00e0 unidade policial, acompanhada dos filhos, a sala tem uma brinquedoteca, \u00e1rea reservada para receber crian\u00e7a. Equipado com biblioteca, jogos e brinquedos, a espa\u00e7o traz conforto para a crian\u00e7a enquanto a m\u00e3e faz o seu relato \u00e0 autoridade policial\u201d, destacou a delegada Patr\u00edcia.<\/p>\n<p>Esta \u00e9 a 30\u00aa Sala lil\u00e1s inaugurada em Santa Catarina. O espa\u00e7o, entregue formalmente nesta sexta-feira, 24, \u00e0 comunidade j\u00e1 est\u00e1 em atividade desde junho do ano passado. Neste per\u00edodo j\u00e1 foram realizados mais de 100 atendimentos de casos de viol\u00eancia envolvendo mulheres, idosos, crian\u00e7as e adolescentes.<\/p>\n<p>A prote\u00e7\u00e3o \u00e0s mulheres v\u00edtimas de viol\u00eancia \u00e9 uma diretriz do governador Jorginho Mello que sempre destaca a import\u00e2ncia da atua\u00e7\u00e3o conjunta de todas as for\u00e7as de seguran\u00e7a \u2013 cada uma dentro de sua compet\u00eancia \u2013 para dar celeridade no atendimento e garantir a prote\u00e7\u00e3o de qualquer pessoa que seja v\u00edtima de viol\u00eancia. A Pol\u00edcia Civil de Santa Catarina , assim como a Pol\u00edcia Militar, Pol\u00edcia Cient\u00edfica e Corpo de Bombeiros Militar t\u00eam programas voltados para proteger e fortalecer as mulheres v\u00edtimas de algum tipo de viol\u00eancia.<\/p>\n<p>Desde que assumiu o comando do estado de Santa Catarina, o governador Jorginho Mello tem atuado fortemente na moderniza\u00e7\u00e3o de todas as for\u00e7as de seguran\u00e7a, com aquisi\u00e7\u00e3o de viaturas, computadores, softwares entre outros. Apenas na Pol\u00edcia Civil foram entregues 281 viaturas, mais de 800 esta\u00e7\u00f5es de trabalho, al\u00e9m de drones e softwares. \u201cA integra\u00e7\u00e3o das for\u00e7as de seguran\u00e7a \u2013 cada uma atuando dentro de suas compet\u00eancias legais, de forma articulada e transparente \u00e9 a respons\u00e1vel por termos o estado mais seguro do Brasil\u201d, assinalou o governador.<\/p>\n<div>&nbsp;<\/div>\t\t\t\t\t\t\t\t<\/div>\n\t\t\t\t<\/div>\n\t\t\t\t\t<\/div>\n\t\t<\/div>\n\t\t\t\t\t<\/div>\n\t\t<\/section>\n\t\t\t\t<\/div>\n\t\t","protected":false},"excerpt":{"rendered":"<p>Governador Jorginho Mello assina licita\u00e7\u00e3o para a constru\u00e7\u00e3o da nova delegacia de Capinzal O governador Jorginho Mello assinou na sexta-feira (24) a autoriza\u00e7\u00e3o para dar in\u00edcio \u00e0 licita\u00e7\u00e3o da obra da nova Delegacia de Pol\u00edcia de Capinzal. No ato, que contou com a presen\u00e7a do delegado-geral da PCSC, Ulisses Gabriel, tamb\u00e9m foi inaugurada formalmente a [&hellip;]<\/p>\n","protected":false},"author":5,"featured_media":20505,"comment_status":"closed","ping_status":"open","sticky":false,"template":"","format":"standard","meta":{"_monsterinsights_skip_tracking":false,"_monsterinsights_sitenote_active":false,"_monsterinsights_sitenote_note":"","_monsterinsights_sitenote_category":0,"footnotes":""},"categories":[1],"tags":[],"class_list":["post-20503","post","type-post","status-publish","format-standard","has-post-thumbnail","hentry","category-sem-categoria"],"_links":{"self":[{"href":"https:\/\/pc.sc.gov.br\/index.php?rest_route=\/wp\/v2\/posts\/20503","targetHints":{"allow":["GET"]}}],"collection":[{"href":"https:\/\/pc.sc.gov.br\/index.php?rest_route=\/wp\/v2\/posts"}],"about":[{"href":"https:\/\/pc.sc.gov.br\/index.php?rest_route=\/wp\/v2\/types\/post"}],"author":[{"embeddable":true,"href":"https:\/\/pc.sc.gov.br\/index.php?rest_route=\/wp\/v2\/users\/5"}],"replies":[{"embeddable":true,"href":"https:\/\/pc.sc.gov.br\/index.php?rest_route=%2Fwp%2Fv2%2Fcomments&post=20503"}],"version-history":[{"count":4,"href":"https:\/\/pc.sc.gov.br\/index.php?rest_route=\/wp\/v2\/posts\/20503\/revisions"}],"predecessor-version":[{"id":20513,"href":"https:\/\/pc.sc.gov.br\/index.php?rest_route=\/wp\/v2\/posts\/20503\/revisions\/20513"}],"wp:featuredmedia":[{"embeddable":true,"href":"https:\/\/pc.sc.gov.br\/index.php?rest_route=\/wp\/v2\/media\/20505"}],"wp:attachment":[{"href":"https:\/\/pc.sc.gov.br\/index.php?rest_route=%2Fwp%2Fv2%2Fmedia&parent=20503"}],"wp:term":[{"taxonomy":"category","embeddable":true,"href":"https:\/\/pc.sc.gov.br\/index.php?rest_route=%2Fwp%2Fv2%2Fcategories&post=20503"},{"taxonomy":"post_tag","embeddable":true,"href":"https:\/\/pc.sc.gov.br\/index.php?rest_route=%2Fwp%2Fv2%2Ftags&post=20503"}],"curies":[{"name":"wp","href":"https:\/\/api.w.org\/{rel}","templated":true}]}}