{"id":20514,"date":"2024-05-27T17:16:59","date_gmt":"2024-05-27T20:16:59","guid":{"rendered":"https:\/\/pc.sc.gov.br\/?p=20514"},"modified":"2024-05-27T17:19:02","modified_gmt":"2024-05-27T20:19:02","slug":"pcsc-mobiliza-mais-32-policiais-civis-para-atuar-na-missao-humanitaria-no-rio-grande-do-sul","status":"publish","type":"post","link":"https:\/\/pc.sc.gov.br\/?p=20514","title":{"rendered":"PCSC mobiliza mais 32 policiais civis para atuar na miss\u00e3o humanit\u00e1ria no Rio Grande do Sul"},"content":{"rendered":"\t\t<div data-elementor-type=\"wp-post\" data-elementor-id=\"20514\" class=\"elementor elementor-20514\" data-elementor-post-type=\"post\">\n\t\t\t\t\t\t<section class=\"elementor-section elementor-top-section elementor-element elementor-element-abaa75c elementor-section-boxed elementor-section-height-default elementor-section-height-default\" data-id=\"abaa75c\" data-element_type=\"section\">\n\t\t\t\t\t\t<div class=\"elementor-container elementor-column-gap-default\">\n\t\t\t\t\t<div class=\"elementor-column elementor-col-100 elementor-top-column elementor-element elementor-element-71797ec\" data-id=\"71797ec\" data-element_type=\"column\">\n\t\t\t<div class=\"elementor-widget-wrap elementor-element-populated\">\n\t\t\t\t\t\t<div class=\"elementor-element elementor-element-769cfa7 elementor-widget elementor-widget-heading\" data-id=\"769cfa7\" data-element_type=\"widget\" data-widget_type=\"heading.default\">\n\t\t\t\t<div class=\"elementor-widget-container\">\n\t\t\t\t\t<h2 class=\"elementor-heading-title elementor-size-default\">PCSC mobiliza mais 32 policiais civis para atuar na miss\u00e3o humanit\u00e1ria no Rio Grande do Sul<\/h2>\t\t\t\t<\/div>\n\t\t\t\t<\/div>\n\t\t\t\t\t<\/div>\n\t\t<\/div>\n\t\t\t\t\t<\/div>\n\t\t<\/section>\n\t\t\t\t<section class=\"elementor-section elementor-top-section elementor-element elementor-element-e5eb9b5 elementor-section-boxed elementor-section-height-default elementor-section-height-default\" data-id=\"e5eb9b5\" data-element_type=\"section\">\n\t\t\t\t\t\t<div class=\"elementor-container elementor-column-gap-default\">\n\t\t\t\t\t<div class=\"elementor-column elementor-col-100 elementor-top-column elementor-element elementor-element-ad9d22e\" data-id=\"ad9d22e\" data-element_type=\"column\">\n\t\t\t<div class=\"elementor-widget-wrap elementor-element-populated\">\n\t\t\t\t\t\t<div class=\"elementor-element elementor-element-f6ee034 elementor-widget elementor-widget-image\" data-id=\"f6ee034\" data-element_type=\"widget\" data-widget_type=\"image.default\">\n\t\t\t\t<div class=\"elementor-widget-container\">\n\t\t\t\t\t\t\t\t\t\t\t\t\t\t\t<img fetchpriority=\"high\" decoding=\"async\" width=\"696\" height=\"465\" src=\"https:\/\/pc.sc.gov.br\/\/wp-content\/uploads\/2024\/05\/WhatsApp-Image-2024-05-27-at-08.31.54-1024x684.jpeg\" class=\"attachment-large size-large wp-image-20515\" alt=\"\" srcset=\"https:\/\/pc.sc.gov.br\/\/wp-content\/uploads\/2024\/05\/WhatsApp-Image-2024-05-27-at-08.31.54-1024x684.jpeg 1024w, https:\/\/pc.sc.gov.br\/\/wp-content\/uploads\/2024\/05\/WhatsApp-Image-2024-05-27-at-08.31.54-300x201.jpeg 300w, https:\/\/pc.sc.gov.br\/\/wp-content\/uploads\/2024\/05\/WhatsApp-Image-2024-05-27-at-08.31.54-768x513.jpeg 768w, https:\/\/pc.sc.gov.br\/\/wp-content\/uploads\/2024\/05\/WhatsApp-Image-2024-05-27-at-08.31.54.jpeg 1119w\" sizes=\"(max-width: 696px) 100vw, 696px\" \/>\t\t\t\t\t\t\t\t\t\t\t\t\t\t\t<\/div>\n\t\t\t\t<\/div>\n\t\t\t\t\t<\/div>\n\t\t<\/div>\n\t\t\t\t\t<\/div>\n\t\t<\/section>\n\t\t\t\t<section class=\"elementor-section elementor-top-section elementor-element elementor-element-28cb631 elementor-section-boxed elementor-section-height-default elementor-section-height-default\" data-id=\"28cb631\" data-element_type=\"section\">\n\t\t\t\t\t\t<div class=\"elementor-container elementor-column-gap-default\">\n\t\t\t\t\t<div class=\"elementor-column elementor-col-100 elementor-top-column elementor-element elementor-element-a75ebab\" data-id=\"a75ebab\" data-element_type=\"column\">\n\t\t\t<div class=\"elementor-widget-wrap elementor-element-populated\">\n\t\t\t\t\t\t<div class=\"elementor-element elementor-element-2c170a1 elementor-widget elementor-widget-text-editor\" data-id=\"2c170a1\" data-element_type=\"widget\" data-widget_type=\"text-editor.default\">\n\t\t\t\t<div class=\"elementor-widget-container\">\n\t\t\t\t\t\t\t\t\t<p>Um comboio formado por 32 policiais civis partiu neste domingo (26) para o Rio Grande do Sul para atuar na miss\u00e3o humanit\u00e1ria de socorro \u00e0s v\u00edtimas da enchente que assola o estado ga\u00facho, desde o in\u00edcio de maio. Esta \u00e9 terceira equipe de policiais civis que se desloca para ajudar no resgate de pessoas, mas principalmente para dar apoio nas investiga\u00e7\u00f5es e atuar na seguran\u00e7a das vias p\u00fablicas das cidades que comp\u00f5em a regi\u00e3o da Grande Porto Alegre. Mais de 100 policiais civis j\u00e1 foram mobilizados para atuar no estado vizinho.<\/p>\n<p>Integrada com as demais for\u00e7as de seguran\u00e7a catarinenses que est\u00e3o atuando nas \u00e1reas mais impactadas pelo desastre clim\u00e1tico, os policiais civis n\u00e3o medir\u00e3o esfor\u00e7os para garantir a maior tranquilidade poss\u00edvel aos ga\u00fachos. O SAER, que est\u00e1 no RS desde o primeiro dia do desastre clim\u00e1tico, permanece com sua equipe em a\u00e7\u00f5es de resgate, salvamento e policiamento a\u00e9reo.<\/p>\n<p>Esta terceira equipe da PCSC \u00e9 formada por policiais civis que atuam em Itapema; Itaja\u00ed, S\u00e3o Jos\u00e9, Guabiruba, Laurentino, Ibirama, Rio do Sul, Florian\u00f3polis, Palho\u00e7a, Joinville, Anita Garibaldi, Curitibanos, Otac\u00edlio Costa, Tubar\u00e3o, Imbituba, Crici\u00fama, Laguna.<\/p>\n<p>A equipe da PCSC se soma \u00e0s demais for\u00e7as de seguran\u00e7a catarinenses \u2013 Pol\u00edcia Militar (PMSC), Pol\u00edcia Cient\u00edfica (PCI) e Corpo de Bombeiros Militar (CBMSC) &#8211; que tamb\u00e9m est\u00e3o atuando em solo ga\u00facho em socorro \u00e0s v\u00edtimas deste desastre ambiental.<span style=\"color: var( --e-global-color-text ); font-family: var( --e-global-typography-primary-font-family ), Sans-serif; font-size: var( --e-global-typography-primary-font-size ); font-weight: var( --e-global-typography-primary-font-weight ); letter-spacing: var( --e-global-typography-primary-letter-spacing );\">&nbsp;<\/span><\/p>\t\t\t\t\t\t\t\t<\/div>\n\t\t\t\t<\/div>\n\t\t\t\t\t<\/div>\n\t\t<\/div>\n\t\t\t\t\t<\/div>\n\t\t<\/section>\n\t\t\t\t<\/div>\n\t\t","protected":false},"excerpt":{"rendered":"<p>PCSC mobiliza mais 32 policiais civis para atuar na miss\u00e3o humanit\u00e1ria no Rio Grande do Sul Um comboio formado por 32 policiais civis partiu neste domingo (26) para o Rio Grande do Sul para atuar na miss\u00e3o humanit\u00e1ria de socorro \u00e0s v\u00edtimas da enchente que assola o estado ga\u00facho, desde o in\u00edcio de maio. Esta [&hellip;]<\/p>\n","protected":false},"author":5,"featured_media":20515,"comment_status":"closed","ping_status":"open","sticky":false,"template":"","format":"standard","meta":{"_monsterinsights_skip_tracking":false,"_monsterinsights_sitenote_active":false,"_monsterinsights_sitenote_note":"","_monsterinsights_sitenote_category":0,"footnotes":""},"categories":[1],"tags":[],"class_list":["post-20514","post","type-post","status-publish","format-standard","has-post-thumbnail","hentry","category-sem-categoria"],"_links":{"self":[{"href":"https:\/\/pc.sc.gov.br\/index.php?rest_route=\/wp\/v2\/posts\/20514","targetHints":{"allow":["GET"]}}],"collection":[{"href":"https:\/\/pc.sc.gov.br\/index.php?rest_route=\/wp\/v2\/posts"}],"about":[{"href":"https:\/\/pc.sc.gov.br\/index.php?rest_route=\/wp\/v2\/types\/post"}],"author":[{"embeddable":true,"href":"https:\/\/pc.sc.gov.br\/index.php?rest_route=\/wp\/v2\/users\/5"}],"replies":[{"embeddable":true,"href":"https:\/\/pc.sc.gov.br\/index.php?rest_route=%2Fwp%2Fv2%2Fcomments&post=20514"}],"version-history":[{"count":4,"href":"https:\/\/pc.sc.gov.br\/index.php?rest_route=\/wp\/v2\/posts\/20514\/revisions"}],"predecessor-version":[{"id":20519,"href":"https:\/\/pc.sc.gov.br\/index.php?rest_route=\/wp\/v2\/posts\/20514\/revisions\/20519"}],"wp:featuredmedia":[{"embeddable":true,"href":"https:\/\/pc.sc.gov.br\/index.php?rest_route=\/wp\/v2\/media\/20515"}],"wp:attachment":[{"href":"https:\/\/pc.sc.gov.br\/index.php?rest_route=%2Fwp%2Fv2%2Fmedia&parent=20514"}],"wp:term":[{"taxonomy":"category","embeddable":true,"href":"https:\/\/pc.sc.gov.br\/index.php?rest_route=%2Fwp%2Fv2%2Fcategories&post=20514"},{"taxonomy":"post_tag","embeddable":true,"href":"https:\/\/pc.sc.gov.br\/index.php?rest_route=%2Fwp%2Fv2%2Ftags&post=20514"}],"curies":[{"name":"wp","href":"https:\/\/api.w.org\/{rel}","templated":true}]}}