{"id":20520,"date":"2024-05-27T18:25:53","date_gmt":"2024-05-27T21:25:53","guid":{"rendered":"https:\/\/pc.sc.gov.br\/?p=20520"},"modified":"2024-05-27T18:28:11","modified_gmt":"2024-05-27T21:28:11","slug":"pcsc-efetua-prisao-de-condenado-por-estupro-de-vulneravel-em-anita-garibaldi","status":"publish","type":"post","link":"https:\/\/pc.sc.gov.br\/?p=20520","title":{"rendered":"PCSC efetua pris\u00e3o de condenado por estupro de vulner\u00e1vel em Anita Garibaldi"},"content":{"rendered":"\t\t<div data-elementor-type=\"wp-post\" data-elementor-id=\"20520\" class=\"elementor elementor-20520\" data-elementor-post-type=\"post\">\n\t\t\t\t\t\t<section class=\"elementor-section elementor-top-section elementor-element elementor-element-f47773c elementor-section-boxed elementor-section-height-default elementor-section-height-default\" data-id=\"f47773c\" data-element_type=\"section\">\n\t\t\t\t\t\t<div class=\"elementor-container elementor-column-gap-default\">\n\t\t\t\t\t<div class=\"elementor-column elementor-col-100 elementor-top-column elementor-element elementor-element-060a280\" data-id=\"060a280\" data-element_type=\"column\">\n\t\t\t<div class=\"elementor-widget-wrap elementor-element-populated\">\n\t\t\t\t\t\t<div class=\"elementor-element elementor-element-aa59c5b elementor-widget elementor-widget-heading\" data-id=\"aa59c5b\" data-element_type=\"widget\" data-widget_type=\"heading.default\">\n\t\t\t\t<div class=\"elementor-widget-container\">\n\t\t\t\t\t<h2 class=\"elementor-heading-title elementor-size-default\">PCSC efetua pris\u00e3o de condenado por estupro de vulner\u00e1vel em Anita Garibaldi<\/h2>\t\t\t\t<\/div>\n\t\t\t\t<\/div>\n\t\t\t\t\t<\/div>\n\t\t<\/div>\n\t\t\t\t\t<\/div>\n\t\t<\/section>\n\t\t\t\t<section class=\"elementor-section elementor-top-section elementor-element elementor-element-da77d0b elementor-section-boxed elementor-section-height-default elementor-section-height-default\" data-id=\"da77d0b\" data-element_type=\"section\">\n\t\t\t\t\t\t<div class=\"elementor-container elementor-column-gap-default\">\n\t\t\t\t\t<div class=\"elementor-column elementor-col-100 elementor-top-column elementor-element elementor-element-ebeb343\" data-id=\"ebeb343\" data-element_type=\"column\">\n\t\t\t<div class=\"elementor-widget-wrap elementor-element-populated\">\n\t\t\t\t\t\t<div class=\"elementor-element elementor-element-5b15e5a elementor-widget elementor-widget-image\" data-id=\"5b15e5a\" data-element_type=\"widget\" data-widget_type=\"image.default\">\n\t\t\t\t<div class=\"elementor-widget-container\">\n\t\t\t\t\t\t\t\t\t\t\t\t\t\t\t<img fetchpriority=\"high\" decoding=\"async\" width=\"696\" height=\"529\" src=\"https:\/\/pc.sc.gov.br\/\/wp-content\/uploads\/2024\/05\/WhatsApp-Image-2024-01-30-at-16.33.05-fotor-202405031461.jpg\" class=\"attachment-large size-large wp-image-19757\" alt=\"\" srcset=\"https:\/\/pc.sc.gov.br\/\/wp-content\/uploads\/2024\/05\/WhatsApp-Image-2024-01-30-at-16.33.05-fotor-202405031461.jpg 969w, https:\/\/pc.sc.gov.br\/\/wp-content\/uploads\/2024\/05\/WhatsApp-Image-2024-01-30-at-16.33.05-fotor-202405031461-300x228.jpg 300w, https:\/\/pc.sc.gov.br\/\/wp-content\/uploads\/2024\/05\/WhatsApp-Image-2024-01-30-at-16.33.05-fotor-202405031461-768x583.jpg 768w\" sizes=\"(max-width: 696px) 100vw, 696px\" \/>\t\t\t\t\t\t\t\t\t\t\t\t\t\t\t<\/div>\n\t\t\t\t<\/div>\n\t\t\t\t\t<\/div>\n\t\t<\/div>\n\t\t\t\t\t<\/div>\n\t\t<\/section>\n\t\t\t\t<section class=\"elementor-section elementor-top-section elementor-element elementor-element-91baa03 elementor-section-boxed elementor-section-height-default elementor-section-height-default\" data-id=\"91baa03\" data-element_type=\"section\">\n\t\t\t\t\t\t<div class=\"elementor-container elementor-column-gap-default\">\n\t\t\t\t\t<div class=\"elementor-column elementor-col-100 elementor-top-column elementor-element elementor-element-a120e59\" data-id=\"a120e59\" data-element_type=\"column\">\n\t\t\t<div class=\"elementor-widget-wrap elementor-element-populated\">\n\t\t\t\t\t\t<div class=\"elementor-element elementor-element-700cf89 elementor-widget elementor-widget-text-editor\" data-id=\"700cf89\" data-element_type=\"widget\" data-widget_type=\"text-editor.default\">\n\t\t\t\t<div class=\"elementor-widget-container\">\n\t\t\t\t\t\t\t\t\t<p>A Pol\u00edcia Civil, por meio da Delegacia de Pol\u00edcia de Anita Garibaldi efetuou, nesta segunda-feira (27), a pris\u00e3o de um indiv\u00edduo condenado por estupro de vulner\u00e1vel no munic\u00edpio de Anita Garibaldi.<\/p>\n<p>As investiga\u00e7\u00f5es iniciaram em 2023, ap\u00f3s den\u00fancias aportarem na Pol\u00edcia Civil informando que uma menor estaria sofrendo abusos sexuais desde o ano de 2019.&nbsp;<\/p>\n<p>Iniciados os trabalhos, foram realizadas dilig\u00eancias pelos policiais e Conselho Tutelar, sendo comprovados os fatos. O agressor foi denunciado e condenado a 19 anos e 2 meses de reclus\u00e3o em regime fechado.&nbsp;<span style=\"font-family: var( --e-global-typography-primary-font-family ), Sans-serif; font-size: var( --e-global-typography-primary-font-size ); font-weight: var( --e-global-typography-primary-font-weight ); letter-spacing: var( --e-global-typography-primary-letter-spacing );\">Encerrado o processo, foi expedido mandado de pris\u00e3o em face do condenado. A Pol\u00edcia Civil, tomando conhecimento, deu imediato cumprimento \u00e0 ordem judicial.&nbsp;<\/span><\/p><p><span style=\"font-family: var( --e-global-typography-primary-font-family ), Sans-serif; font-size: var( --e-global-typography-primary-font-size ); font-weight: var( --e-global-typography-primary-font-weight ); letter-spacing: var( --e-global-typography-primary-letter-spacing );\">Ap\u00f3s a pris\u00e3o, o condenado foi levado para a Delegacia de Pol\u00edcia, onde foram formalizados os procedimentos legais. Em seguida, encaminhado ao Sistema Penitenci\u00e1rio Catarinense para in\u00edcio do cumprimento da pena.<\/span><\/p>\t\t\t\t\t\t\t\t<\/div>\n\t\t\t\t<\/div>\n\t\t\t\t\t<\/div>\n\t\t<\/div>\n\t\t\t\t\t<\/div>\n\t\t<\/section>\n\t\t\t\t<\/div>\n\t\t","protected":false},"excerpt":{"rendered":"<p>PCSC efetua pris\u00e3o de condenado por estupro de vulner\u00e1vel em Anita Garibaldi A Pol\u00edcia Civil, por meio da Delegacia de Pol\u00edcia de Anita Garibaldi efetuou, nesta segunda-feira (27), a pris\u00e3o de um indiv\u00edduo condenado por estupro de vulner\u00e1vel no munic\u00edpio de Anita Garibaldi. As investiga\u00e7\u00f5es iniciaram em 2023, ap\u00f3s den\u00fancias aportarem na Pol\u00edcia Civil informando [&hellip;]<\/p>\n","protected":false},"author":5,"featured_media":20481,"comment_status":"closed","ping_status":"open","sticky":false,"template":"","format":"standard","meta":{"_monsterinsights_skip_tracking":false,"_monsterinsights_sitenote_active":false,"_monsterinsights_sitenote_note":"","_monsterinsights_sitenote_category":0,"footnotes":""},"categories":[1],"tags":[],"class_list":["post-20520","post","type-post","status-publish","format-standard","has-post-thumbnail","hentry","category-sem-categoria"],"_links":{"self":[{"href":"https:\/\/pc.sc.gov.br\/index.php?rest_route=\/wp\/v2\/posts\/20520","targetHints":{"allow":["GET"]}}],"collection":[{"href":"https:\/\/pc.sc.gov.br\/index.php?rest_route=\/wp\/v2\/posts"}],"about":[{"href":"https:\/\/pc.sc.gov.br\/index.php?rest_route=\/wp\/v2\/types\/post"}],"author":[{"embeddable":true,"href":"https:\/\/pc.sc.gov.br\/index.php?rest_route=\/wp\/v2\/users\/5"}],"replies":[{"embeddable":true,"href":"https:\/\/pc.sc.gov.br\/index.php?rest_route=%2Fwp%2Fv2%2Fcomments&post=20520"}],"version-history":[{"count":3,"href":"https:\/\/pc.sc.gov.br\/index.php?rest_route=\/wp\/v2\/posts\/20520\/revisions"}],"predecessor-version":[{"id":20523,"href":"https:\/\/pc.sc.gov.br\/index.php?rest_route=\/wp\/v2\/posts\/20520\/revisions\/20523"}],"wp:featuredmedia":[{"embeddable":true,"href":"https:\/\/pc.sc.gov.br\/index.php?rest_route=\/wp\/v2\/media\/20481"}],"wp:attachment":[{"href":"https:\/\/pc.sc.gov.br\/index.php?rest_route=%2Fwp%2Fv2%2Fmedia&parent=20520"}],"wp:term":[{"taxonomy":"category","embeddable":true,"href":"https:\/\/pc.sc.gov.br\/index.php?rest_route=%2Fwp%2Fv2%2Fcategories&post=20520"},{"taxonomy":"post_tag","embeddable":true,"href":"https:\/\/pc.sc.gov.br\/index.php?rest_route=%2Fwp%2Fv2%2Ftags&post=20520"}],"curies":[{"name":"wp","href":"https:\/\/api.w.org\/{rel}","templated":true}]}}