{"id":20529,"date":"2024-05-27T18:52:09","date_gmt":"2024-05-27T21:52:09","guid":{"rendered":"https:\/\/pc.sc.gov.br\/?p=20529"},"modified":"2024-05-27T18:53:08","modified_gmt":"2024-05-27T21:53:08","slug":"policia-civil-reforca-acoes-de-seguranca-durante-a-festa-do-pinhao","status":"publish","type":"post","link":"https:\/\/pc.sc.gov.br\/?p=20529","title":{"rendered":"Pol\u00edcia Civil refor\u00e7a a\u00e7\u00f5es de seguran\u00e7a durante a Festa do Pinh\u00e3o"},"content":{"rendered":"\t\t<div data-elementor-type=\"wp-post\" data-elementor-id=\"20529\" class=\"elementor elementor-20529\" data-elementor-post-type=\"post\">\n\t\t\t\t\t\t<section class=\"elementor-section elementor-top-section elementor-element elementor-element-298c625 elementor-section-boxed elementor-section-height-default elementor-section-height-default\" data-id=\"298c625\" data-element_type=\"section\">\n\t\t\t\t\t\t<div class=\"elementor-container elementor-column-gap-default\">\n\t\t\t\t\t<div class=\"elementor-column elementor-col-100 elementor-top-column elementor-element elementor-element-905173a\" data-id=\"905173a\" data-element_type=\"column\">\n\t\t\t<div class=\"elementor-widget-wrap elementor-element-populated\">\n\t\t\t\t\t\t<div class=\"elementor-element elementor-element-c771615 elementor-widget elementor-widget-heading\" data-id=\"c771615\" data-element_type=\"widget\" data-widget_type=\"heading.default\">\n\t\t\t\t<div class=\"elementor-widget-container\">\n\t\t\t\t\t<h2 class=\"elementor-heading-title elementor-size-default\">Pol\u00edcia Civil refor\u00e7a a\u00e7\u00f5es de seguran\u00e7a durante a Festa do Pinh\u00e3o<\/h2>\t\t\t\t<\/div>\n\t\t\t\t<\/div>\n\t\t\t\t\t<\/div>\n\t\t<\/div>\n\t\t\t\t\t<\/div>\n\t\t<\/section>\n\t\t\t\t<section class=\"elementor-section elementor-top-section elementor-element elementor-element-898b081 elementor-section-boxed elementor-section-height-default elementor-section-height-default\" data-id=\"898b081\" data-element_type=\"section\">\n\t\t\t\t\t\t<div class=\"elementor-container elementor-column-gap-default\">\n\t\t\t\t\t<div class=\"elementor-column elementor-col-100 elementor-top-column elementor-element elementor-element-86cf449\" data-id=\"86cf449\" data-element_type=\"column\">\n\t\t\t<div class=\"elementor-widget-wrap elementor-element-populated\">\n\t\t\t\t\t\t<div class=\"elementor-element elementor-element-7b8ac6c elementor-widget elementor-widget-image\" data-id=\"7b8ac6c\" data-element_type=\"widget\" data-widget_type=\"image.default\">\n\t\t\t\t<div class=\"elementor-widget-container\">\n\t\t\t\t\t\t\t\t\t\t\t\t\t\t\t<img fetchpriority=\"high\" decoding=\"async\" width=\"696\" height=\"392\" src=\"https:\/\/pc.sc.gov.br\/\/wp-content\/uploads\/2024\/05\/WhatsApp-Image-2024-05-25-at-22.39.35-1024x576.jpeg\" class=\"attachment-large size-large wp-image-20530\" alt=\"\" srcset=\"https:\/\/pc.sc.gov.br\/\/wp-content\/uploads\/2024\/05\/WhatsApp-Image-2024-05-25-at-22.39.35-1024x576.jpeg 1024w, https:\/\/pc.sc.gov.br\/\/wp-content\/uploads\/2024\/05\/WhatsApp-Image-2024-05-25-at-22.39.35-300x169.jpeg 300w, https:\/\/pc.sc.gov.br\/\/wp-content\/uploads\/2024\/05\/WhatsApp-Image-2024-05-25-at-22.39.35-768x432.jpeg 768w, https:\/\/pc.sc.gov.br\/\/wp-content\/uploads\/2024\/05\/WhatsApp-Image-2024-05-25-at-22.39.35-1536x864.jpeg 1536w, https:\/\/pc.sc.gov.br\/\/wp-content\/uploads\/2024\/05\/WhatsApp-Image-2024-05-25-at-22.39.35.jpeg 1600w\" sizes=\"(max-width: 696px) 100vw, 696px\" \/>\t\t\t\t\t\t\t\t\t\t\t\t\t\t\t<\/div>\n\t\t\t\t<\/div>\n\t\t\t\t\t<\/div>\n\t\t<\/div>\n\t\t\t\t\t<\/div>\n\t\t<\/section>\n\t\t\t\t<section class=\"elementor-section elementor-top-section elementor-element elementor-element-e96219b elementor-section-boxed elementor-section-height-default elementor-section-height-default\" data-id=\"e96219b\" data-element_type=\"section\">\n\t\t\t\t\t\t<div class=\"elementor-container elementor-column-gap-default\">\n\t\t\t\t\t<div class=\"elementor-column elementor-col-100 elementor-top-column elementor-element elementor-element-0223f1c\" data-id=\"0223f1c\" data-element_type=\"column\">\n\t\t\t<div class=\"elementor-widget-wrap elementor-element-populated\">\n\t\t\t\t\t\t<div class=\"elementor-element elementor-element-b91fb05 elementor-widget elementor-widget-text-editor\" data-id=\"b91fb05\" data-element_type=\"widget\" data-widget_type=\"text-editor.default\">\n\t\t\t\t<div class=\"elementor-widget-container\">\n\t\t\t\t\t\t\t\t\t<p>A Pol\u00edcia Civil de Santa Catarina, por meio da Delegacia Regional de Lages, refor\u00e7ou o efetivo para garantir a seguran\u00e7a de moradores e turistas que participam da Festa do pinh\u00e3o em Lages, evento que ocorre at\u00e9 o pr\u00f3ximo dia 02, em Lages.<\/p><p>Al\u00e9m dos atendimentos na delegacia, as equipes de investiga\u00e7\u00e3o atuam dentro do parque, a fim de coibir a a\u00e7\u00e3o de criminosos. Nos 10 dias de dura\u00e7\u00e3o da Festa do Pinh\u00e3o, Lages recebe cerca de 400 mil pessoas. Outro ponto que recebe aten\u00e7\u00e3o dos policiais civis \u00e9 o Recanto do Pinh\u00e3o, que tem espa\u00e7os para gastronomia e atra\u00e7\u00f5es art\u00edsticas.<\/p>\t\t\t\t\t\t\t\t<\/div>\n\t\t\t\t<\/div>\n\t\t\t\t\t<\/div>\n\t\t<\/div>\n\t\t\t\t\t<\/div>\n\t\t<\/section>\n\t\t\t\t<\/div>\n\t\t","protected":false},"excerpt":{"rendered":"<p>Pol\u00edcia Civil refor\u00e7a a\u00e7\u00f5es de seguran\u00e7a durante a Festa do Pinh\u00e3o A Pol\u00edcia Civil de Santa Catarina, por meio da Delegacia Regional de Lages, refor\u00e7ou o efetivo para garantir a seguran\u00e7a de moradores e turistas que participam da Festa do pinh\u00e3o em Lages, evento que ocorre at\u00e9 o pr\u00f3ximo dia 02, em Lages. Al\u00e9m dos [&hellip;]<\/p>\n","protected":false},"author":5,"featured_media":20530,"comment_status":"closed","ping_status":"open","sticky":false,"template":"","format":"standard","meta":{"_monsterinsights_skip_tracking":false,"_monsterinsights_sitenote_active":false,"_monsterinsights_sitenote_note":"","_monsterinsights_sitenote_category":0,"footnotes":""},"categories":[1],"tags":[],"class_list":["post-20529","post","type-post","status-publish","format-standard","has-post-thumbnail","hentry","category-sem-categoria"],"_links":{"self":[{"href":"https:\/\/pc.sc.gov.br\/index.php?rest_route=\/wp\/v2\/posts\/20529","targetHints":{"allow":["GET"]}}],"collection":[{"href":"https:\/\/pc.sc.gov.br\/index.php?rest_route=\/wp\/v2\/posts"}],"about":[{"href":"https:\/\/pc.sc.gov.br\/index.php?rest_route=\/wp\/v2\/types\/post"}],"author":[{"embeddable":true,"href":"https:\/\/pc.sc.gov.br\/index.php?rest_route=\/wp\/v2\/users\/5"}],"replies":[{"embeddable":true,"href":"https:\/\/pc.sc.gov.br\/index.php?rest_route=%2Fwp%2Fv2%2Fcomments&post=20529"}],"version-history":[{"count":4,"href":"https:\/\/pc.sc.gov.br\/index.php?rest_route=\/wp\/v2\/posts\/20529\/revisions"}],"predecessor-version":[{"id":20534,"href":"https:\/\/pc.sc.gov.br\/index.php?rest_route=\/wp\/v2\/posts\/20529\/revisions\/20534"}],"wp:featuredmedia":[{"embeddable":true,"href":"https:\/\/pc.sc.gov.br\/index.php?rest_route=\/wp\/v2\/media\/20530"}],"wp:attachment":[{"href":"https:\/\/pc.sc.gov.br\/index.php?rest_route=%2Fwp%2Fv2%2Fmedia&parent=20529"}],"wp:term":[{"taxonomy":"category","embeddable":true,"href":"https:\/\/pc.sc.gov.br\/index.php?rest_route=%2Fwp%2Fv2%2Fcategories&post=20529"},{"taxonomy":"post_tag","embeddable":true,"href":"https:\/\/pc.sc.gov.br\/index.php?rest_route=%2Fwp%2Fv2%2Ftags&post=20529"}],"curies":[{"name":"wp","href":"https:\/\/api.w.org\/{rel}","templated":true}]}}