{"id":20536,"date":"2024-05-28T15:58:11","date_gmt":"2024-05-28T18:58:11","guid":{"rendered":"https:\/\/pc.sc.gov.br\/?p=20536"},"modified":"2024-05-28T16:20:06","modified_gmt":"2024-05-28T19:20:06","slug":"em-blumenau-pcsc-inaugura-novas-instalacoes-da-1a-delegacia-de-policia","status":"publish","type":"post","link":"https:\/\/pc.sc.gov.br\/?p=20536","title":{"rendered":"Em Blumenau, PCSC inaugura novas instala\u00e7\u00f5es da 1\u00aa Delegacia de Pol\u00edcia"},"content":{"rendered":"\t\t<div data-elementor-type=\"wp-post\" data-elementor-id=\"20536\" class=\"elementor elementor-20536\" data-elementor-post-type=\"post\">\n\t\t\t\t\t\t<section class=\"elementor-section elementor-top-section elementor-element elementor-element-c6ce260 elementor-section-boxed elementor-section-height-default elementor-section-height-default\" data-id=\"c6ce260\" data-element_type=\"section\">\n\t\t\t\t\t\t<div class=\"elementor-container elementor-column-gap-default\">\n\t\t\t\t\t<div class=\"elementor-column elementor-col-100 elementor-top-column elementor-element elementor-element-c7efe6f\" data-id=\"c7efe6f\" data-element_type=\"column\">\n\t\t\t<div class=\"elementor-widget-wrap elementor-element-populated\">\n\t\t\t\t\t\t<div class=\"elementor-element elementor-element-8727522 elementor-widget elementor-widget-heading\" data-id=\"8727522\" data-element_type=\"widget\" data-widget_type=\"heading.default\">\n\t\t\t\t<div class=\"elementor-widget-container\">\n\t\t\t\t\t<h2 class=\"elementor-heading-title elementor-size-default\">Em Blumenau, PCSC inaugura novas instala\u00e7\u00f5es da 1\u00aa Delegacia de Pol\u00edcia<\/h2>\t\t\t\t<\/div>\n\t\t\t\t<\/div>\n\t\t\t\t\t<\/div>\n\t\t<\/div>\n\t\t\t\t\t<\/div>\n\t\t<\/section>\n\t\t\t\t<section class=\"elementor-section elementor-top-section elementor-element elementor-element-e987870 elementor-section-boxed elementor-section-height-default elementor-section-height-default\" data-id=\"e987870\" data-element_type=\"section\">\n\t\t\t\t\t\t<div class=\"elementor-container elementor-column-gap-default\">\n\t\t\t\t\t<div class=\"elementor-column elementor-col-100 elementor-top-column elementor-element elementor-element-3016f66\" data-id=\"3016f66\" data-element_type=\"column\">\n\t\t\t<div class=\"elementor-widget-wrap elementor-element-populated\">\n\t\t\t\t\t\t<div class=\"elementor-element elementor-element-64abf5d elementor-widget elementor-widget-image\" data-id=\"64abf5d\" data-element_type=\"widget\" data-widget_type=\"image.default\">\n\t\t\t\t<div class=\"elementor-widget-container\">\n\t\t\t\t\t\t\t\t\t\t\t\t\t\t\t<img fetchpriority=\"high\" decoding=\"async\" width=\"696\" height=\"415\" src=\"https:\/\/pc.sc.gov.br\/\/wp-content\/uploads\/2024\/05\/WhatsApp-Image-2024-05-28-at-14.49.55-1-1024x611.jpeg\" class=\"attachment-large size-large wp-image-20537\" alt=\"\" srcset=\"https:\/\/pc.sc.gov.br\/\/wp-content\/uploads\/2024\/05\/WhatsApp-Image-2024-05-28-at-14.49.55-1-1024x611.jpeg 1024w, https:\/\/pc.sc.gov.br\/\/wp-content\/uploads\/2024\/05\/WhatsApp-Image-2024-05-28-at-14.49.55-1-300x179.jpeg 300w, https:\/\/pc.sc.gov.br\/\/wp-content\/uploads\/2024\/05\/WhatsApp-Image-2024-05-28-at-14.49.55-1-768x458.jpeg 768w, https:\/\/pc.sc.gov.br\/\/wp-content\/uploads\/2024\/05\/WhatsApp-Image-2024-05-28-at-14.49.55-1.jpeg 1080w\" sizes=\"(max-width: 696px) 100vw, 696px\" \/>\t\t\t\t\t\t\t\t\t\t\t\t\t\t\t<\/div>\n\t\t\t\t<\/div>\n\t\t\t\t\t<\/div>\n\t\t<\/div>\n\t\t\t\t\t<\/div>\n\t\t<\/section>\n\t\t\t\t<section class=\"elementor-section elementor-top-section elementor-element elementor-element-664d214 elementor-section-boxed elementor-section-height-default elementor-section-height-default\" data-id=\"664d214\" data-element_type=\"section\">\n\t\t\t\t\t\t<div class=\"elementor-container elementor-column-gap-default\">\n\t\t\t\t\t<div class=\"elementor-column elementor-col-100 elementor-top-column elementor-element elementor-element-8f5e062\" data-id=\"8f5e062\" data-element_type=\"column\">\n\t\t\t<div class=\"elementor-widget-wrap elementor-element-populated\">\n\t\t\t\t\t\t<div class=\"elementor-element elementor-element-00ff2af elementor-widget elementor-widget-text-editor\" data-id=\"00ff2af\" data-element_type=\"widget\" data-widget_type=\"text-editor.default\">\n\t\t\t\t<div class=\"elementor-widget-container\">\n\t\t\t\t\t\t\t\t\t<p>O delegado-geral da Pol\u00edcia Civil de Santa Catarina, Ulisses Gabriel, inaugurou oficialmente nesta segunda-feira (27) as novas instala\u00e7\u00f5es da 1\u00aa Delegacia de Pol\u00edcia de Blumenau. O ato foi um momento hist\u00f3rico tanto para os policiais civis que atuam no local, quanto para a comunidade, visto que a unidade policial funcionava h\u00e1 quase 40 anos num local que n\u00e3o oferecia condi\u00e7\u00f5es adequadas para o desempenho das atividades policiais. A mudan\u00e7a de local, reivindicada pela popula\u00e7\u00e3o e policiais civis atende uma determina\u00e7\u00e3o do governador Jorginho Mello, que \u00e9 oferecer servi\u00e7os qualificados, em local adequado para o cidad\u00e3o possa ser atendido com mais conforto.<\/p>\n<p>Situada dentro do pr\u00e9dio que abriga a 3\u00aa Delegacia Regional de Pol\u00edcia de Blumenau (DRP), a nova unidade recebeu equipamentos que permitem um atendimento com mais celeridade e conforto para a comunidade blumenauense.<\/p>\n<p>O delegado-geral da PCSC, Ulisses Gabriel, destacou que as novas instala\u00e7\u00f5es contemplam uma determina\u00e7\u00e3o do governador Jorginho, que \u00e9 dar o melhor atendimento \u00e0 popula\u00e7\u00e3o, bem como garantir boas condi\u00e7\u00f5es de trabalho para os policiais civis. \u201cOferecer condi\u00e7\u00f5es dignas para que os nossos policiais possam exercer suas atividades com seguran\u00e7a contribuem diretamente nos resultados da PCSC\u201d, disse o delegado-geral.<\/p>\n<p>A 1\u00aa Delegacia de Pol\u00edcia de Blumenau \u00e9 respons\u00e1vel pela apura\u00e7\u00e3o dos crimes ocorridos nos bairros Centro, Jardim Blumenau, Bom Retiro, Vitor Konder, Boa Vista, Itoupava Seca, Salto, Vila Formosa, Ribeir\u00e3o Fresco, Worstadt, Garcia, Valpara\u00edso, Progresso, Salto Weissbach, Vila Nova, Passo Manso, Gl\u00f3ria, Escola Agr\u00edcola e \u00c1gua Verde.<\/p>\t\t\t\t\t\t\t\t<\/div>\n\t\t\t\t<\/div>\n\t\t\t\t\t<\/div>\n\t\t<\/div>\n\t\t\t\t\t<\/div>\n\t\t<\/section>\n\t\t\t\t<\/div>\n\t\t","protected":false},"excerpt":{"rendered":"<p>Em Blumenau, PCSC inaugura novas instala\u00e7\u00f5es da 1\u00aa Delegacia de Pol\u00edcia O delegado-geral da Pol\u00edcia Civil de Santa Catarina, Ulisses Gabriel, inaugurou oficialmente nesta segunda-feira (27) as novas instala\u00e7\u00f5es da 1\u00aa Delegacia de Pol\u00edcia de Blumenau. O ato foi um momento hist\u00f3rico tanto para os policiais civis que atuam no local, quanto para a comunidade, [&hellip;]<\/p>\n","protected":false},"author":5,"featured_media":20541,"comment_status":"closed","ping_status":"open","sticky":false,"template":"","format":"standard","meta":{"_monsterinsights_skip_tracking":false,"_monsterinsights_sitenote_active":false,"_monsterinsights_sitenote_note":"","_monsterinsights_sitenote_category":0,"footnotes":""},"categories":[1],"tags":[],"class_list":["post-20536","post","type-post","status-publish","format-standard","has-post-thumbnail","hentry","category-sem-categoria"],"_links":{"self":[{"href":"https:\/\/pc.sc.gov.br\/index.php?rest_route=\/wp\/v2\/posts\/20536","targetHints":{"allow":["GET"]}}],"collection":[{"href":"https:\/\/pc.sc.gov.br\/index.php?rest_route=\/wp\/v2\/posts"}],"about":[{"href":"https:\/\/pc.sc.gov.br\/index.php?rest_route=\/wp\/v2\/types\/post"}],"author":[{"embeddable":true,"href":"https:\/\/pc.sc.gov.br\/index.php?rest_route=\/wp\/v2\/users\/5"}],"replies":[{"embeddable":true,"href":"https:\/\/pc.sc.gov.br\/index.php?rest_route=%2Fwp%2Fv2%2Fcomments&post=20536"}],"version-history":[{"count":3,"href":"https:\/\/pc.sc.gov.br\/index.php?rest_route=\/wp\/v2\/posts\/20536\/revisions"}],"predecessor-version":[{"id":20540,"href":"https:\/\/pc.sc.gov.br\/index.php?rest_route=\/wp\/v2\/posts\/20536\/revisions\/20540"}],"wp:featuredmedia":[{"embeddable":true,"href":"https:\/\/pc.sc.gov.br\/index.php?rest_route=\/wp\/v2\/media\/20541"}],"wp:attachment":[{"href":"https:\/\/pc.sc.gov.br\/index.php?rest_route=%2Fwp%2Fv2%2Fmedia&parent=20536"}],"wp:term":[{"taxonomy":"category","embeddable":true,"href":"https:\/\/pc.sc.gov.br\/index.php?rest_route=%2Fwp%2Fv2%2Fcategories&post=20536"},{"taxonomy":"post_tag","embeddable":true,"href":"https:\/\/pc.sc.gov.br\/index.php?rest_route=%2Fwp%2Fv2%2Ftags&post=20536"}],"curies":[{"name":"wp","href":"https:\/\/api.w.org\/{rel}","templated":true}]}}