{"id":20584,"date":"2024-06-03T12:52:15","date_gmt":"2024-06-03T15:52:15","guid":{"rendered":"https:\/\/pc.sc.gov.br\/?p=20584"},"modified":"2024-06-03T12:53:13","modified_gmt":"2024-06-03T15:53:13","slug":"operacao-conjunta-resulta-em-resgate-de-adolescente-paranaense-de-carcere-em-ermo","status":"publish","type":"post","link":"https:\/\/pc.sc.gov.br\/?p=20584","title":{"rendered":"Opera\u00e7\u00e3o conjunta resulta em resgate de adolescente paranaense de c\u00e1rcere em Ermo"},"content":{"rendered":"\t\t<div data-elementor-type=\"wp-post\" data-elementor-id=\"20584\" class=\"elementor elementor-20584\" data-elementor-post-type=\"post\">\n\t\t\t\t\t\t<section class=\"elementor-section elementor-top-section elementor-element elementor-element-a7f42bd elementor-section-boxed elementor-section-height-default elementor-section-height-default\" data-id=\"a7f42bd\" data-element_type=\"section\">\n\t\t\t\t\t\t<div class=\"elementor-container elementor-column-gap-default\">\n\t\t\t\t\t<div class=\"elementor-column elementor-col-100 elementor-top-column elementor-element elementor-element-0fe715f\" data-id=\"0fe715f\" data-element_type=\"column\">\n\t\t\t<div class=\"elementor-widget-wrap elementor-element-populated\">\n\t\t\t\t\t\t<div class=\"elementor-element elementor-element-349ecfa elementor-widget elementor-widget-heading\" data-id=\"349ecfa\" data-element_type=\"widget\" data-widget_type=\"heading.default\">\n\t\t\t\t<div class=\"elementor-widget-container\">\n\t\t\t\t\t<h2 class=\"elementor-heading-title elementor-size-default\">Opera\u00e7\u00e3o conjunta resulta em resgate de adolescente paranaense de c\u00e1rcere em Ermo<\/h2>\t\t\t\t<\/div>\n\t\t\t\t<\/div>\n\t\t\t\t\t<\/div>\n\t\t<\/div>\n\t\t\t\t\t<\/div>\n\t\t<\/section>\n\t\t\t\t<section class=\"elementor-section elementor-top-section elementor-element elementor-element-115fd6c elementor-section-boxed elementor-section-height-default elementor-section-height-default\" data-id=\"115fd6c\" data-element_type=\"section\">\n\t\t\t\t\t\t<div class=\"elementor-container elementor-column-gap-default\">\n\t\t\t\t\t<div class=\"elementor-column elementor-col-100 elementor-top-column elementor-element elementor-element-fa14d95\" data-id=\"fa14d95\" data-element_type=\"column\">\n\t\t\t<div class=\"elementor-widget-wrap elementor-element-populated\">\n\t\t\t\t\t\t<div class=\"elementor-element elementor-element-cba8f71 elementor-widget elementor-widget-image\" data-id=\"cba8f71\" data-element_type=\"widget\" data-widget_type=\"image.default\">\n\t\t\t\t<div class=\"elementor-widget-container\">\n\t\t\t\t\t\t\t\t\t\t\t\t\t\t\t<img fetchpriority=\"high\" decoding=\"async\" width=\"477\" height=\"1024\" src=\"https:\/\/pc.sc.gov.br\/\/wp-content\/uploads\/2024\/06\/WhatsApp-Image-2024-06-01-at-16.43.08-477x1024.jpeg\" class=\"attachment-large size-large wp-image-20585\" alt=\"\" srcset=\"https:\/\/pc.sc.gov.br\/\/wp-content\/uploads\/2024\/06\/WhatsApp-Image-2024-06-01-at-16.43.08-477x1024.jpeg 477w, https:\/\/pc.sc.gov.br\/\/wp-content\/uploads\/2024\/06\/WhatsApp-Image-2024-06-01-at-16.43.08-140x300.jpeg 140w, https:\/\/pc.sc.gov.br\/\/wp-content\/uploads\/2024\/06\/WhatsApp-Image-2024-06-01-at-16.43.08-716x1536.jpeg 716w, https:\/\/pc.sc.gov.br\/\/wp-content\/uploads\/2024\/06\/WhatsApp-Image-2024-06-01-at-16.43.08.jpeg 746w\" sizes=\"(max-width: 477px) 100vw, 477px\" \/>\t\t\t\t\t\t\t\t\t\t\t\t\t\t\t<\/div>\n\t\t\t\t<\/div>\n\t\t\t\t\t<\/div>\n\t\t<\/div>\n\t\t\t\t\t<\/div>\n\t\t<\/section>\n\t\t\t\t<section class=\"elementor-section elementor-top-section elementor-element elementor-element-ca36283 elementor-section-boxed elementor-section-height-default elementor-section-height-default\" data-id=\"ca36283\" data-element_type=\"section\">\n\t\t\t\t\t\t<div class=\"elementor-container elementor-column-gap-default\">\n\t\t\t\t\t<div class=\"elementor-column elementor-col-100 elementor-top-column elementor-element elementor-element-89630f1\" data-id=\"89630f1\" data-element_type=\"column\">\n\t\t\t<div class=\"elementor-widget-wrap elementor-element-populated\">\n\t\t\t\t\t\t<div class=\"elementor-element elementor-element-c365a18 elementor-widget elementor-widget-text-editor\" data-id=\"c365a18\" data-element_type=\"widget\" data-widget_type=\"text-editor.default\">\n\t\t\t\t<div class=\"elementor-widget-container\">\n\t\t\t\t\t\t\t\t\t<p>No s\u00e1bado (1\/6), uma opera\u00e7\u00e3o integrada das Pol\u00edcias Civis do Paran\u00e1, de Santa Catarina e do Rio Grande do Sul resgatou uma adolescente de 14 anos, que foi localizada na cidade de Ermo. Ela estava desaparecida h\u00e1 18 dias, sem qualquer contato. Um homem foi preso. Ele j\u00e1 possui hist\u00f3rico policial envolvendo fatos semelhantes.<\/p><p>Os policiais civis de Toledo\/PR, cidade de origem da v\u00edtima, iniciaram a investiga\u00e7\u00e3o. Com suporte do TIGRE\/PCPR, da DIC Crici\u00fama\/PCSC, DP Turvo\/PCSC, DP Timb\u00e9 do Sul\/PCSC, DP Ermo\/PCSC e equipe da PCRS, foram cumpridas quatro buscas domiciliares.<\/p><p>A adolescente foi resgatada sem ferimentos. O preso foi encaminhado ao Pres\u00eddio de Ararangu\u00e1. \u00a0<\/p>\t\t\t\t\t\t\t\t<\/div>\n\t\t\t\t<\/div>\n\t\t\t\t\t<\/div>\n\t\t<\/div>\n\t\t\t\t\t<\/div>\n\t\t<\/section>\n\t\t\t\t<\/div>\n\t\t","protected":false},"excerpt":{"rendered":"<p>Opera\u00e7\u00e3o conjunta resulta em resgate de adolescente paranaense de c\u00e1rcere em Ermo No s\u00e1bado (1\/6), uma opera\u00e7\u00e3o integrada das Pol\u00edcias Civis do Paran\u00e1, de Santa Catarina e do Rio Grande do Sul resgatou uma adolescente de 14 anos, que foi localizada na cidade de Ermo. Ela estava desaparecida h\u00e1 18 dias, sem qualquer contato. Um [&hellip;]<\/p>\n","protected":false},"author":5,"featured_media":20585,"comment_status":"closed","ping_status":"open","sticky":false,"template":"","format":"standard","meta":{"_monsterinsights_skip_tracking":false,"_monsterinsights_sitenote_active":false,"_monsterinsights_sitenote_note":"","_monsterinsights_sitenote_category":0,"footnotes":""},"categories":[1],"tags":[],"class_list":["post-20584","post","type-post","status-publish","format-standard","has-post-thumbnail","hentry","category-sem-categoria"],"_links":{"self":[{"href":"https:\/\/pc.sc.gov.br\/index.php?rest_route=\/wp\/v2\/posts\/20584","targetHints":{"allow":["GET"]}}],"collection":[{"href":"https:\/\/pc.sc.gov.br\/index.php?rest_route=\/wp\/v2\/posts"}],"about":[{"href":"https:\/\/pc.sc.gov.br\/index.php?rest_route=\/wp\/v2\/types\/post"}],"author":[{"embeddable":true,"href":"https:\/\/pc.sc.gov.br\/index.php?rest_route=\/wp\/v2\/users\/5"}],"replies":[{"embeddable":true,"href":"https:\/\/pc.sc.gov.br\/index.php?rest_route=%2Fwp%2Fv2%2Fcomments&post=20584"}],"version-history":[{"count":4,"href":"https:\/\/pc.sc.gov.br\/index.php?rest_route=\/wp\/v2\/posts\/20584\/revisions"}],"predecessor-version":[{"id":20589,"href":"https:\/\/pc.sc.gov.br\/index.php?rest_route=\/wp\/v2\/posts\/20584\/revisions\/20589"}],"wp:featuredmedia":[{"embeddable":true,"href":"https:\/\/pc.sc.gov.br\/index.php?rest_route=\/wp\/v2\/media\/20585"}],"wp:attachment":[{"href":"https:\/\/pc.sc.gov.br\/index.php?rest_route=%2Fwp%2Fv2%2Fmedia&parent=20584"}],"wp:term":[{"taxonomy":"category","embeddable":true,"href":"https:\/\/pc.sc.gov.br\/index.php?rest_route=%2Fwp%2Fv2%2Fcategories&post=20584"},{"taxonomy":"post_tag","embeddable":true,"href":"https:\/\/pc.sc.gov.br\/index.php?rest_route=%2Fwp%2Fv2%2Ftags&post=20584"}],"curies":[{"name":"wp","href":"https:\/\/api.w.org\/{rel}","templated":true}]}}