{"id":20612,"date":"2024-06-04T13:59:01","date_gmt":"2024-06-04T16:59:01","guid":{"rendered":"https:\/\/pc.sc.gov.br\/?p=20612"},"modified":"2024-06-04T13:59:50","modified_gmt":"2024-06-04T16:59:50","slug":"policia-civil-deflagra-operacao-black-pic-para-reprimir-crimes-relacionados-a-pornografia-infantil-em-biguacu","status":"publish","type":"post","link":"https:\/\/pc.sc.gov.br\/?p=20612","title":{"rendered":"Pol\u00edcia Civil deflagra opera\u00e7\u00e3o \u201cBlack Pic\u201d para reprimir crimes relacionados \u00e0 pornografia infantil em Bigua\u00e7u"},"content":{"rendered":"\t\t<div data-elementor-type=\"wp-post\" data-elementor-id=\"20612\" class=\"elementor elementor-20612\" data-elementor-post-type=\"post\">\n\t\t\t\t\t\t<section class=\"elementor-section elementor-top-section elementor-element elementor-element-b7228c0 elementor-section-boxed elementor-section-height-default elementor-section-height-default\" data-id=\"b7228c0\" data-element_type=\"section\">\n\t\t\t\t\t\t<div class=\"elementor-container elementor-column-gap-default\">\n\t\t\t\t\t<div class=\"elementor-column elementor-col-100 elementor-top-column elementor-element elementor-element-f55b2a7\" data-id=\"f55b2a7\" data-element_type=\"column\">\n\t\t\t<div class=\"elementor-widget-wrap elementor-element-populated\">\n\t\t\t\t\t\t<div class=\"elementor-element elementor-element-125ea2d elementor-widget elementor-widget-heading\" data-id=\"125ea2d\" data-element_type=\"widget\" data-widget_type=\"heading.default\">\n\t\t\t\t<div class=\"elementor-widget-container\">\n\t\t\t\t\t<h2 class=\"elementor-heading-title elementor-size-default\">Pol\u00edcia Civil deflagra opera\u00e7\u00e3o \u201cBlack Pic\u201d para reprimir crimes relacionados \u00e0 pornografia infantil em Bigua\u00e7u<\/h2>\t\t\t\t<\/div>\n\t\t\t\t<\/div>\n\t\t\t\t\t<\/div>\n\t\t<\/div>\n\t\t\t\t\t<\/div>\n\t\t<\/section>\n\t\t\t\t<section class=\"elementor-section elementor-top-section elementor-element elementor-element-4cea878 elementor-section-boxed elementor-section-height-default elementor-section-height-default\" data-id=\"4cea878\" data-element_type=\"section\">\n\t\t\t\t\t\t<div class=\"elementor-container elementor-column-gap-default\">\n\t\t\t\t\t<div class=\"elementor-column elementor-col-100 elementor-top-column elementor-element elementor-element-c797c42\" data-id=\"c797c42\" data-element_type=\"column\">\n\t\t\t<div class=\"elementor-widget-wrap elementor-element-populated\">\n\t\t\t\t\t\t<div class=\"elementor-element elementor-element-4fefb20 elementor-widget elementor-widget-image\" data-id=\"4fefb20\" data-element_type=\"widget\" data-widget_type=\"image.default\">\n\t\t\t\t<div class=\"elementor-widget-container\">\n\t\t\t\t\t\t\t\t\t\t\t\t\t\t\t<img fetchpriority=\"high\" decoding=\"async\" width=\"696\" height=\"718\" src=\"https:\/\/pc.sc.gov.br\/\/wp-content\/uploads\/2024\/06\/WhatsApp-Image-2024-06-04-at-13.40.46.jpeg\" class=\"attachment-large size-large wp-image-20613\" alt=\"\" srcset=\"https:\/\/pc.sc.gov.br\/\/wp-content\/uploads\/2024\/06\/WhatsApp-Image-2024-06-04-at-13.40.46.jpeg 960w, https:\/\/pc.sc.gov.br\/\/wp-content\/uploads\/2024\/06\/WhatsApp-Image-2024-06-04-at-13.40.46-291x300.jpeg 291w, https:\/\/pc.sc.gov.br\/\/wp-content\/uploads\/2024\/06\/WhatsApp-Image-2024-06-04-at-13.40.46-768x792.jpeg 768w\" sizes=\"(max-width: 696px) 100vw, 696px\" \/>\t\t\t\t\t\t\t\t\t\t\t\t\t\t\t<\/div>\n\t\t\t\t<\/div>\n\t\t\t\t\t<\/div>\n\t\t<\/div>\n\t\t\t\t\t<\/div>\n\t\t<\/section>\n\t\t\t\t<section class=\"elementor-section elementor-top-section elementor-element elementor-element-44563c9 elementor-section-boxed elementor-section-height-default elementor-section-height-default\" data-id=\"44563c9\" data-element_type=\"section\">\n\t\t\t\t\t\t<div class=\"elementor-container elementor-column-gap-default\">\n\t\t\t\t\t<div class=\"elementor-column elementor-col-100 elementor-top-column elementor-element elementor-element-57ddb2a\" data-id=\"57ddb2a\" data-element_type=\"column\">\n\t\t\t<div class=\"elementor-widget-wrap elementor-element-populated\">\n\t\t\t\t\t\t<div class=\"elementor-element elementor-element-fc38215 elementor-widget elementor-widget-text-editor\" data-id=\"fc38215\" data-element_type=\"widget\" data-widget_type=\"text-editor.default\">\n\t\t\t\t<div class=\"elementor-widget-container\">\n\t\t\t\t\t\t\t\t\t<p>Nesta ter\u00e7a-feira (4\/6), a Pol\u00edcia Civil de Santa Catarina, por meio da Delegacia\u00a0da Comarca de Bigua\u00e7u, deflagrou a opera\u00e7\u00e3o \u201cBlack Pic\u201d e deu cumprimento a\u00a0tr\u00eas\u00a0mandados de busca e apreens\u00e3o em resid\u00eancias localizadas na cidade de\u00a0Bigua\u00e7u,\u00a0com o intuito de localizar e apreender material relacionado \u00e0\u00a0pornografia\u00a0infantil.<\/p><p>Na oportunidade foram apreendidos aparelhos celulares dos suspeitos. Os aparelhos ser\u00e3o periciados pela Pol\u00edcia Cient\u00edfica com a finalidade de angariar provas quanto \u00e0 materialidade dos delitos em investiga\u00e7\u00e3o nos respectivos inqu\u00e9ritos instaurados pela Delegacia da Comarca de Bigua\u00e7u.<\/p><p>A a\u00e7\u00e3o contou com o apoio da Pol\u00edcia Cient\u00edfica\u00a0e de policiais civis da Delegacia Regional de Pol\u00edcia de S\u00e3o Jos\u00e9.<\/p>\t\t\t\t\t\t\t\t<\/div>\n\t\t\t\t<\/div>\n\t\t\t\t\t<\/div>\n\t\t<\/div>\n\t\t\t\t\t<\/div>\n\t\t<\/section>\n\t\t\t\t<\/div>\n\t\t","protected":false},"excerpt":{"rendered":"<p>Pol\u00edcia Civil deflagra opera\u00e7\u00e3o \u201cBlack Pic\u201d para reprimir crimes relacionados \u00e0 pornografia infantil em Bigua\u00e7u Nesta ter\u00e7a-feira (4\/6), a Pol\u00edcia Civil de Santa Catarina, por meio da Delegacia\u00a0da Comarca de Bigua\u00e7u, deflagrou a opera\u00e7\u00e3o \u201cBlack Pic\u201d e deu cumprimento a\u00a0tr\u00eas\u00a0mandados de busca e apreens\u00e3o em resid\u00eancias localizadas na cidade de\u00a0Bigua\u00e7u,\u00a0com o intuito de localizar e [&hellip;]<\/p>\n","protected":false},"author":5,"featured_media":20613,"comment_status":"closed","ping_status":"open","sticky":false,"template":"","format":"standard","meta":{"_monsterinsights_skip_tracking":false,"_monsterinsights_sitenote_active":false,"_monsterinsights_sitenote_note":"","_monsterinsights_sitenote_category":0,"footnotes":""},"categories":[1],"tags":[],"class_list":["post-20612","post","type-post","status-publish","format-standard","has-post-thumbnail","hentry","category-sem-categoria"],"_links":{"self":[{"href":"https:\/\/pc.sc.gov.br\/index.php?rest_route=\/wp\/v2\/posts\/20612","targetHints":{"allow":["GET"]}}],"collection":[{"href":"https:\/\/pc.sc.gov.br\/index.php?rest_route=\/wp\/v2\/posts"}],"about":[{"href":"https:\/\/pc.sc.gov.br\/index.php?rest_route=\/wp\/v2\/types\/post"}],"author":[{"embeddable":true,"href":"https:\/\/pc.sc.gov.br\/index.php?rest_route=\/wp\/v2\/users\/5"}],"replies":[{"embeddable":true,"href":"https:\/\/pc.sc.gov.br\/index.php?rest_route=%2Fwp%2Fv2%2Fcomments&post=20612"}],"version-history":[{"count":4,"href":"https:\/\/pc.sc.gov.br\/index.php?rest_route=\/wp\/v2\/posts\/20612\/revisions"}],"predecessor-version":[{"id":20617,"href":"https:\/\/pc.sc.gov.br\/index.php?rest_route=\/wp\/v2\/posts\/20612\/revisions\/20617"}],"wp:featuredmedia":[{"embeddable":true,"href":"https:\/\/pc.sc.gov.br\/index.php?rest_route=\/wp\/v2\/media\/20613"}],"wp:attachment":[{"href":"https:\/\/pc.sc.gov.br\/index.php?rest_route=%2Fwp%2Fv2%2Fmedia&parent=20612"}],"wp:term":[{"taxonomy":"category","embeddable":true,"href":"https:\/\/pc.sc.gov.br\/index.php?rest_route=%2Fwp%2Fv2%2Fcategories&post=20612"},{"taxonomy":"post_tag","embeddable":true,"href":"https:\/\/pc.sc.gov.br\/index.php?rest_route=%2Fwp%2Fv2%2Ftags&post=20612"}],"curies":[{"name":"wp","href":"https:\/\/api.w.org\/{rel}","templated":true}]}}