{"id":20618,"date":"2024-06-04T16:42:14","date_gmt":"2024-06-04T19:42:14","guid":{"rendered":"https:\/\/pc.sc.gov.br\/?p=20618"},"modified":"2024-06-04T16:43:04","modified_gmt":"2024-06-04T19:43:04","slug":"policia-civil-prende-tres-suspeitos-por-furto-de-uma-motocicleta-e-assalto-a-um-posto-de-combustivel-em-tubarao","status":"publish","type":"post","link":"https:\/\/pc.sc.gov.br\/?p=20618","title":{"rendered":"Pol\u00edcia Civil prende tr\u00eas suspeitos por furto de uma motocicleta e assalto a um posto de combust\u00edvel em Tubar\u00e3o"},"content":{"rendered":"\t\t<div data-elementor-type=\"wp-post\" data-elementor-id=\"20618\" class=\"elementor elementor-20618\" data-elementor-post-type=\"post\">\n\t\t\t\t\t\t<section class=\"elementor-section elementor-top-section elementor-element elementor-element-4f2d25a elementor-section-boxed elementor-section-height-default elementor-section-height-default\" data-id=\"4f2d25a\" data-element_type=\"section\">\n\t\t\t\t\t\t<div class=\"elementor-container elementor-column-gap-default\">\n\t\t\t\t\t<div class=\"elementor-column elementor-col-100 elementor-top-column elementor-element elementor-element-ad0217d\" data-id=\"ad0217d\" data-element_type=\"column\">\n\t\t\t<div class=\"elementor-widget-wrap elementor-element-populated\">\n\t\t\t\t\t\t<div class=\"elementor-element elementor-element-872e736 elementor-widget elementor-widget-heading\" data-id=\"872e736\" data-element_type=\"widget\" data-widget_type=\"heading.default\">\n\t\t\t\t<div class=\"elementor-widget-container\">\n\t\t\t\t\t<h2 class=\"elementor-heading-title elementor-size-default\">Pol\u00edcia Civil prende tr\u00eas suspeitos por furto de uma motocicleta e assalto a um posto de combust\u00edvel em Tubar\u00e3o<\/h2>\t\t\t\t<\/div>\n\t\t\t\t<\/div>\n\t\t\t\t\t<\/div>\n\t\t<\/div>\n\t\t\t\t\t<\/div>\n\t\t<\/section>\n\t\t\t\t<section class=\"elementor-section elementor-top-section elementor-element elementor-element-9441667 elementor-section-boxed elementor-section-height-default elementor-section-height-default\" data-id=\"9441667\" data-element_type=\"section\">\n\t\t\t\t\t\t<div class=\"elementor-container elementor-column-gap-default\">\n\t\t\t\t\t<div class=\"elementor-column elementor-col-100 elementor-top-column elementor-element elementor-element-4f732be\" data-id=\"4f732be\" data-element_type=\"column\">\n\t\t\t<div class=\"elementor-widget-wrap elementor-element-populated\">\n\t\t\t\t\t\t<div class=\"elementor-element elementor-element-7e43813 elementor-widget elementor-widget-image\" data-id=\"7e43813\" data-element_type=\"widget\" data-widget_type=\"image.default\">\n\t\t\t\t<div class=\"elementor-widget-container\">\n\t\t\t\t\t\t\t\t\t\t\t\t\t\t\t<img fetchpriority=\"high\" decoding=\"async\" width=\"570\" height=\"510\" src=\"https:\/\/pc.sc.gov.br\/\/wp-content\/uploads\/2024\/06\/WhatsApp-Image-2024-06-04-at-16.34.44.jpeg\" class=\"attachment-large size-large wp-image-20619\" alt=\"\" srcset=\"https:\/\/pc.sc.gov.br\/\/wp-content\/uploads\/2024\/06\/WhatsApp-Image-2024-06-04-at-16.34.44.jpeg 570w, https:\/\/pc.sc.gov.br\/\/wp-content\/uploads\/2024\/06\/WhatsApp-Image-2024-06-04-at-16.34.44-300x268.jpeg 300w\" sizes=\"(max-width: 570px) 100vw, 570px\" \/>\t\t\t\t\t\t\t\t\t\t\t\t\t\t\t<\/div>\n\t\t\t\t<\/div>\n\t\t\t\t\t<\/div>\n\t\t<\/div>\n\t\t\t\t\t<\/div>\n\t\t<\/section>\n\t\t\t\t<section class=\"elementor-section elementor-top-section elementor-element elementor-element-793c02b elementor-section-boxed elementor-section-height-default elementor-section-height-default\" data-id=\"793c02b\" data-element_type=\"section\">\n\t\t\t\t\t\t<div class=\"elementor-container elementor-column-gap-default\">\n\t\t\t\t\t<div class=\"elementor-column elementor-col-100 elementor-top-column elementor-element elementor-element-8219fa3\" data-id=\"8219fa3\" data-element_type=\"column\">\n\t\t\t<div class=\"elementor-widget-wrap elementor-element-populated\">\n\t\t\t\t\t\t<div class=\"elementor-element elementor-element-b1f3b97 elementor-widget elementor-widget-text-editor\" data-id=\"b1f3b97\" data-element_type=\"widget\" data-widget_type=\"text-editor.default\">\n\t\t\t\t<div class=\"elementor-widget-container\">\n\t\t\t\t\t\t\t\t\t<p>A Pol\u00edcia Civil de Santa Catarina, por meio da Divis\u00e3o de Investiga\u00e7\u00e3o Criminal (DIC) de Tubar\u00e3o, finalizou inqu\u00e9rito policial no qual se apuravam o furto de uma motocicleta ocorrido no dia 13 de janeiro deste ano, no bairro Dehon, e o assalto ocorrido no posto Garten, no dia 22 janeiro de 2024, na Guarda Margem Esquerda, em Tubar\u00e3o. Tr\u00eas suspeitos foram indiciados e presos preventivamente.<\/p><p>\u00c0 \u00e9poca dos fatos, os autores primeiramente tentaram roubar uma motocicleta na cidade de Capivari de Baixo, por\u00e9m a a\u00e7\u00e3o restou frustrada. Nesse mesmo dia, momentos depois, os indiv\u00edduos vieram a Tubar\u00e3o e subtra\u00edram uma motocicleta no bairro Dehon. Esses primeiros fatos ocorreram em 13\/01\/2024, j\u00e1 no dia 22\/01\/2024, por volta das 20h30min, dois indiv\u00edduos, utilizando-se da motocicleta subtra\u00edda dias antes, praticaram um roubo \u00e0 m\u00e3o armada em um posto de combust\u00edvel situado no bairro Guarda Margem Esquerda.<\/p><p>Durante as investiga\u00e7\u00f5es, com troca de informa\u00e7\u00f5es com a Pol\u00edcia Militar, deflagrou-se opera\u00e7\u00e3o conjunta visando dar cumprimento a cerca de seis mandados de busca e apreens\u00e3o e dois mandados de pris\u00e3o tempor\u00e1ria. Na oportunidade, um indiv\u00edduo foi preso em flagrante por posse irregular de muni\u00e7\u00e3o e tr\u00e1fico de drogas e elementos probat\u00f3rios importantes foram coletados.<\/p><p>Passado alguns meses, outro indiv\u00edduo foi preso, por\u00e9m dias depois um terceiro compareceu \u00e0 DIC e confessou a participa\u00e7\u00e3o no crime. Ao final das investiga\u00e7\u00f5es, tr\u00eas indiv\u00edduos foram indiciados pelos crimes de roubo circunstanciado e furto qualificado. O fato ocorrido na cidade de Capivari de Baixo \u00e9 objeto de inqu\u00e9rito pr\u00f3prio da DPCo de Capivari de Baixo.<\/p><p>Com a elabora\u00e7\u00e3o do relat\u00f3rio final, o Delegado de Pol\u00edcia respons\u00e1vel pelas investiga\u00e7\u00f5es indiciou e representou pela pris\u00e3o preventiva dos tr\u00eas suspeitos, pleito que restou deferido pelo Ju\u00edzo da 2\u00ba Vara Criminal de Tubar\u00e3o. Os mandados foram devidamente cumpridos e o inqu\u00e9rito encaminhado ao Poder Judici\u00e1rio.<\/p>\t\t\t\t\t\t\t\t<\/div>\n\t\t\t\t<\/div>\n\t\t\t\t\t<\/div>\n\t\t<\/div>\n\t\t\t\t\t<\/div>\n\t\t<\/section>\n\t\t\t\t<\/div>\n\t\t","protected":false},"excerpt":{"rendered":"<p>Pol\u00edcia Civil prende tr\u00eas suspeitos por furto de uma motocicleta e assalto a um posto de combust\u00edvel em Tubar\u00e3o A Pol\u00edcia Civil de Santa Catarina, por meio da Divis\u00e3o de Investiga\u00e7\u00e3o Criminal (DIC) de Tubar\u00e3o, finalizou inqu\u00e9rito policial no qual se apuravam o furto de uma motocicleta ocorrido no dia 13 de janeiro deste ano, [&hellip;]<\/p>\n","protected":false},"author":5,"featured_media":20619,"comment_status":"closed","ping_status":"open","sticky":false,"template":"","format":"standard","meta":{"_monsterinsights_skip_tracking":false,"_monsterinsights_sitenote_active":false,"_monsterinsights_sitenote_note":"","_monsterinsights_sitenote_category":0,"footnotes":""},"categories":[1],"tags":[],"class_list":["post-20618","post","type-post","status-publish","format-standard","has-post-thumbnail","hentry","category-sem-categoria"],"_links":{"self":[{"href":"https:\/\/pc.sc.gov.br\/index.php?rest_route=\/wp\/v2\/posts\/20618","targetHints":{"allow":["GET"]}}],"collection":[{"href":"https:\/\/pc.sc.gov.br\/index.php?rest_route=\/wp\/v2\/posts"}],"about":[{"href":"https:\/\/pc.sc.gov.br\/index.php?rest_route=\/wp\/v2\/types\/post"}],"author":[{"embeddable":true,"href":"https:\/\/pc.sc.gov.br\/index.php?rest_route=\/wp\/v2\/users\/5"}],"replies":[{"embeddable":true,"href":"https:\/\/pc.sc.gov.br\/index.php?rest_route=%2Fwp%2Fv2%2Fcomments&post=20618"}],"version-history":[{"count":4,"href":"https:\/\/pc.sc.gov.br\/index.php?rest_route=\/wp\/v2\/posts\/20618\/revisions"}],"predecessor-version":[{"id":20623,"href":"https:\/\/pc.sc.gov.br\/index.php?rest_route=\/wp\/v2\/posts\/20618\/revisions\/20623"}],"wp:featuredmedia":[{"embeddable":true,"href":"https:\/\/pc.sc.gov.br\/index.php?rest_route=\/wp\/v2\/media\/20619"}],"wp:attachment":[{"href":"https:\/\/pc.sc.gov.br\/index.php?rest_route=%2Fwp%2Fv2%2Fmedia&parent=20618"}],"wp:term":[{"taxonomy":"category","embeddable":true,"href":"https:\/\/pc.sc.gov.br\/index.php?rest_route=%2Fwp%2Fv2%2Fcategories&post=20618"},{"taxonomy":"post_tag","embeddable":true,"href":"https:\/\/pc.sc.gov.br\/index.php?rest_route=%2Fwp%2Fv2%2Ftags&post=20618"}],"curies":[{"name":"wp","href":"https:\/\/api.w.org\/{rel}","templated":true}]}}