{"id":20631,"date":"2024-06-04T17:45:38","date_gmt":"2024-06-04T20:45:38","guid":{"rendered":"https:\/\/pc.sc.gov.br\/?p=20631"},"modified":"2024-06-04T17:47:48","modified_gmt":"2024-06-04T20:47:48","slug":"operacao-conjunta-entre-pcsc-e-pmsc-resulta-na-prisao-de-investigado-por-participar-de-crime-em-que-vitima-foi-decapitada-em-araquari","status":"publish","type":"post","link":"https:\/\/pc.sc.gov.br\/?p=20631","title":{"rendered":"Opera\u00e7\u00e3o conjunta entre PCSC e PMSC resulta na pris\u00e3o de investigado por participar de crime em que v\u00edtima foi decapitada, em Araquari"},"content":{"rendered":"\t\t<div data-elementor-type=\"wp-post\" data-elementor-id=\"20631\" class=\"elementor elementor-20631\" data-elementor-post-type=\"post\">\n\t\t\t\t\t\t<section class=\"elementor-section elementor-top-section elementor-element elementor-element-b5bcb2f elementor-section-boxed elementor-section-height-default elementor-section-height-default\" data-id=\"b5bcb2f\" data-element_type=\"section\">\n\t\t\t\t\t\t<div class=\"elementor-container elementor-column-gap-default\">\n\t\t\t\t\t<div class=\"elementor-column elementor-col-100 elementor-top-column elementor-element elementor-element-602bd48\" data-id=\"602bd48\" data-element_type=\"column\">\n\t\t\t<div class=\"elementor-widget-wrap elementor-element-populated\">\n\t\t\t\t\t\t<div class=\"elementor-element elementor-element-929349c elementor-widget elementor-widget-heading\" data-id=\"929349c\" data-element_type=\"widget\" data-widget_type=\"heading.default\">\n\t\t\t\t<div class=\"elementor-widget-container\">\n\t\t\t\t\t<h2 class=\"elementor-heading-title elementor-size-default\">Opera\u00e7\u00e3o conjunta entre PCSC e PMSC resulta na pris\u00e3o de investigado por participar de crime em que v\u00edtima foi decapitada<\/h2>\t\t\t\t<\/div>\n\t\t\t\t<\/div>\n\t\t\t\t\t<\/div>\n\t\t<\/div>\n\t\t\t\t\t<\/div>\n\t\t<\/section>\n\t\t\t\t<section class=\"elementor-section elementor-top-section elementor-element elementor-element-41f8b52 elementor-section-boxed elementor-section-height-default elementor-section-height-default\" data-id=\"41f8b52\" data-element_type=\"section\">\n\t\t\t\t\t\t<div class=\"elementor-container elementor-column-gap-default\">\n\t\t\t\t\t<div class=\"elementor-column elementor-col-100 elementor-top-column elementor-element elementor-element-d16b71a\" data-id=\"d16b71a\" data-element_type=\"column\">\n\t\t\t<div class=\"elementor-widget-wrap elementor-element-populated\">\n\t\t\t\t\t\t<div class=\"elementor-element elementor-element-7595efe elementor-widget elementor-widget-image\" data-id=\"7595efe\" data-element_type=\"widget\" data-widget_type=\"image.default\">\n\t\t\t\t<div class=\"elementor-widget-container\">\n\t\t\t\t\t\t\t\t\t\t\t\t\t\t\t<img fetchpriority=\"high\" decoding=\"async\" width=\"696\" height=\"529\" src=\"https:\/\/pc.sc.gov.br\/\/wp-content\/uploads\/2024\/05\/WhatsApp-Image-2024-01-30-at-16.33.05-fotor-202405031461.jpg\" class=\"attachment-large size-large wp-image-19757\" alt=\"\" srcset=\"https:\/\/pc.sc.gov.br\/\/wp-content\/uploads\/2024\/05\/WhatsApp-Image-2024-01-30-at-16.33.05-fotor-202405031461.jpg 969w, https:\/\/pc.sc.gov.br\/\/wp-content\/uploads\/2024\/05\/WhatsApp-Image-2024-01-30-at-16.33.05-fotor-202405031461-300x228.jpg 300w, https:\/\/pc.sc.gov.br\/\/wp-content\/uploads\/2024\/05\/WhatsApp-Image-2024-01-30-at-16.33.05-fotor-202405031461-768x583.jpg 768w\" sizes=\"(max-width: 696px) 100vw, 696px\" \/>\t\t\t\t\t\t\t\t\t\t\t\t\t\t\t<\/div>\n\t\t\t\t<\/div>\n\t\t\t\t\t<\/div>\n\t\t<\/div>\n\t\t\t\t\t<\/div>\n\t\t<\/section>\n\t\t\t\t<section class=\"elementor-section elementor-top-section elementor-element elementor-element-8fa91ee elementor-section-boxed elementor-section-height-default elementor-section-height-default\" data-id=\"8fa91ee\" data-element_type=\"section\">\n\t\t\t\t\t\t<div class=\"elementor-container elementor-column-gap-default\">\n\t\t\t\t\t<div class=\"elementor-column elementor-col-100 elementor-top-column elementor-element elementor-element-88e5729\" data-id=\"88e5729\" data-element_type=\"column\">\n\t\t\t<div class=\"elementor-widget-wrap elementor-element-populated\">\n\t\t\t\t\t\t<div class=\"elementor-element elementor-element-510cbde elementor-widget elementor-widget-text-editor\" data-id=\"510cbde\" data-element_type=\"widget\" data-widget_type=\"text-editor.default\">\n\t\t\t\t<div class=\"elementor-widget-container\">\n\t\t\t\t\t\t\t\t\t<p>Uma opera\u00e7\u00e3o conjunta entre a Pol\u00edcia Civil de Santa Catarina (PCSC) e da Pol\u00edcia Militar de Santa Catarina (PMSC) resultou na pris\u00e3o de um investigado por participa\u00e7\u00e3o a\u00e7\u00e3o criminosa da decapita\u00e7\u00e3o de um homem, cuja cabe\u00e7a foi encontrada em um posto de gasolina na BR-280 em Araquari, em mar\u00e7o de 2024.\u00a0<\/p><p>A a\u00e7\u00e3o foi desencadeada pela a Delegacia de Pol\u00edcia Civil de Araquari e contou com o apoio do 5\u00ba Comando Regional de Pol\u00edcia Militar, por meio da 2\u00aa Companhia do 27\u00ba Batalh\u00e3o e Guarni\u00e7\u00f5es do T\u00e1tico e Canil do 1\u00ba BPR, juntamente com a Delegacia de Homic\u00eddios, 1\u00ba e 4\u00ba Delegacia de Joinville, Delegacia de Pol\u00edcia de Balne\u00e1rio Barra do Sul, Delegacia de Pol\u00edcia de S\u00e3o Francisco do Sul e N\u00facleo de Opera\u00e7\u00f5es com C\u00e3es da PCSC. Al\u00e9m da pris\u00e3o, tamb\u00e9m foram cumpridos tr\u00eas mandados nas resid\u00eancias dos investigados nos bairros Volta Redonda e Jardim das Oliveiras. O cumprimento dos mandados de busca e apreens\u00e3o visa aprofundar sobre as circunst\u00e2ncias do crime hediondo e esclarecer a participa\u00e7\u00e3o de outros envolvidos.<\/p><p>Dias ap\u00f3s o crime, um ve\u00edculo foi apreendido porque os policiais civis suspeitaram que o carro teria sido usado pelos investigados para transportar a v\u00edtima. Apurou-se tamb\u00e9m que a morte foi a mando de integrantes de fac\u00e7\u00e3o criminosa, isso porque a v\u00edtima apontou um homem sendo o autor do furto de notebooks, ocorrido numa empresa situada no p\u00e1tio do posto, onde a cabe\u00e7a foi encontrada.<\/p><p>A opera\u00e7\u00e3o, que contou com 30 policiais civis e militares e foi deflagrada ap\u00f3s tr\u00eas meses de investiga\u00e7\u00e3o. Foi apreendida uma arma calibre 38, uma carabina de press\u00e3o modificada, simulacro de arma de fogo, muni\u00e7\u00f5es de calibres diferentes, dinheiro em esp\u00e9cie, celulares e droga.\u00a0\u00a0<\/p><p>O preso foi direcionado \u00e0 Unidade Prisional Avan\u00e7ada de S\u00e3o Francisco do Sul e encontra-se \u00e0 disposi\u00e7\u00e3o da Justi\u00e7a.<\/p>\t\t\t\t\t\t\t\t<\/div>\n\t\t\t\t<\/div>\n\t\t\t\t\t<\/div>\n\t\t<\/div>\n\t\t\t\t\t<\/div>\n\t\t<\/section>\n\t\t\t\t<\/div>\n\t\t","protected":false},"excerpt":{"rendered":"<p>Opera\u00e7\u00e3o conjunta entre PCSC e PMSC resulta na pris\u00e3o de investigado por participar de crime em que v\u00edtima foi decapitada Uma opera\u00e7\u00e3o conjunta entre a Pol\u00edcia Civil de Santa Catarina (PCSC) e da Pol\u00edcia Militar de Santa Catarina (PMSC) resultou na pris\u00e3o de um investigado por participa\u00e7\u00e3o a\u00e7\u00e3o criminosa da decapita\u00e7\u00e3o de um homem, cuja [&hellip;]<\/p>\n","protected":false},"author":5,"featured_media":19582,"comment_status":"closed","ping_status":"open","sticky":false,"template":"","format":"standard","meta":{"_monsterinsights_skip_tracking":false,"_monsterinsights_sitenote_active":false,"_monsterinsights_sitenote_note":"","_monsterinsights_sitenote_category":0,"footnotes":""},"categories":[1],"tags":[],"class_list":["post-20631","post","type-post","status-publish","format-standard","has-post-thumbnail","hentry","category-sem-categoria"],"_links":{"self":[{"href":"https:\/\/pc.sc.gov.br\/index.php?rest_route=\/wp\/v2\/posts\/20631","targetHints":{"allow":["GET"]}}],"collection":[{"href":"https:\/\/pc.sc.gov.br\/index.php?rest_route=\/wp\/v2\/posts"}],"about":[{"href":"https:\/\/pc.sc.gov.br\/index.php?rest_route=\/wp\/v2\/types\/post"}],"author":[{"embeddable":true,"href":"https:\/\/pc.sc.gov.br\/index.php?rest_route=\/wp\/v2\/users\/5"}],"replies":[{"embeddable":true,"href":"https:\/\/pc.sc.gov.br\/index.php?rest_route=%2Fwp%2Fv2%2Fcomments&post=20631"}],"version-history":[{"count":3,"href":"https:\/\/pc.sc.gov.br\/index.php?rest_route=\/wp\/v2\/posts\/20631\/revisions"}],"predecessor-version":[{"id":20635,"href":"https:\/\/pc.sc.gov.br\/index.php?rest_route=\/wp\/v2\/posts\/20631\/revisions\/20635"}],"wp:featuredmedia":[{"embeddable":true,"href":"https:\/\/pc.sc.gov.br\/index.php?rest_route=\/wp\/v2\/media\/19582"}],"wp:attachment":[{"href":"https:\/\/pc.sc.gov.br\/index.php?rest_route=%2Fwp%2Fv2%2Fmedia&parent=20631"}],"wp:term":[{"taxonomy":"category","embeddable":true,"href":"https:\/\/pc.sc.gov.br\/index.php?rest_route=%2Fwp%2Fv2%2Fcategories&post=20631"},{"taxonomy":"post_tag","embeddable":true,"href":"https:\/\/pc.sc.gov.br\/index.php?rest_route=%2Fwp%2Fv2%2Ftags&post=20631"}],"curies":[{"name":"wp","href":"https:\/\/api.w.org\/{rel}","templated":true}]}}