{"id":20636,"date":"2024-06-04T18:30:30","date_gmt":"2024-06-04T21:30:30","guid":{"rendered":"https:\/\/pc.sc.gov.br\/?p=20636"},"modified":"2024-06-04T18:31:52","modified_gmt":"2024-06-04T21:31:52","slug":"dic-de-lages-prende-dois-homens-procurados-por-crimes-contra-a-ordem-tributaria-e-apropriacao-indebita","status":"publish","type":"post","link":"https:\/\/pc.sc.gov.br\/?p=20636","title":{"rendered":"DIC de Lages prende dois homens procurados por crimes contra a ordem tribut\u00e1ria e apropria\u00e7\u00e3o ind\u00e9bita"},"content":{"rendered":"\t\t<div data-elementor-type=\"wp-post\" data-elementor-id=\"20636\" class=\"elementor elementor-20636\" data-elementor-post-type=\"post\">\n\t\t\t\t\t\t<section class=\"elementor-section elementor-top-section elementor-element elementor-element-c1bc9a6 elementor-section-boxed elementor-section-height-default elementor-section-height-default\" data-id=\"c1bc9a6\" data-element_type=\"section\">\n\t\t\t\t\t\t<div class=\"elementor-container elementor-column-gap-default\">\n\t\t\t\t\t<div class=\"elementor-column elementor-col-100 elementor-top-column elementor-element elementor-element-a5a6da6\" data-id=\"a5a6da6\" data-element_type=\"column\">\n\t\t\t<div class=\"elementor-widget-wrap elementor-element-populated\">\n\t\t\t\t\t\t<div class=\"elementor-element elementor-element-b8b11a0 elementor-widget elementor-widget-heading\" data-id=\"b8b11a0\" data-element_type=\"widget\" data-widget_type=\"heading.default\">\n\t\t\t\t<div class=\"elementor-widget-container\">\n\t\t\t\t\t<h2 class=\"elementor-heading-title elementor-size-default\">DIC de Lages prende dois homens procurados por crimes contra a ordem tribut\u00e1ria e apropria\u00e7\u00e3o ind\u00e9bita<\/h2>\t\t\t\t<\/div>\n\t\t\t\t<\/div>\n\t\t\t\t\t<\/div>\n\t\t<\/div>\n\t\t\t\t\t<\/div>\n\t\t<\/section>\n\t\t\t\t<section class=\"elementor-section elementor-top-section elementor-element elementor-element-2642d1f elementor-section-boxed elementor-section-height-default elementor-section-height-default\" data-id=\"2642d1f\" data-element_type=\"section\">\n\t\t\t\t\t\t<div class=\"elementor-container elementor-column-gap-default\">\n\t\t\t\t\t<div class=\"elementor-column elementor-col-100 elementor-top-column elementor-element elementor-element-2fd676d\" data-id=\"2fd676d\" data-element_type=\"column\">\n\t\t\t<div class=\"elementor-widget-wrap elementor-element-populated\">\n\t\t\t\t\t\t<div class=\"elementor-element elementor-element-f9aee4e elementor-widget elementor-widget-image\" data-id=\"f9aee4e\" data-element_type=\"widget\" data-widget_type=\"image.default\">\n\t\t\t\t<div class=\"elementor-widget-container\">\n\t\t\t\t\t\t\t\t\t\t\t\t\t\t\t<img fetchpriority=\"high\" decoding=\"async\" width=\"696\" height=\"501\" src=\"https:\/\/pc.sc.gov.br\/\/wp-content\/uploads\/2024\/05\/DIC-DE-LAGES-CORTA-fotor-202401031851.png\" class=\"attachment-large size-large wp-image-20341\" alt=\"\" srcset=\"https:\/\/pc.sc.gov.br\/\/wp-content\/uploads\/2024\/05\/DIC-DE-LAGES-CORTA-fotor-202401031851.png 950w, https:\/\/pc.sc.gov.br\/\/wp-content\/uploads\/2024\/05\/DIC-DE-LAGES-CORTA-fotor-202401031851-300x216.png 300w, https:\/\/pc.sc.gov.br\/\/wp-content\/uploads\/2024\/05\/DIC-DE-LAGES-CORTA-fotor-202401031851-768x553.png 768w\" sizes=\"(max-width: 696px) 100vw, 696px\" \/>\t\t\t\t\t\t\t\t\t\t\t\t\t\t\t<\/div>\n\t\t\t\t<\/div>\n\t\t\t\t\t<\/div>\n\t\t<\/div>\n\t\t\t\t\t<\/div>\n\t\t<\/section>\n\t\t\t\t<section class=\"elementor-section elementor-top-section elementor-element elementor-element-cdebf1a elementor-section-boxed elementor-section-height-default elementor-section-height-default\" data-id=\"cdebf1a\" data-element_type=\"section\">\n\t\t\t\t\t\t<div class=\"elementor-container elementor-column-gap-default\">\n\t\t\t\t\t<div class=\"elementor-column elementor-col-100 elementor-top-column elementor-element elementor-element-68aa803\" data-id=\"68aa803\" data-element_type=\"column\">\n\t\t\t<div class=\"elementor-widget-wrap elementor-element-populated\">\n\t\t\t\t\t\t<div class=\"elementor-element elementor-element-fa131c7 elementor-widget elementor-widget-text-editor\" data-id=\"fa131c7\" data-element_type=\"widget\" data-widget_type=\"text-editor.default\">\n\t\t\t\t<div class=\"elementor-widget-container\">\n\t\t\t\t\t\t\t\t\t<p>A Pol\u00edcia Civil de Santa Catarina (PCSC), por meio da Delegacia de Investiga\u00e7\u00e3o Criminal (DIC) de Lages, realizou nesta ter\u00e7a-feira (4), a pris\u00e3o de dois indiv\u00edduos foragidos da justi\u00e7a, condenados pela pr\u00e1tica de crimes contra a ordem tribut\u00e1ria e de apropria\u00e7\u00e3o ind\u00e9bita.<\/p><p>O primeiro investigado preso foi localizado em seu local de trabalho, no bairro S\u00e3o Crist\u00f3v\u00e3o, em Lages. O segundo investigado preso foi localizado em via p\u00fablica, na regi\u00e3o central do munic\u00edpio.\u00a0<\/p><p>Ap\u00f3s os tr\u00e2mites legais, dois presos foram encaminhados para o Pres\u00eddio de Lages.<\/p>\t\t\t\t\t\t\t\t<\/div>\n\t\t\t\t<\/div>\n\t\t\t\t\t<\/div>\n\t\t<\/div>\n\t\t\t\t\t<\/div>\n\t\t<\/section>\n\t\t\t\t<\/div>\n\t\t","protected":false},"excerpt":{"rendered":"<p>DIC de Lages prende dois homens procurados por crimes contra a ordem tribut\u00e1ria e apropria\u00e7\u00e3o ind\u00e9bita A Pol\u00edcia Civil de Santa Catarina (PCSC), por meio da Delegacia de Investiga\u00e7\u00e3o Criminal (DIC) de Lages, realizou nesta ter\u00e7a-feira (4), a pris\u00e3o de dois indiv\u00edduos foragidos da justi\u00e7a, condenados pela pr\u00e1tica de crimes contra a ordem tribut\u00e1ria e [&hellip;]<\/p>\n","protected":false},"author":5,"featured_media":20341,"comment_status":"closed","ping_status":"open","sticky":false,"template":"","format":"standard","meta":{"_monsterinsights_skip_tracking":false,"_monsterinsights_sitenote_active":false,"_monsterinsights_sitenote_note":"","_monsterinsights_sitenote_category":0,"footnotes":""},"categories":[1],"tags":[],"class_list":["post-20636","post","type-post","status-publish","format-standard","has-post-thumbnail","hentry","category-sem-categoria"],"_links":{"self":[{"href":"https:\/\/pc.sc.gov.br\/index.php?rest_route=\/wp\/v2\/posts\/20636","targetHints":{"allow":["GET"]}}],"collection":[{"href":"https:\/\/pc.sc.gov.br\/index.php?rest_route=\/wp\/v2\/posts"}],"about":[{"href":"https:\/\/pc.sc.gov.br\/index.php?rest_route=\/wp\/v2\/types\/post"}],"author":[{"embeddable":true,"href":"https:\/\/pc.sc.gov.br\/index.php?rest_route=\/wp\/v2\/users\/5"}],"replies":[{"embeddable":true,"href":"https:\/\/pc.sc.gov.br\/index.php?rest_route=%2Fwp%2Fv2%2Fcomments&post=20636"}],"version-history":[{"count":4,"href":"https:\/\/pc.sc.gov.br\/index.php?rest_route=\/wp\/v2\/posts\/20636\/revisions"}],"predecessor-version":[{"id":20640,"href":"https:\/\/pc.sc.gov.br\/index.php?rest_route=\/wp\/v2\/posts\/20636\/revisions\/20640"}],"wp:featuredmedia":[{"embeddable":true,"href":"https:\/\/pc.sc.gov.br\/index.php?rest_route=\/wp\/v2\/media\/20341"}],"wp:attachment":[{"href":"https:\/\/pc.sc.gov.br\/index.php?rest_route=%2Fwp%2Fv2%2Fmedia&parent=20636"}],"wp:term":[{"taxonomy":"category","embeddable":true,"href":"https:\/\/pc.sc.gov.br\/index.php?rest_route=%2Fwp%2Fv2%2Fcategories&post=20636"},{"taxonomy":"post_tag","embeddable":true,"href":"https:\/\/pc.sc.gov.br\/index.php?rest_route=%2Fwp%2Fv2%2Ftags&post=20636"}],"curies":[{"name":"wp","href":"https:\/\/api.w.org\/{rel}","templated":true}]}}