{"id":20642,"date":"2024-06-05T13:48:11","date_gmt":"2024-06-05T16:48:11","guid":{"rendered":"https:\/\/pc.sc.gov.br\/?p=20642"},"modified":"2024-06-05T13:49:27","modified_gmt":"2024-06-05T16:49:27","slug":"delegacia-de-homicidios-da-capital-cumpre-mandados-de-prisao-e-de-busca-e-apreensao-e-localiza-corpo-enterrado-no-norte-da-ilha","status":"publish","type":"post","link":"https:\/\/pc.sc.gov.br\/?p=20642","title":{"rendered":"Delegacia de Homic\u00eddios da Capital cumpre mandados de pris\u00e3o e de busca e apreens\u00e3o e localiza corpo enterrado no Norte da Ilha"},"content":{"rendered":"\t\t<div data-elementor-type=\"wp-post\" data-elementor-id=\"20642\" class=\"elementor elementor-20642\" data-elementor-post-type=\"post\">\n\t\t\t\t\t\t<section class=\"elementor-section elementor-top-section elementor-element elementor-element-55c1a56 elementor-section-boxed elementor-section-height-default elementor-section-height-default\" data-id=\"55c1a56\" data-element_type=\"section\">\n\t\t\t\t\t\t<div class=\"elementor-container elementor-column-gap-default\">\n\t\t\t\t\t<div class=\"elementor-column elementor-col-100 elementor-top-column elementor-element elementor-element-0f0190e\" data-id=\"0f0190e\" data-element_type=\"column\">\n\t\t\t<div class=\"elementor-widget-wrap elementor-element-populated\">\n\t\t\t\t\t\t<div class=\"elementor-element elementor-element-c3d0abb elementor-widget elementor-widget-heading\" data-id=\"c3d0abb\" data-element_type=\"widget\" data-widget_type=\"heading.default\">\n\t\t\t\t<div class=\"elementor-widget-container\">\n\t\t\t\t\t<h2 class=\"elementor-heading-title elementor-size-default\">Delegacia de Homic\u00eddios da Capital cumpre mandados de pris\u00e3o e de busca e apreens\u00e3o e localiza corpo enterrado no Norte da Ilha<\/h2>\t\t\t\t<\/div>\n\t\t\t\t<\/div>\n\t\t\t\t\t<\/div>\n\t\t<\/div>\n\t\t\t\t\t<\/div>\n\t\t<\/section>\n\t\t\t\t<section class=\"elementor-section elementor-top-section elementor-element elementor-element-f5a1e6a elementor-section-boxed elementor-section-height-default elementor-section-height-default\" data-id=\"f5a1e6a\" data-element_type=\"section\">\n\t\t\t\t\t\t<div class=\"elementor-container elementor-column-gap-default\">\n\t\t\t\t\t<div class=\"elementor-column elementor-col-100 elementor-top-column elementor-element elementor-element-ebde7af\" data-id=\"ebde7af\" data-element_type=\"column\">\n\t\t\t<div class=\"elementor-widget-wrap elementor-element-populated\">\n\t\t\t\t\t\t<div class=\"elementor-element elementor-element-d307535 elementor-widget elementor-widget-image\" data-id=\"d307535\" data-element_type=\"widget\" data-widget_type=\"image.default\">\n\t\t\t\t<div class=\"elementor-widget-container\">\n\t\t\t\t\t\t\t\t\t\t\t\t\t\t\t<img fetchpriority=\"high\" decoding=\"async\" width=\"576\" height=\"1024\" src=\"https:\/\/pc.sc.gov.br\/\/wp-content\/uploads\/2024\/06\/WhatsApp-Image-2024-06-05-at-12.51.51-1-576x1024.jpeg\" class=\"attachment-large size-large wp-image-20644\" alt=\"\" srcset=\"https:\/\/pc.sc.gov.br\/\/wp-content\/uploads\/2024\/06\/WhatsApp-Image-2024-06-05-at-12.51.51-1-576x1024.jpeg 576w, https:\/\/pc.sc.gov.br\/\/wp-content\/uploads\/2024\/06\/WhatsApp-Image-2024-06-05-at-12.51.51-1-169x300.jpeg 169w, https:\/\/pc.sc.gov.br\/\/wp-content\/uploads\/2024\/06\/WhatsApp-Image-2024-06-05-at-12.51.51-1-768x1366.jpeg 768w, https:\/\/pc.sc.gov.br\/\/wp-content\/uploads\/2024\/06\/WhatsApp-Image-2024-06-05-at-12.51.51-1-864x1536.jpeg 864w, https:\/\/pc.sc.gov.br\/\/wp-content\/uploads\/2024\/06\/WhatsApp-Image-2024-06-05-at-12.51.51-1.jpeg 899w\" sizes=\"(max-width: 576px) 100vw, 576px\" \/>\t\t\t\t\t\t\t\t\t\t\t\t\t\t\t<\/div>\n\t\t\t\t<\/div>\n\t\t\t\t\t<\/div>\n\t\t<\/div>\n\t\t\t\t\t<\/div>\n\t\t<\/section>\n\t\t\t\t<section class=\"elementor-section elementor-top-section elementor-element elementor-element-7730753 elementor-section-boxed elementor-section-height-default elementor-section-height-default\" data-id=\"7730753\" data-element_type=\"section\">\n\t\t\t\t\t\t<div class=\"elementor-container elementor-column-gap-default\">\n\t\t\t\t\t<div class=\"elementor-column elementor-col-100 elementor-top-column elementor-element elementor-element-3621b22\" data-id=\"3621b22\" data-element_type=\"column\">\n\t\t\t<div class=\"elementor-widget-wrap elementor-element-populated\">\n\t\t\t\t\t\t<div class=\"elementor-element elementor-element-2ed4f0f elementor-widget elementor-widget-text-editor\" data-id=\"2ed4f0f\" data-element_type=\"widget\" data-widget_type=\"text-editor.default\">\n\t\t\t\t<div class=\"elementor-widget-container\">\n\t\t\t\t\t\t\t\t\t<p>Nesta quarta-feira (5\/6), a Pol\u00edcia Civil de Santa Catarina, por meio da Delegacia de Homic\u00eddios da Capital da Capital (DH), cumpriu quatro mandados de busca e apreens\u00e3o e uma pris\u00e3o tempor\u00e1ria em Ingleses, no norte da ilha. As ordens judiciais foram expedidas pela Vara do Tribunal do J\u00fari da Comarca da Capital. A a\u00e7\u00e3o contou com o apoio de policiais militares do 21BPM e policiais civis da Coordenadoria de Opera\u00e7\u00f5es Policiais com C\u00e3es da PCSC.<\/p><p>Os cumprimentos ocorreram na comunidade Lajotinha. Na ocasi\u00e3o, foram apreendidos materiais probat\u00f3rios da pr\u00e1tica de uma tentativa de homic\u00eddio ocorrido no mesmo bairro da Capital. Em outra casa, foi localizada certa quantidade da maconha, em posse de um homem, que foi preso em flagrante e que \u00e9 apontado como integrante de fac\u00e7\u00e3o criminosa.<\/p><p>Os presos s\u00e3o investigados por meio de inqu\u00e9ritos policiais que apuram os crimes de homic\u00eddio e tentativa de homic\u00eddio. Os custodiados foram encaminhados \u00e0 Central de Plant\u00e3o Policial e o material apreendido foi encaminhado para a per\u00edcia.<\/p><p>Na mesma ocasi\u00e3o, foram feitas novas diligencias na regi\u00e3o de mata fechada, nos fundos da comunidade Vila Sapo, onde foi localizado enterrado o corpo de v\u00edtima, morta no dia 18\/04\/2024 por uma fac\u00e7\u00e3o criminosa, por d\u00edvida de droga. Caso que tamb\u00e9m \u00e9 investigado pela DH em outro inqu\u00e9rito policial. A Pol\u00edcia Cient\u00edfica foi acionada, o local foi periciado e o corpo encaminhado ao Instituto de Medicina Legal.<\/p>\t\t\t\t\t\t\t\t<\/div>\n\t\t\t\t<\/div>\n\t\t\t\t\t<\/div>\n\t\t<\/div>\n\t\t\t\t\t<\/div>\n\t\t<\/section>\n\t\t\t\t<section class=\"elementor-section elementor-top-section elementor-element elementor-element-b431d29 elementor-section-boxed elementor-section-height-default elementor-section-height-default\" data-id=\"b431d29\" data-element_type=\"section\">\n\t\t\t\t\t\t<div class=\"elementor-container elementor-column-gap-default\">\n\t\t\t\t\t<div class=\"elementor-column elementor-col-100 elementor-top-column elementor-element elementor-element-5596ac6\" data-id=\"5596ac6\" data-element_type=\"column\">\n\t\t\t<div class=\"elementor-widget-wrap elementor-element-populated\">\n\t\t\t\t\t\t<div class=\"elementor-element elementor-element-b19da25 elementor-widget elementor-widget-image\" data-id=\"b19da25\" data-element_type=\"widget\" data-widget_type=\"image.default\">\n\t\t\t\t<div class=\"elementor-widget-container\">\n\t\t\t\t\t\t\t\t\t\t\t\t\t\t\t<img decoding=\"async\" width=\"576\" height=\"1024\" src=\"https:\/\/pc.sc.gov.br\/\/wp-content\/uploads\/2024\/06\/WhatsApp-Image-2024-06-05-at-12.51.51-576x1024.jpeg\" class=\"attachment-large size-large wp-image-20643\" alt=\"\" srcset=\"https:\/\/pc.sc.gov.br\/\/wp-content\/uploads\/2024\/06\/WhatsApp-Image-2024-06-05-at-12.51.51-576x1024.jpeg 576w, https:\/\/pc.sc.gov.br\/\/wp-content\/uploads\/2024\/06\/WhatsApp-Image-2024-06-05-at-12.51.51-169x300.jpeg 169w, https:\/\/pc.sc.gov.br\/\/wp-content\/uploads\/2024\/06\/WhatsApp-Image-2024-06-05-at-12.51.51-768x1366.jpeg 768w, https:\/\/pc.sc.gov.br\/\/wp-content\/uploads\/2024\/06\/WhatsApp-Image-2024-06-05-at-12.51.51-864x1536.jpeg 864w, https:\/\/pc.sc.gov.br\/\/wp-content\/uploads\/2024\/06\/WhatsApp-Image-2024-06-05-at-12.51.51.jpeg 899w\" sizes=\"(max-width: 576px) 100vw, 576px\" \/>\t\t\t\t\t\t\t\t\t\t\t\t\t\t\t<\/div>\n\t\t\t\t<\/div>\n\t\t\t\t\t<\/div>\n\t\t<\/div>\n\t\t\t\t\t<\/div>\n\t\t<\/section>\n\t\t\t\t<\/div>\n\t\t","protected":false},"excerpt":{"rendered":"<p>Delegacia de Homic\u00eddios da Capital cumpre mandados de pris\u00e3o e de busca e apreens\u00e3o e localiza corpo enterrado no Norte da Ilha Nesta quarta-feira (5\/6), a Pol\u00edcia Civil de Santa Catarina, por meio da Delegacia de Homic\u00eddios da Capital da Capital (DH), cumpriu quatro mandados de busca e apreens\u00e3o e uma pris\u00e3o tempor\u00e1ria em Ingleses, [&hellip;]<\/p>\n","protected":false},"author":5,"featured_media":20644,"comment_status":"closed","ping_status":"open","sticky":false,"template":"","format":"standard","meta":{"_monsterinsights_skip_tracking":false,"_monsterinsights_sitenote_active":false,"_monsterinsights_sitenote_note":"","_monsterinsights_sitenote_category":0,"footnotes":""},"categories":[1],"tags":[],"class_list":["post-20642","post","type-post","status-publish","format-standard","has-post-thumbnail","hentry","category-sem-categoria"],"_links":{"self":[{"href":"https:\/\/pc.sc.gov.br\/index.php?rest_route=\/wp\/v2\/posts\/20642","targetHints":{"allow":["GET"]}}],"collection":[{"href":"https:\/\/pc.sc.gov.br\/index.php?rest_route=\/wp\/v2\/posts"}],"about":[{"href":"https:\/\/pc.sc.gov.br\/index.php?rest_route=\/wp\/v2\/types\/post"}],"author":[{"embeddable":true,"href":"https:\/\/pc.sc.gov.br\/index.php?rest_route=\/wp\/v2\/users\/5"}],"replies":[{"embeddable":true,"href":"https:\/\/pc.sc.gov.br\/index.php?rest_route=%2Fwp%2Fv2%2Fcomments&post=20642"}],"version-history":[{"count":4,"href":"https:\/\/pc.sc.gov.br\/index.php?rest_route=\/wp\/v2\/posts\/20642\/revisions"}],"predecessor-version":[{"id":20648,"href":"https:\/\/pc.sc.gov.br\/index.php?rest_route=\/wp\/v2\/posts\/20642\/revisions\/20648"}],"wp:featuredmedia":[{"embeddable":true,"href":"https:\/\/pc.sc.gov.br\/index.php?rest_route=\/wp\/v2\/media\/20644"}],"wp:attachment":[{"href":"https:\/\/pc.sc.gov.br\/index.php?rest_route=%2Fwp%2Fv2%2Fmedia&parent=20642"}],"wp:term":[{"taxonomy":"category","embeddable":true,"href":"https:\/\/pc.sc.gov.br\/index.php?rest_route=%2Fwp%2Fv2%2Fcategories&post=20642"},{"taxonomy":"post_tag","embeddable":true,"href":"https:\/\/pc.sc.gov.br\/index.php?rest_route=%2Fwp%2Fv2%2Ftags&post=20642"}],"curies":[{"name":"wp","href":"https:\/\/api.w.org\/{rel}","templated":true}]}}