{"id":20649,"date":"2024-06-05T14:52:27","date_gmt":"2024-06-05T17:52:27","guid":{"rendered":"https:\/\/pc.sc.gov.br\/?p=20649"},"modified":"2024-06-05T14:53:36","modified_gmt":"2024-06-05T17:53:36","slug":"policia-civil-ja-cumpriu-485-mandados-de-prisao-na-regiao-oeste-de-sc-em-2024","status":"publish","type":"post","link":"https:\/\/pc.sc.gov.br\/?p=20649","title":{"rendered":"Pol\u00edcia Civil j\u00e1 cumpriu 485 mandados de pris\u00e3o na regi\u00e3o oeste de SC em 2024"},"content":{"rendered":"\t\t<div data-elementor-type=\"wp-post\" data-elementor-id=\"20649\" class=\"elementor elementor-20649\" data-elementor-post-type=\"post\">\n\t\t\t\t\t\t<section class=\"elementor-section elementor-top-section elementor-element elementor-element-9d6aada elementor-section-boxed elementor-section-height-default elementor-section-height-default\" data-id=\"9d6aada\" data-element_type=\"section\">\n\t\t\t\t\t\t<div class=\"elementor-container elementor-column-gap-default\">\n\t\t\t\t\t<div class=\"elementor-column elementor-col-100 elementor-top-column elementor-element elementor-element-38e91ef\" data-id=\"38e91ef\" data-element_type=\"column\">\n\t\t\t<div class=\"elementor-widget-wrap elementor-element-populated\">\n\t\t\t\t\t\t<div class=\"elementor-element elementor-element-2bacbae elementor-widget elementor-widget-heading\" data-id=\"2bacbae\" data-element_type=\"widget\" data-widget_type=\"heading.default\">\n\t\t\t\t<div class=\"elementor-widget-container\">\n\t\t\t\t\t<h2 class=\"elementor-heading-title elementor-size-default\">Pol\u00edcia Civil j\u00e1 cumpriu 485 mandados de pris\u00e3o na regi\u00e3o oeste de SC em 2024<\/h2>\t\t\t\t<\/div>\n\t\t\t\t<\/div>\n\t\t\t\t\t<\/div>\n\t\t<\/div>\n\t\t\t\t\t<\/div>\n\t\t<\/section>\n\t\t\t\t<section class=\"elementor-section elementor-top-section elementor-element elementor-element-01411b0 elementor-section-boxed elementor-section-height-default elementor-section-height-default\" data-id=\"01411b0\" data-element_type=\"section\">\n\t\t\t\t\t\t<div class=\"elementor-container elementor-column-gap-default\">\n\t\t\t\t\t<div class=\"elementor-column elementor-col-100 elementor-top-column elementor-element elementor-element-72d4afb\" data-id=\"72d4afb\" data-element_type=\"column\">\n\t\t\t<div class=\"elementor-widget-wrap elementor-element-populated\">\n\t\t\t\t\t\t<div class=\"elementor-element elementor-element-7aea3b4 elementor-widget elementor-widget-image\" data-id=\"7aea3b4\" data-element_type=\"widget\" data-widget_type=\"image.default\">\n\t\t\t\t<div class=\"elementor-widget-container\">\n\t\t\t\t\t\t\t\t\t\t\t\t\t\t\t<img fetchpriority=\"high\" decoding=\"async\" width=\"696\" height=\"696\" src=\"https:\/\/pc.sc.gov.br\/\/wp-content\/uploads\/2024\/06\/Dados-do-sistema-Boa-Vista-extraidos-em-301122-Comparativo-dos-periodos-010121-a-301121-e--1024x1024.png\" class=\"attachment-large size-large wp-image-20650\" alt=\"\" srcset=\"https:\/\/pc.sc.gov.br\/\/wp-content\/uploads\/2024\/06\/Dados-do-sistema-Boa-Vista-extraidos-em-301122-Comparativo-dos-periodos-010121-a-301121-e--1024x1024.png 1024w, https:\/\/pc.sc.gov.br\/\/wp-content\/uploads\/2024\/06\/Dados-do-sistema-Boa-Vista-extraidos-em-301122-Comparativo-dos-periodos-010121-a-301121-e--300x300.png 300w, https:\/\/pc.sc.gov.br\/\/wp-content\/uploads\/2024\/06\/Dados-do-sistema-Boa-Vista-extraidos-em-301122-Comparativo-dos-periodos-010121-a-301121-e--150x150.png 150w, https:\/\/pc.sc.gov.br\/\/wp-content\/uploads\/2024\/06\/Dados-do-sistema-Boa-Vista-extraidos-em-301122-Comparativo-dos-periodos-010121-a-301121-e--768x768.png 768w, https:\/\/pc.sc.gov.br\/\/wp-content\/uploads\/2024\/06\/Dados-do-sistema-Boa-Vista-extraidos-em-301122-Comparativo-dos-periodos-010121-a-301121-e-.png 1080w\" sizes=\"(max-width: 696px) 100vw, 696px\" \/>\t\t\t\t\t\t\t\t\t\t\t\t\t\t\t<\/div>\n\t\t\t\t<\/div>\n\t\t\t\t\t<\/div>\n\t\t<\/div>\n\t\t\t\t\t<\/div>\n\t\t<\/section>\n\t\t\t\t<section class=\"elementor-section elementor-top-section elementor-element elementor-element-d9f81a5 elementor-section-boxed elementor-section-height-default elementor-section-height-default\" data-id=\"d9f81a5\" data-element_type=\"section\">\n\t\t\t\t\t\t<div class=\"elementor-container elementor-column-gap-default\">\n\t\t\t\t\t<div class=\"elementor-column elementor-col-100 elementor-top-column elementor-element elementor-element-7ee1ca8\" data-id=\"7ee1ca8\" data-element_type=\"column\">\n\t\t\t<div class=\"elementor-widget-wrap elementor-element-populated\">\n\t\t\t\t\t\t<div class=\"elementor-element elementor-element-241a2f2 elementor-widget elementor-widget-text-editor\" data-id=\"241a2f2\" data-element_type=\"widget\" data-widget_type=\"text-editor.default\">\n\t\t\t\t<div class=\"elementor-widget-container\">\n\t\t\t\t\t\t\t\t\t<p>A Pol\u00edcia Civil de Santa Catarina, por meio da Diretoria de Pol\u00edcia da Fronteira (DIFRON\/PCSC), apresentou nesta quarta-feira (05\/06) os indicadores de criminalidade referente ao ano de 2024 na circunscri\u00e7\u00e3o dos 89 munic\u00edpios da regi\u00e3o oeste de Santa Catarina.<\/p><p>Desde o dia 1\u00ba de janeiro at\u00e9 o dia 31 de maio, a Pol\u00edcia Civil de Santa Catarina, na regi\u00e3o Oeste, prendeu 485 pessoas, por meio do cumprimento de mandados de pris\u00e3o. Um crescimento de 7,5% comparado ao mesmo per\u00edodo de 2023.<\/p><p>As 12 unidades policiais que mais cumpriram os mandados de pris\u00e3o foram:<\/p><p>DIC\/FRON \u2013 CHAPEC\u00d3:\u00a0 81<\/p><p>DIC\/FRON \u2013 XANXER\u00ca: 42<\/p><p>DPCO\/FRON \u2013 S\u00c3O MIGUEL DO OESTE: 28<\/p><p>DIC\/FRON \u2013 S\u00c3O LOUREN\u00c7O DO OESTE: 26<\/p><p>DPCO\/FRON \u2013 XANXER\u00ca: 25<\/p><p>DPCO\/FRON &#8211; XAXIM: 22<\/p><p>DPC\/FRON \u2013 PONTE SERRADA: 18<\/p><p>DIC\/FRON \u2013 S\u00c3O MIGUEL DO OESTE: 18<\/p><p>DPCO\/FRON \u2013 ABELARDO LUZ: 15<\/p><p>DPCO\/FRON \u2013 DION\u00cdSIO CERQUEIRA: 14<\/p><p>DPCAMI\/FRON \u2013 MARAVILHA: 14<\/p><p>DPCO\/FRON &#8211; MARAVILHA: 14<\/p><p>Em rela\u00e7\u00e3o aos \u00edndices de criminalidade, registrou-se uma queda significativa em diversos indicadores, dentre eles, uma redu\u00e7\u00e3o de 22,2% no n\u00famero de homic\u00eddios. Foram registrados 28 casos de homic\u00eddios at\u00e9 a data de 31\/05, em compara\u00e7\u00e3o a 36 casos registrados no mesmo per\u00edodo do ano passado. Com rela\u00e7\u00e3o ao crime de roubo, houve uma redu\u00e7\u00e3o de 7,7 %.<\/p><p>A an\u00e1lise de produtividade envolvendo os mandados de pris\u00e3o cumpridos indicou ainda que a Divis\u00e3o de Investiga\u00e7\u00e3o Criminal da Fronteira (DIC\/FRON) de Chapec\u00f3, que cumpriu 81 mandados de pris\u00e3o no mencionado per\u00edodo, est\u00e1 em 3\u00ba lugar entre todas as unidades policiais do Estado que mais cumpriram mandados de pris\u00e3o em Santa Catarina em 2024. Em primeiro lugar est\u00e1 a DIC de Lages, com 125 mandados de pris\u00e3o cumpridos.<\/p><p>Para o Diretor de Pol\u00edcia da Fronteira da Pol\u00edcia Civil, Fernando Callfass, o aumento do cumprimento de mandados de pris\u00e3o na regi\u00e3o oeste em 2024 \u00e9 resultado de um trabalho s\u00e9rio e competente de todos policiais civis que est\u00e3o cada vez mais bem preparados e equipados para enfrentar a criminalidade, com total apoio do Delegado Geral da PC, Dr. Ulisses Gabriel, nas a\u00e7\u00f5es.<\/p>\t\t\t\t\t\t\t\t<\/div>\n\t\t\t\t<\/div>\n\t\t\t\t\t<\/div>\n\t\t<\/div>\n\t\t\t\t\t<\/div>\n\t\t<\/section>\n\t\t\t\t<section class=\"elementor-section elementor-top-section elementor-element elementor-element-0e802f0 elementor-section-boxed elementor-section-height-default elementor-section-height-default\" data-id=\"0e802f0\" data-element_type=\"section\">\n\t\t\t\t\t\t<div class=\"elementor-container elementor-column-gap-default\">\n\t\t\t\t\t<div class=\"elementor-column elementor-col-100 elementor-top-column elementor-element elementor-element-6294b38\" data-id=\"6294b38\" data-element_type=\"column\">\n\t\t\t<div class=\"elementor-widget-wrap elementor-element-populated\">\n\t\t\t\t\t\t<div class=\"elementor-element elementor-element-f5b3332 elementor-widget elementor-widget-image\" data-id=\"f5b3332\" data-element_type=\"widget\" data-widget_type=\"image.default\">\n\t\t\t\t<div class=\"elementor-widget-container\">\n\t\t\t\t\t\t\t\t\t\t\t\t\t\t\t<img decoding=\"async\" width=\"696\" height=\"696\" src=\"https:\/\/pc.sc.gov.br\/\/wp-content\/uploads\/2024\/06\/Dados-do-sistema-Boa-Vista-extraidos-em-301122-Comparativo-dos-periodos-010121-a-301121-e-1-1024x1024.png\" class=\"attachment-large size-large wp-image-20651\" alt=\"\" srcset=\"https:\/\/pc.sc.gov.br\/\/wp-content\/uploads\/2024\/06\/Dados-do-sistema-Boa-Vista-extraidos-em-301122-Comparativo-dos-periodos-010121-a-301121-e-1-1024x1024.png 1024w, https:\/\/pc.sc.gov.br\/\/wp-content\/uploads\/2024\/06\/Dados-do-sistema-Boa-Vista-extraidos-em-301122-Comparativo-dos-periodos-010121-a-301121-e-1-300x300.png 300w, https:\/\/pc.sc.gov.br\/\/wp-content\/uploads\/2024\/06\/Dados-do-sistema-Boa-Vista-extraidos-em-301122-Comparativo-dos-periodos-010121-a-301121-e-1-150x150.png 150w, https:\/\/pc.sc.gov.br\/\/wp-content\/uploads\/2024\/06\/Dados-do-sistema-Boa-Vista-extraidos-em-301122-Comparativo-dos-periodos-010121-a-301121-e-1-768x768.png 768w, https:\/\/pc.sc.gov.br\/\/wp-content\/uploads\/2024\/06\/Dados-do-sistema-Boa-Vista-extraidos-em-301122-Comparativo-dos-periodos-010121-a-301121-e-1.png 1080w\" sizes=\"(max-width: 696px) 100vw, 696px\" \/>\t\t\t\t\t\t\t\t\t\t\t\t\t\t\t<\/div>\n\t\t\t\t<\/div>\n\t\t\t\t\t<\/div>\n\t\t<\/div>\n\t\t\t\t\t<\/div>\n\t\t<\/section>\n\t\t\t\t<\/div>\n\t\t","protected":false},"excerpt":{"rendered":"<p>Pol\u00edcia Civil j\u00e1 cumpriu 485 mandados de pris\u00e3o na regi\u00e3o oeste de SC em 2024 A Pol\u00edcia Civil de Santa Catarina, por meio da Diretoria de Pol\u00edcia da Fronteira (DIFRON\/PCSC), apresentou nesta quarta-feira (05\/06) os indicadores de criminalidade referente ao ano de 2024 na circunscri\u00e7\u00e3o dos 89 munic\u00edpios da regi\u00e3o oeste de Santa Catarina. Desde [&hellip;]<\/p>\n","protected":false},"author":5,"featured_media":20650,"comment_status":"closed","ping_status":"open","sticky":false,"template":"","format":"standard","meta":{"_monsterinsights_skip_tracking":false,"_monsterinsights_sitenote_active":false,"_monsterinsights_sitenote_note":"","_monsterinsights_sitenote_category":0,"footnotes":""},"categories":[1],"tags":[],"class_list":["post-20649","post","type-post","status-publish","format-standard","has-post-thumbnail","hentry","category-sem-categoria"],"_links":{"self":[{"href":"https:\/\/pc.sc.gov.br\/index.php?rest_route=\/wp\/v2\/posts\/20649","targetHints":{"allow":["GET"]}}],"collection":[{"href":"https:\/\/pc.sc.gov.br\/index.php?rest_route=\/wp\/v2\/posts"}],"about":[{"href":"https:\/\/pc.sc.gov.br\/index.php?rest_route=\/wp\/v2\/types\/post"}],"author":[{"embeddable":true,"href":"https:\/\/pc.sc.gov.br\/index.php?rest_route=\/wp\/v2\/users\/5"}],"replies":[{"embeddable":true,"href":"https:\/\/pc.sc.gov.br\/index.php?rest_route=%2Fwp%2Fv2%2Fcomments&post=20649"}],"version-history":[{"count":4,"href":"https:\/\/pc.sc.gov.br\/index.php?rest_route=\/wp\/v2\/posts\/20649\/revisions"}],"predecessor-version":[{"id":20655,"href":"https:\/\/pc.sc.gov.br\/index.php?rest_route=\/wp\/v2\/posts\/20649\/revisions\/20655"}],"wp:featuredmedia":[{"embeddable":true,"href":"https:\/\/pc.sc.gov.br\/index.php?rest_route=\/wp\/v2\/media\/20650"}],"wp:attachment":[{"href":"https:\/\/pc.sc.gov.br\/index.php?rest_route=%2Fwp%2Fv2%2Fmedia&parent=20649"}],"wp:term":[{"taxonomy":"category","embeddable":true,"href":"https:\/\/pc.sc.gov.br\/index.php?rest_route=%2Fwp%2Fv2%2Fcategories&post=20649"},{"taxonomy":"post_tag","embeddable":true,"href":"https:\/\/pc.sc.gov.br\/index.php?rest_route=%2Fwp%2Fv2%2Ftags&post=20649"}],"curies":[{"name":"wp","href":"https:\/\/api.w.org\/{rel}","templated":true}]}}