{"id":20656,"date":"2024-06-05T14:59:05","date_gmt":"2024-06-05T17:59:05","guid":{"rendered":"https:\/\/pc.sc.gov.br\/?p=20656"},"modified":"2024-06-05T15:39:39","modified_gmt":"2024-06-05T18:39:39","slug":"na-capital-homem-e-preso-por-maus-tratos-contra-um-cao-e-trafico-de-drogas","status":"publish","type":"post","link":"https:\/\/pc.sc.gov.br\/?p=20656","title":{"rendered":"Na Capital, homem \u00e9 preso por maus-tratos contra um c\u00e3o e tr\u00e1fico de drogas"},"content":{"rendered":"\t\t<div data-elementor-type=\"wp-post\" data-elementor-id=\"20656\" class=\"elementor elementor-20656\" data-elementor-post-type=\"post\">\n\t\t\t\t\t\t<section class=\"elementor-section elementor-top-section elementor-element elementor-element-abde163 elementor-section-boxed elementor-section-height-default elementor-section-height-default\" data-id=\"abde163\" data-element_type=\"section\">\n\t\t\t\t\t\t<div class=\"elementor-container elementor-column-gap-default\">\n\t\t\t\t\t<div class=\"elementor-column elementor-col-100 elementor-top-column elementor-element elementor-element-9df3b2e\" data-id=\"9df3b2e\" data-element_type=\"column\">\n\t\t\t<div class=\"elementor-widget-wrap elementor-element-populated\">\n\t\t\t\t\t\t<div class=\"elementor-element elementor-element-dd1d442 elementor-widget elementor-widget-heading\" data-id=\"dd1d442\" data-element_type=\"widget\" data-widget_type=\"heading.default\">\n\t\t\t\t<div class=\"elementor-widget-container\">\n\t\t\t\t\t<h2 class=\"elementor-heading-title elementor-size-default\">Na Capital, homem \u00e9 preso por maus-tratos contra um c\u00e3o e tr\u00e1fico de drogas<\/h2>\t\t\t\t<\/div>\n\t\t\t\t<\/div>\n\t\t\t\t\t<\/div>\n\t\t<\/div>\n\t\t\t\t\t<\/div>\n\t\t<\/section>\n\t\t\t\t<section class=\"elementor-section elementor-top-section elementor-element elementor-element-847607b elementor-section-boxed elementor-section-height-default elementor-section-height-default\" data-id=\"847607b\" data-element_type=\"section\">\n\t\t\t\t\t\t<div class=\"elementor-container elementor-column-gap-default\">\n\t\t\t\t\t<div class=\"elementor-column elementor-col-100 elementor-top-column elementor-element elementor-element-838cf3d\" data-id=\"838cf3d\" data-element_type=\"column\">\n\t\t\t<div class=\"elementor-widget-wrap elementor-element-populated\">\n\t\t\t\t\t\t<div class=\"elementor-element elementor-element-32a7bcd elementor-widget elementor-widget-image\" data-id=\"32a7bcd\" data-element_type=\"widget\" data-widget_type=\"image.default\">\n\t\t\t\t<div class=\"elementor-widget-container\">\n\t\t\t\t\t\t\t\t\t\t\t\t\t\t\t<img fetchpriority=\"high\" decoding=\"async\" width=\"696\" height=\"730\" src=\"https:\/\/pc.sc.gov.br\/\/wp-content\/uploads\/2024\/06\/WhatsApp-Image-2024-06-05-at-14.47.42-3-fotor-2024060515249-976x1024.jpg\" class=\"attachment-large size-large wp-image-20657\" alt=\"\" srcset=\"https:\/\/pc.sc.gov.br\/\/wp-content\/uploads\/2024\/06\/WhatsApp-Image-2024-06-05-at-14.47.42-3-fotor-2024060515249-976x1024.jpg 976w, https:\/\/pc.sc.gov.br\/\/wp-content\/uploads\/2024\/06\/WhatsApp-Image-2024-06-05-at-14.47.42-3-fotor-2024060515249-286x300.jpg 286w, https:\/\/pc.sc.gov.br\/\/wp-content\/uploads\/2024\/06\/WhatsApp-Image-2024-06-05-at-14.47.42-3-fotor-2024060515249-768x806.jpg 768w, https:\/\/pc.sc.gov.br\/\/wp-content\/uploads\/2024\/06\/WhatsApp-Image-2024-06-05-at-14.47.42-3-fotor-2024060515249-1464x1536.jpg 1464w, https:\/\/pc.sc.gov.br\/\/wp-content\/uploads\/2024\/06\/WhatsApp-Image-2024-06-05-at-14.47.42-3-fotor-2024060515249-1952x2048.jpg 1952w\" sizes=\"(max-width: 696px) 100vw, 696px\" \/>\t\t\t\t\t\t\t\t\t\t\t\t\t\t\t<\/div>\n\t\t\t\t<\/div>\n\t\t\t\t\t<\/div>\n\t\t<\/div>\n\t\t\t\t\t<\/div>\n\t\t<\/section>\n\t\t\t\t<section class=\"elementor-section elementor-top-section elementor-element elementor-element-8205a01 elementor-section-boxed elementor-section-height-default elementor-section-height-default\" data-id=\"8205a01\" data-element_type=\"section\">\n\t\t\t\t\t\t<div class=\"elementor-container elementor-column-gap-default\">\n\t\t\t\t\t<div class=\"elementor-column elementor-col-100 elementor-top-column elementor-element elementor-element-2592fe6\" data-id=\"2592fe6\" data-element_type=\"column\">\n\t\t\t<div class=\"elementor-widget-wrap elementor-element-populated\">\n\t\t\t\t\t\t<div class=\"elementor-element elementor-element-5428a82 elementor-widget elementor-widget-text-editor\" data-id=\"5428a82\" data-element_type=\"widget\" data-widget_type=\"text-editor.default\">\n\t\t\t\t<div class=\"elementor-widget-container\">\n\t\t\t\t\t\t\t\t\t<p>Na ter\u00e7a-feira (4\/6), a Pol\u00edcia Civil de Santa Catarina, por meio da Delegacia de Prote\u00e7\u00e3o a Animais Dom\u00e9sticos do Departamento de Investiga\u00e7\u00e3o Criminal da Capital (DPA\/DIC), com apoio da Coordenadoria de Opera\u00e7\u00f5es e Recursos Especiais (CORE), em opera\u00e7\u00e3o conjunta com a Diretoria de Bem-Estar Animal da Capital, prendeu em flagrante um homem pelos crimes de maus-tratos qualificado contra c\u00e3o e tr\u00e1fico de drogas, no bairro Saco Grande, em Florian\u00f3polis.<\/p>\n<p>As den\u00fancias mencionavam que o c\u00e3o da ra\u00e7a american bully era mantido sempre acorrentado, com diversas fezes no local, sem abrigo adequado, exposto ao sol e \u00e0 chuva, e sem \u00e1gua dispon\u00edvel. Mesmo notificado previamente em mais de uma oportunidade pelo \u00f3rg\u00e3o municipal, o tutor n\u00e3o promoveu as devidas melhorias ao bem-estar do animal, sendo que, em verifica\u00e7\u00e3o conjunta pelas institui\u00e7\u00f5es, o cachorro permanecia nas mesmas condi\u00e7\u00f5es, inclusive com risco \u00e0 sua integridade f\u00edsica devido ao tamanho da corrente utilizada.<\/p>\n<p>Ainda, durante a dilig\u00eancia de fiscaliza\u00e7\u00e3o, foram encontrados 350 comprimidos de ecstasy, tr\u00eas por\u00e7\u00f5es de coca\u00edna, 16 frascos de \u00f3leo de cannabis e uma balan\u00e7a de precis\u00e3o, al\u00e9m de dois carregadores de armas de fogo de uso restrito.<\/p>\n<p>O homem foi preso em flagrante e o c\u00e3o foi resgatado pela Diretoria de Bem-Estar Animal da Capital, que realizar\u00e1 os devidos procedimentos at\u00e9 eventual encaminhamento para ado\u00e7\u00e3o respons\u00e1vel. Formalizado o procedimento criminal na Central de Plant\u00e3o Policial da Capital, o preso permaneceu \u00e0 disposi\u00e7\u00e3o do Poder Judici\u00e1rio.<\/p>\n<div>&nbsp;<\/div>\t\t\t\t\t\t\t\t<\/div>\n\t\t\t\t<\/div>\n\t\t\t\t\t<\/div>\n\t\t<\/div>\n\t\t\t\t\t<\/div>\n\t\t<\/section>\n\t\t\t\t<\/div>\n\t\t","protected":false},"excerpt":{"rendered":"<p>Na Capital, homem \u00e9 preso por maus-tratos contra um c\u00e3o e tr\u00e1fico de drogas Na ter\u00e7a-feira (4\/6), a Pol\u00edcia Civil de Santa Catarina, por meio da Delegacia de Prote\u00e7\u00e3o a Animais Dom\u00e9sticos do Departamento de Investiga\u00e7\u00e3o Criminal da Capital (DPA\/DIC), com apoio da Coordenadoria de Opera\u00e7\u00f5es e Recursos Especiais (CORE), em opera\u00e7\u00e3o conjunta com a [&hellip;]<\/p>\n","protected":false},"author":5,"featured_media":20657,"comment_status":"closed","ping_status":"open","sticky":false,"template":"","format":"standard","meta":{"_monsterinsights_skip_tracking":false,"_monsterinsights_sitenote_active":false,"_monsterinsights_sitenote_note":"","_monsterinsights_sitenote_category":0,"footnotes":""},"categories":[1],"tags":[],"class_list":["post-20656","post","type-post","status-publish","format-standard","has-post-thumbnail","hentry","category-sem-categoria"],"_links":{"self":[{"href":"https:\/\/pc.sc.gov.br\/index.php?rest_route=\/wp\/v2\/posts\/20656","targetHints":{"allow":["GET"]}}],"collection":[{"href":"https:\/\/pc.sc.gov.br\/index.php?rest_route=\/wp\/v2\/posts"}],"about":[{"href":"https:\/\/pc.sc.gov.br\/index.php?rest_route=\/wp\/v2\/types\/post"}],"author":[{"embeddable":true,"href":"https:\/\/pc.sc.gov.br\/index.php?rest_route=\/wp\/v2\/users\/5"}],"replies":[{"embeddable":true,"href":"https:\/\/pc.sc.gov.br\/index.php?rest_route=%2Fwp%2Fv2%2Fcomments&post=20656"}],"version-history":[{"count":6,"href":"https:\/\/pc.sc.gov.br\/index.php?rest_route=\/wp\/v2\/posts\/20656\/revisions"}],"predecessor-version":[{"id":20670,"href":"https:\/\/pc.sc.gov.br\/index.php?rest_route=\/wp\/v2\/posts\/20656\/revisions\/20670"}],"wp:featuredmedia":[{"embeddable":true,"href":"https:\/\/pc.sc.gov.br\/index.php?rest_route=\/wp\/v2\/media\/20657"}],"wp:attachment":[{"href":"https:\/\/pc.sc.gov.br\/index.php?rest_route=%2Fwp%2Fv2%2Fmedia&parent=20656"}],"wp:term":[{"taxonomy":"category","embeddable":true,"href":"https:\/\/pc.sc.gov.br\/index.php?rest_route=%2Fwp%2Fv2%2Fcategories&post=20656"},{"taxonomy":"post_tag","embeddable":true,"href":"https:\/\/pc.sc.gov.br\/index.php?rest_route=%2Fwp%2Fv2%2Ftags&post=20656"}],"curies":[{"name":"wp","href":"https:\/\/api.w.org\/{rel}","templated":true}]}}