{"id":20662,"date":"2024-06-05T15:33:07","date_gmt":"2024-06-05T18:33:07","guid":{"rendered":"https:\/\/pc.sc.gov.br\/?p=20662"},"modified":"2024-06-05T15:34:08","modified_gmt":"2024-06-05T18:34:08","slug":"policia-civil-cumpre-mandado-de-prisao-preventiva-contra-homem-foragido-do-para-e-suspeito-por-homicidio","status":"publish","type":"post","link":"https:\/\/pc.sc.gov.br\/?p=20662","title":{"rendered":"Pol\u00edcia Civil cumpre mandado de pris\u00e3o preventiva contra homem foragido do Par\u00e1 e suspeito por homic\u00eddio"},"content":{"rendered":"\t\t<div data-elementor-type=\"wp-post\" data-elementor-id=\"20662\" class=\"elementor elementor-20662\" data-elementor-post-type=\"post\">\n\t\t\t\t\t\t<section class=\"elementor-section elementor-top-section elementor-element elementor-element-cfdf3d3 elementor-section-boxed elementor-section-height-default elementor-section-height-default\" data-id=\"cfdf3d3\" data-element_type=\"section\">\n\t\t\t\t\t\t<div class=\"elementor-container elementor-column-gap-default\">\n\t\t\t\t\t<div class=\"elementor-column elementor-col-100 elementor-top-column elementor-element elementor-element-15fc4b8\" data-id=\"15fc4b8\" data-element_type=\"column\">\n\t\t\t<div class=\"elementor-widget-wrap elementor-element-populated\">\n\t\t\t\t\t\t<div class=\"elementor-element elementor-element-008b27e elementor-widget elementor-widget-heading\" data-id=\"008b27e\" data-element_type=\"widget\" data-widget_type=\"heading.default\">\n\t\t\t\t<div class=\"elementor-widget-container\">\n\t\t\t\t\t<h2 class=\"elementor-heading-title elementor-size-default\">Pol\u00edcia Civil cumpre mandado de pris\u00e3o preventiva contra homem foragido do Par\u00e1 e suspeito por homic\u00eddio <\/h2>\t\t\t\t<\/div>\n\t\t\t\t<\/div>\n\t\t\t\t\t<\/div>\n\t\t<\/div>\n\t\t\t\t\t<\/div>\n\t\t<\/section>\n\t\t\t\t<section class=\"elementor-section elementor-top-section elementor-element elementor-element-81e3981 elementor-section-boxed elementor-section-height-default elementor-section-height-default\" data-id=\"81e3981\" data-element_type=\"section\">\n\t\t\t\t\t\t<div class=\"elementor-container elementor-column-gap-default\">\n\t\t\t\t\t<div class=\"elementor-column elementor-col-100 elementor-top-column elementor-element elementor-element-cc7c598\" data-id=\"cc7c598\" data-element_type=\"column\">\n\t\t\t<div class=\"elementor-widget-wrap elementor-element-populated\">\n\t\t\t\t\t\t<div class=\"elementor-element elementor-element-176d8ce elementor-widget elementor-widget-image\" data-id=\"176d8ce\" data-element_type=\"widget\" data-widget_type=\"image.default\">\n\t\t\t\t<div class=\"elementor-widget-container\">\n\t\t\t\t\t\t\t\t\t\t\t\t\t\t\t<img fetchpriority=\"high\" decoding=\"async\" width=\"696\" height=\"313\" src=\"https:\/\/pc.sc.gov.br\/\/wp-content\/uploads\/2024\/05\/WhatsApp-Image-2023-11-16-at-18.14.31.jpeg\" class=\"attachment-large size-large wp-image-20558\" alt=\"\" srcset=\"https:\/\/pc.sc.gov.br\/\/wp-content\/uploads\/2024\/05\/WhatsApp-Image-2023-11-16-at-18.14.31.jpeg 1024w, https:\/\/pc.sc.gov.br\/\/wp-content\/uploads\/2024\/05\/WhatsApp-Image-2023-11-16-at-18.14.31-300x135.jpeg 300w, https:\/\/pc.sc.gov.br\/\/wp-content\/uploads\/2024\/05\/WhatsApp-Image-2023-11-16-at-18.14.31-768x346.jpeg 768w\" sizes=\"(max-width: 696px) 100vw, 696px\" \/>\t\t\t\t\t\t\t\t\t\t\t\t\t\t\t<\/div>\n\t\t\t\t<\/div>\n\t\t\t\t\t<\/div>\n\t\t<\/div>\n\t\t\t\t\t<\/div>\n\t\t<\/section>\n\t\t\t\t<section class=\"elementor-section elementor-top-section elementor-element elementor-element-21cdd0d elementor-section-boxed elementor-section-height-default elementor-section-height-default\" data-id=\"21cdd0d\" data-element_type=\"section\">\n\t\t\t\t\t\t<div class=\"elementor-container elementor-column-gap-default\">\n\t\t\t\t\t<div class=\"elementor-column elementor-col-100 elementor-top-column elementor-element elementor-element-ffb0115\" data-id=\"ffb0115\" data-element_type=\"column\">\n\t\t\t<div class=\"elementor-widget-wrap elementor-element-populated\">\n\t\t\t\t\t\t<div class=\"elementor-element elementor-element-274a239 elementor-widget elementor-widget-text-editor\" data-id=\"274a239\" data-element_type=\"widget\" data-widget_type=\"text-editor.default\">\n\t\t\t\t<div class=\"elementor-widget-container\">\n\t\t\t\t\t\t\t\t\t<p>Nesta quarta-feira (5\/6), a Pol\u00edcia Civil de Santa Catarina, por meio da Divis\u00e3o de Combate a Estelionatos do Departamento de Investiga\u00e7\u00e3o Criminal da Capital (DCE), cumpriu mandado de pris\u00e3o preventiva expedido pela 1\u00aa Vara de Inqu\u00e9ritos Policiais de Bel\u00e9m\/PA.<\/p><p>O capturado \u00e9 suspeito de integrar o \u201cTribunal do Crime\u201d de uma fac\u00e7\u00e3o criminosa, sendo um dos executores de um homic\u00eddio ocorrido em setembro do ano passado, na cidade de Bel\u00e9m\/PA.<\/p><p>Ap\u00f3s troca de informa\u00e7\u00f5es com a Pol\u00edcia Civil do Par\u00e1 e a realiza\u00e7\u00e3o de diversas dilig\u00eancias, a Divis\u00e3o de Estelionatos conseguiu localizar o foragido em um condom\u00ednio na cidade de Palho\u00e7a.<\/p><p>O homem foi encaminhado \u00e0 Central de Plant\u00e3o Policial de Palho\u00e7a, onde permanece \u00e0 disposi\u00e7\u00e3o da Justi\u00e7a.<\/p>\t\t\t\t\t\t\t\t<\/div>\n\t\t\t\t<\/div>\n\t\t\t\t\t<\/div>\n\t\t<\/div>\n\t\t\t\t\t<\/div>\n\t\t<\/section>\n\t\t\t\t<\/div>\n\t\t","protected":false},"excerpt":{"rendered":"<p>Pol\u00edcia Civil cumpre mandado de pris\u00e3o preventiva contra homem foragido do Par\u00e1 e suspeito por homic\u00eddio Nesta quarta-feira (5\/6), a Pol\u00edcia Civil de Santa Catarina, por meio da Divis\u00e3o de Combate a Estelionatos do Departamento de Investiga\u00e7\u00e3o Criminal da Capital (DCE), cumpriu mandado de pris\u00e3o preventiva expedido pela 1\u00aa Vara de Inqu\u00e9ritos Policiais de Bel\u00e9m\/PA. [&hellip;]<\/p>\n","protected":false},"author":5,"featured_media":20558,"comment_status":"closed","ping_status":"open","sticky":false,"template":"","format":"standard","meta":{"_monsterinsights_skip_tracking":false,"_monsterinsights_sitenote_active":false,"_monsterinsights_sitenote_note":"","_monsterinsights_sitenote_category":0,"footnotes":""},"categories":[1],"tags":[],"class_list":["post-20662","post","type-post","status-publish","format-standard","has-post-thumbnail","hentry","category-sem-categoria"],"_links":{"self":[{"href":"https:\/\/pc.sc.gov.br\/index.php?rest_route=\/wp\/v2\/posts\/20662","targetHints":{"allow":["GET"]}}],"collection":[{"href":"https:\/\/pc.sc.gov.br\/index.php?rest_route=\/wp\/v2\/posts"}],"about":[{"href":"https:\/\/pc.sc.gov.br\/index.php?rest_route=\/wp\/v2\/types\/post"}],"author":[{"embeddable":true,"href":"https:\/\/pc.sc.gov.br\/index.php?rest_route=\/wp\/v2\/users\/5"}],"replies":[{"embeddable":true,"href":"https:\/\/pc.sc.gov.br\/index.php?rest_route=%2Fwp%2Fv2%2Fcomments&post=20662"}],"version-history":[{"count":4,"href":"https:\/\/pc.sc.gov.br\/index.php?rest_route=\/wp\/v2\/posts\/20662\/revisions"}],"predecessor-version":[{"id":20666,"href":"https:\/\/pc.sc.gov.br\/index.php?rest_route=\/wp\/v2\/posts\/20662\/revisions\/20666"}],"wp:featuredmedia":[{"embeddable":true,"href":"https:\/\/pc.sc.gov.br\/index.php?rest_route=\/wp\/v2\/media\/20558"}],"wp:attachment":[{"href":"https:\/\/pc.sc.gov.br\/index.php?rest_route=%2Fwp%2Fv2%2Fmedia&parent=20662"}],"wp:term":[{"taxonomy":"category","embeddable":true,"href":"https:\/\/pc.sc.gov.br\/index.php?rest_route=%2Fwp%2Fv2%2Fcategories&post=20662"},{"taxonomy":"post_tag","embeddable":true,"href":"https:\/\/pc.sc.gov.br\/index.php?rest_route=%2Fwp%2Fv2%2Ftags&post=20662"}],"curies":[{"name":"wp","href":"https:\/\/api.w.org\/{rel}","templated":true}]}}