{"id":20680,"date":"2024-06-05T17:39:28","date_gmt":"2024-06-05T20:39:28","guid":{"rendered":"https:\/\/pc.sc.gov.br\/?p=20680"},"modified":"2024-06-05T17:40:09","modified_gmt":"2024-06-05T20:40:09","slug":"policia-civil-desarticula-esquema-de-trafico-de-drogas-interestadual-e-prende-envolvidos","status":"publish","type":"post","link":"https:\/\/pc.sc.gov.br\/?p=20680","title":{"rendered":"Pol\u00edcia Civil desarticula esquema de tr\u00e1fico de drogas interestadual e prende envolvidos"},"content":{"rendered":"\t\t<div data-elementor-type=\"wp-post\" data-elementor-id=\"20680\" class=\"elementor elementor-20680\" data-elementor-post-type=\"post\">\n\t\t\t\t\t\t<section class=\"elementor-section elementor-top-section elementor-element elementor-element-7bfebc3 elementor-section-boxed elementor-section-height-default elementor-section-height-default\" data-id=\"7bfebc3\" data-element_type=\"section\">\n\t\t\t\t\t\t<div class=\"elementor-container elementor-column-gap-default\">\n\t\t\t\t\t<div class=\"elementor-column elementor-col-100 elementor-top-column elementor-element elementor-element-590d079\" data-id=\"590d079\" data-element_type=\"column\">\n\t\t\t<div class=\"elementor-widget-wrap elementor-element-populated\">\n\t\t\t\t\t\t<div class=\"elementor-element elementor-element-3716b1d elementor-widget elementor-widget-heading\" data-id=\"3716b1d\" data-element_type=\"widget\" data-widget_type=\"heading.default\">\n\t\t\t\t<div class=\"elementor-widget-container\">\n\t\t\t\t\t<h2 class=\"elementor-heading-title elementor-size-default\">Pol\u00edcia Civil desarticula esquema de tr\u00e1fico de drogas interestadual e prende envolvidos<\/h2>\t\t\t\t<\/div>\n\t\t\t\t<\/div>\n\t\t\t\t\t<\/div>\n\t\t<\/div>\n\t\t\t\t\t<\/div>\n\t\t<\/section>\n\t\t\t\t<section class=\"elementor-section elementor-top-section elementor-element elementor-element-2e90602 elementor-section-boxed elementor-section-height-default elementor-section-height-default\" data-id=\"2e90602\" data-element_type=\"section\">\n\t\t\t\t\t\t<div class=\"elementor-container elementor-column-gap-default\">\n\t\t\t\t\t<div class=\"elementor-column elementor-col-100 elementor-top-column elementor-element elementor-element-aa2f831\" data-id=\"aa2f831\" data-element_type=\"column\">\n\t\t\t<div class=\"elementor-widget-wrap elementor-element-populated\">\n\t\t\t\t\t\t<div class=\"elementor-element elementor-element-788e4c4 elementor-widget elementor-widget-image\" data-id=\"788e4c4\" data-element_type=\"widget\" data-widget_type=\"image.default\">\n\t\t\t\t<div class=\"elementor-widget-container\">\n\t\t\t\t\t\t\t\t\t\t\t\t\t\t\t<img fetchpriority=\"high\" decoding=\"async\" width=\"696\" height=\"311\" src=\"https:\/\/pc.sc.gov.br\/\/wp-content\/uploads\/2024\/06\/WhatsApp-Image-2024-06-05-at-17.35.30.jpeg\" class=\"attachment-large size-large wp-image-20681\" alt=\"\" srcset=\"https:\/\/pc.sc.gov.br\/\/wp-content\/uploads\/2024\/06\/WhatsApp-Image-2024-06-05-at-17.35.30.jpeg 696w, https:\/\/pc.sc.gov.br\/\/wp-content\/uploads\/2024\/06\/WhatsApp-Image-2024-06-05-at-17.35.30-300x134.jpeg 300w\" sizes=\"(max-width: 696px) 100vw, 696px\" \/>\t\t\t\t\t\t\t\t\t\t\t\t\t\t\t<\/div>\n\t\t\t\t<\/div>\n\t\t\t\t\t<\/div>\n\t\t<\/div>\n\t\t\t\t\t<\/div>\n\t\t<\/section>\n\t\t\t\t<section class=\"elementor-section elementor-top-section elementor-element elementor-element-52ed959 elementor-section-boxed elementor-section-height-default elementor-section-height-default\" data-id=\"52ed959\" data-element_type=\"section\">\n\t\t\t\t\t\t<div class=\"elementor-container elementor-column-gap-default\">\n\t\t\t\t\t<div class=\"elementor-column elementor-col-100 elementor-top-column elementor-element elementor-element-5af7b4b\" data-id=\"5af7b4b\" data-element_type=\"column\">\n\t\t\t<div class=\"elementor-widget-wrap elementor-element-populated\">\n\t\t\t\t\t\t<div class=\"elementor-element elementor-element-12234ae elementor-widget elementor-widget-text-editor\" data-id=\"12234ae\" data-element_type=\"widget\" data-widget_type=\"text-editor.default\">\n\t\t\t\t<div class=\"elementor-widget-container\">\n\t\t\t\t\t\t\t\t\t<p>Na ter\u00e7a-feira (04\/06), a Pol\u00edcia Civil de Santa Catarina, por interm\u00e9dio da Divis\u00e3o de Investiga\u00e7\u00e3o Criminal (DIC) de Tubar\u00e3o, com apoio da DIC de Ararangu\u00e1 e DRACO de Bag\u00e9\/RS, deflagrou opera\u00e7\u00e3o policial com intuito de dar cumprimento a tr\u00eas mandados de pris\u00e3o preventiva e seis mandados de busca e apreens\u00e3o domiciliar expedidos em desfavor de integrantes de uma associa\u00e7\u00e3o criminosa formada para a pr\u00e1tica do tr\u00e1fico de drogas.<\/p><p>No m\u00eas de abril, a Pol\u00edcia Civil realizou a pris\u00e3o em flagrante de um indiv\u00edduo por tr\u00e1fico de drogas, como skank, ecstasy e MDMA. Com o aprofundamento das investiga\u00e7\u00f5es, foi poss\u00edvel verificar que o sujeito, na realidade, era um dos integrantes de um grupo criminoso criado para a comercializa\u00e7\u00e3o de entorpecentes pelo sul do estado.<\/p><p>Foi poss\u00edvel apurar que as drogas eram encaminhadas da cidade de Bag\u00e9\/RS para Ararangu\u00e1\/SC, sendo ali fracionadas e comercializadas por diversos munic\u00edpios do sul do estado. Durante as buscas foram apreendidas mais algumas por\u00e7\u00f5es de droga bem como uma balan\u00e7a de precis\u00e3o.<\/p><p>Al\u00e9m das pris\u00f5es dos investigados e das buscas domiciliares, tamb\u00e9m foi determinado o sequestro de valores nas contas banc\u00e1rias dos investigados com intuito de apreender a quantia auferida pelo grupo com o com\u00e9rcio de entorpecentes.<\/p><p>Os indiciados responder\u00e3o pelos crimes de tr\u00e1fico de drogas e associa\u00e7\u00e3o para o tr\u00e1fico, podendo sofrer penas de at\u00e9 25 anos de reclus\u00e3o.<\/p>\t\t\t\t\t\t\t\t<\/div>\n\t\t\t\t<\/div>\n\t\t\t\t\t<\/div>\n\t\t<\/div>\n\t\t\t\t\t<\/div>\n\t\t<\/section>\n\t\t\t\t<\/div>\n\t\t","protected":false},"excerpt":{"rendered":"<p>Pol\u00edcia Civil desarticula esquema de tr\u00e1fico de drogas interestadual e prende envolvidos Na ter\u00e7a-feira (04\/06), a Pol\u00edcia Civil de Santa Catarina, por interm\u00e9dio da Divis\u00e3o de Investiga\u00e7\u00e3o Criminal (DIC) de Tubar\u00e3o, com apoio da DIC de Ararangu\u00e1 e DRACO de Bag\u00e9\/RS, deflagrou opera\u00e7\u00e3o policial com intuito de dar cumprimento a tr\u00eas mandados de pris\u00e3o preventiva [&hellip;]<\/p>\n","protected":false},"author":5,"featured_media":20681,"comment_status":"closed","ping_status":"open","sticky":false,"template":"","format":"standard","meta":{"_monsterinsights_skip_tracking":false,"_monsterinsights_sitenote_active":false,"_monsterinsights_sitenote_note":"","_monsterinsights_sitenote_category":0,"footnotes":""},"categories":[1],"tags":[],"class_list":["post-20680","post","type-post","status-publish","format-standard","has-post-thumbnail","hentry","category-sem-categoria"],"_links":{"self":[{"href":"https:\/\/pc.sc.gov.br\/index.php?rest_route=\/wp\/v2\/posts\/20680","targetHints":{"allow":["GET"]}}],"collection":[{"href":"https:\/\/pc.sc.gov.br\/index.php?rest_route=\/wp\/v2\/posts"}],"about":[{"href":"https:\/\/pc.sc.gov.br\/index.php?rest_route=\/wp\/v2\/types\/post"}],"author":[{"embeddable":true,"href":"https:\/\/pc.sc.gov.br\/index.php?rest_route=\/wp\/v2\/users\/5"}],"replies":[{"embeddable":true,"href":"https:\/\/pc.sc.gov.br\/index.php?rest_route=%2Fwp%2Fv2%2Fcomments&post=20680"}],"version-history":[{"count":4,"href":"https:\/\/pc.sc.gov.br\/index.php?rest_route=\/wp\/v2\/posts\/20680\/revisions"}],"predecessor-version":[{"id":20685,"href":"https:\/\/pc.sc.gov.br\/index.php?rest_route=\/wp\/v2\/posts\/20680\/revisions\/20685"}],"wp:featuredmedia":[{"embeddable":true,"href":"https:\/\/pc.sc.gov.br\/index.php?rest_route=\/wp\/v2\/media\/20681"}],"wp:attachment":[{"href":"https:\/\/pc.sc.gov.br\/index.php?rest_route=%2Fwp%2Fv2%2Fmedia&parent=20680"}],"wp:term":[{"taxonomy":"category","embeddable":true,"href":"https:\/\/pc.sc.gov.br\/index.php?rest_route=%2Fwp%2Fv2%2Fcategories&post=20680"},{"taxonomy":"post_tag","embeddable":true,"href":"https:\/\/pc.sc.gov.br\/index.php?rest_route=%2Fwp%2Fv2%2Ftags&post=20680"}],"curies":[{"name":"wp","href":"https:\/\/api.w.org\/{rel}","templated":true}]}}