{"id":20686,"date":"2024-06-05T17:51:01","date_gmt":"2024-06-05T20:51:01","guid":{"rendered":"https:\/\/pc.sc.gov.br\/?p=20686"},"modified":"2024-06-05T22:06:16","modified_gmt":"2024-06-06T01:06:16","slug":"drp-de-lages-divulga-balanco-de-acoes-durante-a-34a-festa-do-pinhao","status":"publish","type":"post","link":"https:\/\/pc.sc.gov.br\/?p=20686","title":{"rendered":"DRP de Lages divulga balan\u00e7o de a\u00e7\u00f5es durante a 34\u00aa Festa do Pinh\u00e3o"},"content":{"rendered":"\t\t<div data-elementor-type=\"wp-post\" data-elementor-id=\"20686\" class=\"elementor elementor-20686\" data-elementor-post-type=\"post\">\n\t\t\t\t\t\t<section class=\"elementor-section elementor-top-section elementor-element elementor-element-54d9125 elementor-section-boxed elementor-section-height-default elementor-section-height-default\" data-id=\"54d9125\" data-element_type=\"section\">\n\t\t\t\t\t\t<div class=\"elementor-container elementor-column-gap-default\">\n\t\t\t\t\t<div class=\"elementor-column elementor-col-100 elementor-top-column elementor-element elementor-element-f319dd1\" data-id=\"f319dd1\" data-element_type=\"column\">\n\t\t\t<div class=\"elementor-widget-wrap elementor-element-populated\">\n\t\t\t\t\t\t<div class=\"elementor-element elementor-element-70a4a95 elementor-widget elementor-widget-heading\" data-id=\"70a4a95\" data-element_type=\"widget\" data-widget_type=\"heading.default\">\n\t\t\t\t<div class=\"elementor-widget-container\">\n\t\t\t\t\t<h2 class=\"elementor-heading-title elementor-size-default\">DRP de Lages divulga balan\u00e7o de a\u00e7\u00f5es da PCSC durante a 34\u00aa Festa do Pinh\u00e3o<\/h2>\t\t\t\t<\/div>\n\t\t\t\t<\/div>\n\t\t\t\t\t<\/div>\n\t\t<\/div>\n\t\t\t\t\t<\/div>\n\t\t<\/section>\n\t\t\t\t<section class=\"elementor-section elementor-top-section elementor-element elementor-element-48eb5f5 elementor-section-boxed elementor-section-height-default elementor-section-height-default\" data-id=\"48eb5f5\" data-element_type=\"section\">\n\t\t\t\t\t\t<div class=\"elementor-container elementor-column-gap-default\">\n\t\t\t\t\t<div class=\"elementor-column elementor-col-100 elementor-top-column elementor-element elementor-element-9eb38c8\" data-id=\"9eb38c8\" data-element_type=\"column\">\n\t\t\t<div class=\"elementor-widget-wrap elementor-element-populated\">\n\t\t\t\t\t\t<div class=\"elementor-element elementor-element-7db9c51 elementor-widget elementor-widget-image\" data-id=\"7db9c51\" data-element_type=\"widget\" data-widget_type=\"image.default\">\n\t\t\t\t<div class=\"elementor-widget-container\">\n\t\t\t\t\t\t\t\t\t\t\t\t\t\t\t<img fetchpriority=\"high\" decoding=\"async\" width=\"696\" height=\"392\" src=\"https:\/\/pc.sc.gov.br\/\/wp-content\/uploads\/2024\/05\/WhatsApp-Image-2024-05-25-at-22.39.35-1024x576.jpeg\" class=\"attachment-large size-large wp-image-20530\" alt=\"\" srcset=\"https:\/\/pc.sc.gov.br\/\/wp-content\/uploads\/2024\/05\/WhatsApp-Image-2024-05-25-at-22.39.35-1024x576.jpeg 1024w, https:\/\/pc.sc.gov.br\/\/wp-content\/uploads\/2024\/05\/WhatsApp-Image-2024-05-25-at-22.39.35-300x169.jpeg 300w, https:\/\/pc.sc.gov.br\/\/wp-content\/uploads\/2024\/05\/WhatsApp-Image-2024-05-25-at-22.39.35-768x432.jpeg 768w, https:\/\/pc.sc.gov.br\/\/wp-content\/uploads\/2024\/05\/WhatsApp-Image-2024-05-25-at-22.39.35-1536x864.jpeg 1536w, https:\/\/pc.sc.gov.br\/\/wp-content\/uploads\/2024\/05\/WhatsApp-Image-2024-05-25-at-22.39.35.jpeg 1600w\" sizes=\"(max-width: 696px) 100vw, 696px\" \/>\t\t\t\t\t\t\t\t\t\t\t\t\t\t\t<\/div>\n\t\t\t\t<\/div>\n\t\t\t\t\t<\/div>\n\t\t<\/div>\n\t\t\t\t\t<\/div>\n\t\t<\/section>\n\t\t\t\t<section class=\"elementor-section elementor-top-section elementor-element elementor-element-ef5ed7b elementor-section-boxed elementor-section-height-default elementor-section-height-default\" data-id=\"ef5ed7b\" data-element_type=\"section\">\n\t\t\t\t\t\t<div class=\"elementor-container elementor-column-gap-default\">\n\t\t\t\t\t<div class=\"elementor-column elementor-col-100 elementor-top-column elementor-element elementor-element-3992ba5\" data-id=\"3992ba5\" data-element_type=\"column\">\n\t\t\t<div class=\"elementor-widget-wrap elementor-element-populated\">\n\t\t\t\t\t\t<div class=\"elementor-element elementor-element-a44988f elementor-widget elementor-widget-text-editor\" data-id=\"a44988f\" data-element_type=\"widget\" data-widget_type=\"text-editor.default\">\n\t\t\t\t<div class=\"elementor-widget-container\">\n\t\t\t\t\t\t\t\t\t<p>A Pol\u00edcia Civil de Santa Catarina (PCSC), por meio da 8\u00aa Delegacia Regional de Pol\u00edcia (DRP) de Lages divulgou nesta quarta-feira (5) o balan\u00e7o dos atendimentos feitos pela PCSC, durante a 34\u00aa Festa Nacional do Pinh\u00e3o. Os trabalhos foram concentrados na Delegacia de Pol\u00edcia do Parque de Exposi\u00e7\u00f5es, Central de Pol\u00edcia (Centro), 2\u00aa Delegacia de Pol\u00edcia (Bairro Coral) e Divis\u00e3o de Investiga\u00e7\u00e3o Criminal (DIC).&nbsp;<\/p>\n<p>Para atendimento nas unidades, a PCSC contou com um efetivo de 60 policiais civis que integraram as escalas de plant\u00e3o e demais atividades policiais. De acordo com a delegada Luciana Rodermel, titular da 8\u00aa Delegacia Regional de Pol\u00edcia (DRP) de Lages, a opera\u00e7\u00e3o Festa do Pinh\u00e3o, idealizada pela Delegacia-Geral da PCSC permitiu um significativo refor\u00e7o para as unidades policiais, ao longo dos 10 dias da festa do Pinh\u00e3o. \u201cDesenvolvemos nossas atividades com muito \u00eaxito, sempre garantindo mais seguran\u00e7a para a popula\u00e7\u00e3o lageana e tamb\u00e9m para todos os nossos visitantes\u201d, assinalou a Delegada&nbsp; Regional, Luciana Rodermel.<\/p>\n<p>Al\u00e9m da manuten\u00e7\u00e3o de todas as atribui\u00e7\u00f5es da PCSC durante o per\u00edodo, tamb\u00e9m foram realizadas atividades vinculadas \u00e0 Festa do Pinh\u00e3o como concess\u00e3o de licen\u00e7a di\u00e1ria (51), alvar\u00e1 especial (02) e alvar\u00e1 para fogos de artif\u00edcio (05).<\/p>\n<p>Quanto aos Boletins de Ocorr\u00eancia, o furto de celular foi o mais recorrente com 31 casos e outros 5 casos envolvendo a perda de celular. No balan\u00e7o tamb\u00e9m aparece furto de carteira (02) e casos como les\u00e3o corporal, desacato, perda de documento, de celular, amea\u00e7a e cumprimento de mandado de pris\u00e3o.&nbsp; &nbsp;<\/p>\t\t\t\t\t\t\t\t<\/div>\n\t\t\t\t<\/div>\n\t\t\t\t\t<\/div>\n\t\t<\/div>\n\t\t\t\t\t<\/div>\n\t\t<\/section>\n\t\t\t\t<\/div>\n\t\t","protected":false},"excerpt":{"rendered":"<p>DRP de Lages divulga balan\u00e7o de a\u00e7\u00f5es da PCSC durante a 34\u00aa Festa do Pinh\u00e3o A Pol\u00edcia Civil de Santa Catarina (PCSC), por meio da 8\u00aa Delegacia Regional de Pol\u00edcia (DRP) de Lages divulgou nesta quarta-feira (5) o balan\u00e7o dos atendimentos feitos pela PCSC, durante a 34\u00aa Festa Nacional do Pinh\u00e3o. Os trabalhos foram concentrados [&hellip;]<\/p>\n","protected":false},"author":5,"featured_media":20530,"comment_status":"closed","ping_status":"open","sticky":false,"template":"","format":"standard","meta":{"_monsterinsights_skip_tracking":false,"_monsterinsights_sitenote_active":false,"_monsterinsights_sitenote_note":"","_monsterinsights_sitenote_category":0,"footnotes":""},"categories":[1],"tags":[],"class_list":["post-20686","post","type-post","status-publish","format-standard","has-post-thumbnail","hentry","category-sem-categoria"],"_links":{"self":[{"href":"https:\/\/pc.sc.gov.br\/index.php?rest_route=\/wp\/v2\/posts\/20686","targetHints":{"allow":["GET"]}}],"collection":[{"href":"https:\/\/pc.sc.gov.br\/index.php?rest_route=\/wp\/v2\/posts"}],"about":[{"href":"https:\/\/pc.sc.gov.br\/index.php?rest_route=\/wp\/v2\/types\/post"}],"author":[{"embeddable":true,"href":"https:\/\/pc.sc.gov.br\/index.php?rest_route=\/wp\/v2\/users\/5"}],"replies":[{"embeddable":true,"href":"https:\/\/pc.sc.gov.br\/index.php?rest_route=%2Fwp%2Fv2%2Fcomments&post=20686"}],"version-history":[{"count":10,"href":"https:\/\/pc.sc.gov.br\/index.php?rest_route=\/wp\/v2\/posts\/20686\/revisions"}],"predecessor-version":[{"id":20720,"href":"https:\/\/pc.sc.gov.br\/index.php?rest_route=\/wp\/v2\/posts\/20686\/revisions\/20720"}],"wp:featuredmedia":[{"embeddable":true,"href":"https:\/\/pc.sc.gov.br\/index.php?rest_route=\/wp\/v2\/media\/20530"}],"wp:attachment":[{"href":"https:\/\/pc.sc.gov.br\/index.php?rest_route=%2Fwp%2Fv2%2Fmedia&parent=20686"}],"wp:term":[{"taxonomy":"category","embeddable":true,"href":"https:\/\/pc.sc.gov.br\/index.php?rest_route=%2Fwp%2Fv2%2Fcategories&post=20686"},{"taxonomy":"post_tag","embeddable":true,"href":"https:\/\/pc.sc.gov.br\/index.php?rest_route=%2Fwp%2Fv2%2Ftags&post=20686"}],"curies":[{"name":"wp","href":"https:\/\/api.w.org\/{rel}","templated":true}]}}