{"id":20710,"date":"2024-06-05T19:04:25","date_gmt":"2024-06-05T22:04:25","guid":{"rendered":"https:\/\/pc.sc.gov.br\/?p=20710"},"modified":"2024-06-05T19:05:25","modified_gmt":"2024-06-05T22:05:25","slug":"pcsc-envia-mais-30-policiais-civis-para-atuar-na-missao-humanitaria-no-rio-grande-do-sul","status":"publish","type":"post","link":"https:\/\/pc.sc.gov.br\/?p=20710","title":{"rendered":"PCSC envia mais 30 policiais civis para atuar na miss\u00e3o humanit\u00e1ria no Rio Grande do Sul"},"content":{"rendered":"\t\t<div data-elementor-type=\"wp-post\" data-elementor-id=\"20710\" class=\"elementor elementor-20710\" data-elementor-post-type=\"post\">\n\t\t\t\t\t\t<section class=\"elementor-section elementor-top-section elementor-element elementor-element-b3ed592 elementor-section-boxed elementor-section-height-default elementor-section-height-default\" data-id=\"b3ed592\" data-element_type=\"section\">\n\t\t\t\t\t\t<div class=\"elementor-container elementor-column-gap-default\">\n\t\t\t\t\t<div class=\"elementor-column elementor-col-100 elementor-top-column elementor-element elementor-element-05d1dce\" data-id=\"05d1dce\" data-element_type=\"column\">\n\t\t\t<div class=\"elementor-widget-wrap elementor-element-populated\">\n\t\t\t\t\t\t<div class=\"elementor-element elementor-element-8edc68e elementor-widget elementor-widget-heading\" data-id=\"8edc68e\" data-element_type=\"widget\" data-widget_type=\"heading.default\">\n\t\t\t\t<div class=\"elementor-widget-container\">\n\t\t\t\t\t<h2 class=\"elementor-heading-title elementor-size-default\">PCSC envia mais 30 policiais civis para atuar na miss\u00e3o humanit\u00e1ria no Rio Grande do Sul<\/h2>\t\t\t\t<\/div>\n\t\t\t\t<\/div>\n\t\t\t\t\t<\/div>\n\t\t<\/div>\n\t\t\t\t\t<\/div>\n\t\t<\/section>\n\t\t\t\t<section class=\"elementor-section elementor-top-section elementor-element elementor-element-e87e906 elementor-section-boxed elementor-section-height-default elementor-section-height-default\" data-id=\"e87e906\" data-element_type=\"section\">\n\t\t\t\t\t\t<div class=\"elementor-container elementor-column-gap-default\">\n\t\t\t\t\t<div class=\"elementor-column elementor-col-100 elementor-top-column elementor-element elementor-element-75c4b79\" data-id=\"75c4b79\" data-element_type=\"column\">\n\t\t\t<div class=\"elementor-widget-wrap elementor-element-populated\">\n\t\t\t\t\t\t<div class=\"elementor-element elementor-element-ec851e5 elementor-widget elementor-widget-image\" data-id=\"ec851e5\" data-element_type=\"widget\" data-widget_type=\"image.default\">\n\t\t\t\t<div class=\"elementor-widget-container\">\n\t\t\t\t\t\t\t\t\t\t\t\t\t\t\t<img fetchpriority=\"high\" decoding=\"async\" width=\"696\" height=\"522\" src=\"https:\/\/pc.sc.gov.br\/\/wp-content\/uploads\/2024\/06\/WhatsApp-Image-2024-06-05-at-18.32.45-1-1024x768.jpeg\" class=\"attachment-large size-large wp-image-20711\" alt=\"\" srcset=\"https:\/\/pc.sc.gov.br\/\/wp-content\/uploads\/2024\/06\/WhatsApp-Image-2024-06-05-at-18.32.45-1-1024x768.jpeg 1024w, https:\/\/pc.sc.gov.br\/\/wp-content\/uploads\/2024\/06\/WhatsApp-Image-2024-06-05-at-18.32.45-1-300x225.jpeg 300w, https:\/\/pc.sc.gov.br\/\/wp-content\/uploads\/2024\/06\/WhatsApp-Image-2024-06-05-at-18.32.45-1-768x576.jpeg 768w, https:\/\/pc.sc.gov.br\/\/wp-content\/uploads\/2024\/06\/WhatsApp-Image-2024-06-05-at-18.32.45-1-1536x1152.jpeg 1536w, https:\/\/pc.sc.gov.br\/\/wp-content\/uploads\/2024\/06\/WhatsApp-Image-2024-06-05-at-18.32.45-1.jpeg 1600w\" sizes=\"(max-width: 696px) 100vw, 696px\" \/>\t\t\t\t\t\t\t\t\t\t\t\t\t\t\t<\/div>\n\t\t\t\t<\/div>\n\t\t\t\t\t<\/div>\n\t\t<\/div>\n\t\t\t\t\t<\/div>\n\t\t<\/section>\n\t\t\t\t<section class=\"elementor-section elementor-top-section elementor-element elementor-element-c4e78d9 elementor-section-boxed elementor-section-height-default elementor-section-height-default\" data-id=\"c4e78d9\" data-element_type=\"section\">\n\t\t\t\t\t\t<div class=\"elementor-container elementor-column-gap-default\">\n\t\t\t\t\t<div class=\"elementor-column elementor-col-100 elementor-top-column elementor-element elementor-element-0b0992b\" data-id=\"0b0992b\" data-element_type=\"column\">\n\t\t\t<div class=\"elementor-widget-wrap elementor-element-populated\">\n\t\t\t\t\t\t<div class=\"elementor-element elementor-element-6f8d20e elementor-widget elementor-widget-text-editor\" data-id=\"6f8d20e\" data-element_type=\"widget\" data-widget_type=\"text-editor.default\">\n\t\t\t\t<div class=\"elementor-widget-container\">\n\t\t\t\t\t\t\t\t\t<p><span style=\"font-family: var( --e-global-typography-text-font-family ), Sans-serif; font-size: var( --e-global-typography-text-font-size );\">Mais uma equipe formada por 30 policiais civis catarinenses embarcou nesta quarta-feira (5) para atuar na miss\u00e3o humanit\u00e1ria do Rio Grande do <\/span><span style=\"font-family: var( --e-global-typography-text-font-family ), Sans-serif; font-size: var( --e-global-typography-text-font-size );\">Sul. Esta \u00e9 quinta turma de policiais civis que segue para o RS com miss\u00e3o de auxiliar as for\u00e7as de seguran\u00e7a locais atuando nas \u00e1reas mais sens\u00edveis da regi\u00e3o metropolitana de Porto Alegre.&nbsp;<\/span><\/p>\n<p>O grupo est\u00e1 sob o comando do delegado Daniel Dias, Coordenador da CORE (Coordenadoria de Opera\u00e7\u00f5es e Recursos Especiais). Ao todo a PCSC j\u00e1 mobilizou mais de 130 policiais para atuar nas regi\u00f5es mais impactadas pelo desastre clim\u00e1tico, principalmente na regi\u00e3o metropolitana da Capital ga\u00facha.<\/p>\n<p>Todo o trabalho que envolve desde a sele\u00e7\u00e3o dos integrantes das equipes e organiza\u00e7\u00e3o dos policiais \u00e9 feito pelo Setor de Opera\u00e7\u00f5es (SEOPE) da Delegacia-Geral da Pol\u00edcia Civil de Santa Catarina (DGPC).&nbsp;<\/p>\n<p>Os integrantes desta turma est\u00e3o lotados nos munic\u00edpios de Florian\u00f3polis, Santo Amaro da Imperatriz, S\u00e3o Jos\u00e9, Cambori\u00fa, Itapema, S\u00e3o Bento do Sul, Tubar\u00e3o, Crici\u00fama, Major Gercino, Brusque, S\u00e3o Jo\u00e3o Batista, Jaragu\u00e1 do Sul, Joinville, Xanxer\u00ea, Tun\u00e1polis e Chapec\u00f3.<\/p>\n<p>Integrada com as demais for\u00e7as de seguran\u00e7a catarinenses que est\u00e3o atuando nas \u00e1reas mais impactadas pelo desastre clim\u00e1tico, os policiais civis n\u00e3o medir\u00e3o esfor\u00e7os para garantir a maior tranquilidade poss\u00edvel aos ga\u00fachos.&nbsp;&nbsp;<\/p>\n<div>&nbsp;<\/div>\t\t\t\t\t\t\t\t<\/div>\n\t\t\t\t<\/div>\n\t\t\t\t\t<\/div>\n\t\t<\/div>\n\t\t\t\t\t<\/div>\n\t\t<\/section>\n\t\t\t\t<\/div>\n\t\t","protected":false},"excerpt":{"rendered":"<p>PCSC envia mais 30 policiais civis para atuar na miss\u00e3o humanit\u00e1ria no Rio Grande do Sul Mais uma equipe formada por 30 policiais civis catarinenses embarcou nesta quarta-feira (5) para atuar na miss\u00e3o humanit\u00e1ria do Rio Grande do Sul. Esta \u00e9 quinta turma de policiais civis que segue para o RS com miss\u00e3o de auxiliar [&hellip;]<\/p>\n","protected":false},"author":5,"featured_media":20711,"comment_status":"closed","ping_status":"open","sticky":false,"template":"","format":"standard","meta":{"_monsterinsights_skip_tracking":false,"_monsterinsights_sitenote_active":false,"_monsterinsights_sitenote_note":"","_monsterinsights_sitenote_category":0,"footnotes":""},"categories":[1],"tags":[],"class_list":["post-20710","post","type-post","status-publish","format-standard","has-post-thumbnail","hentry","category-sem-categoria"],"_links":{"self":[{"href":"https:\/\/pc.sc.gov.br\/index.php?rest_route=\/wp\/v2\/posts\/20710","targetHints":{"allow":["GET"]}}],"collection":[{"href":"https:\/\/pc.sc.gov.br\/index.php?rest_route=\/wp\/v2\/posts"}],"about":[{"href":"https:\/\/pc.sc.gov.br\/index.php?rest_route=\/wp\/v2\/types\/post"}],"author":[{"embeddable":true,"href":"https:\/\/pc.sc.gov.br\/index.php?rest_route=\/wp\/v2\/users\/5"}],"replies":[{"embeddable":true,"href":"https:\/\/pc.sc.gov.br\/index.php?rest_route=%2Fwp%2Fv2%2Fcomments&post=20710"}],"version-history":[{"count":4,"href":"https:\/\/pc.sc.gov.br\/index.php?rest_route=\/wp\/v2\/posts\/20710\/revisions"}],"predecessor-version":[{"id":20715,"href":"https:\/\/pc.sc.gov.br\/index.php?rest_route=\/wp\/v2\/posts\/20710\/revisions\/20715"}],"wp:featuredmedia":[{"embeddable":true,"href":"https:\/\/pc.sc.gov.br\/index.php?rest_route=\/wp\/v2\/media\/20711"}],"wp:attachment":[{"href":"https:\/\/pc.sc.gov.br\/index.php?rest_route=%2Fwp%2Fv2%2Fmedia&parent=20710"}],"wp:term":[{"taxonomy":"category","embeddable":true,"href":"https:\/\/pc.sc.gov.br\/index.php?rest_route=%2Fwp%2Fv2%2Fcategories&post=20710"},{"taxonomy":"post_tag","embeddable":true,"href":"https:\/\/pc.sc.gov.br\/index.php?rest_route=%2Fwp%2Fv2%2Ftags&post=20710"}],"curies":[{"name":"wp","href":"https:\/\/api.w.org\/{rel}","templated":true}]}}