{"id":20722,"date":"2024-06-06T14:23:27","date_gmt":"2024-06-06T17:23:27","guid":{"rendered":"https:\/\/pc.sc.gov.br\/?p=20722"},"modified":"2024-06-06T14:24:30","modified_gmt":"2024-06-06T17:24:30","slug":"policias-civis-de-santa-catarina-e-rio-grande-do-sul-prendem-autor-de-extorsao-em-flagrante","status":"publish","type":"post","link":"https:\/\/pc.sc.gov.br\/?p=20722","title":{"rendered":"Pol\u00edcias Civis de Santa Catarina e Rio Grande do Sul prendem autor de extors\u00e3o em flagrante"},"content":{"rendered":"\t\t<div data-elementor-type=\"wp-post\" data-elementor-id=\"20722\" class=\"elementor elementor-20722\" data-elementor-post-type=\"post\">\n\t\t\t\t\t\t<section class=\"elementor-section elementor-top-section elementor-element elementor-element-344de20 elementor-section-boxed elementor-section-height-default elementor-section-height-default\" data-id=\"344de20\" data-element_type=\"section\">\n\t\t\t\t\t\t<div class=\"elementor-container elementor-column-gap-default\">\n\t\t\t\t\t<div class=\"elementor-column elementor-col-100 elementor-top-column elementor-element elementor-element-cb95914\" data-id=\"cb95914\" data-element_type=\"column\">\n\t\t\t<div class=\"elementor-widget-wrap elementor-element-populated\">\n\t\t\t\t\t\t<div class=\"elementor-element elementor-element-b5cb302 elementor-widget elementor-widget-heading\" data-id=\"b5cb302\" data-element_type=\"widget\" data-widget_type=\"heading.default\">\n\t\t\t\t<div class=\"elementor-widget-container\">\n\t\t\t\t\t<h2 class=\"elementor-heading-title elementor-size-default\">Pol\u00edcias Civis de Santa Catarina e Rio Grande do Sul prendem autor de extors\u00e3o em flagrante<\/h2>\t\t\t\t<\/div>\n\t\t\t\t<\/div>\n\t\t\t\t\t<\/div>\n\t\t<\/div>\n\t\t\t\t\t<\/div>\n\t\t<\/section>\n\t\t\t\t<section class=\"elementor-section elementor-top-section elementor-element elementor-element-d2439c6 elementor-section-boxed elementor-section-height-default elementor-section-height-default\" data-id=\"d2439c6\" data-element_type=\"section\">\n\t\t\t\t\t\t<div class=\"elementor-container elementor-column-gap-default\">\n\t\t\t\t\t<div class=\"elementor-column elementor-col-100 elementor-top-column elementor-element elementor-element-ea34d0d\" data-id=\"ea34d0d\" data-element_type=\"column\">\n\t\t\t<div class=\"elementor-widget-wrap elementor-element-populated\">\n\t\t\t\t\t\t<div class=\"elementor-element elementor-element-4bdfe13 elementor-widget elementor-widget-image\" data-id=\"4bdfe13\" data-element_type=\"widget\" data-widget_type=\"image.default\">\n\t\t\t\t<div class=\"elementor-widget-container\">\n\t\t\t\t\t\t\t\t\t\t\t\t\t\t\t<img fetchpriority=\"high\" decoding=\"async\" width=\"696\" height=\"701\" src=\"https:\/\/pc.sc.gov.br\/\/wp-content\/uploads\/2024\/06\/WhatsApp-Image-2024-06-05-at-22.15.29-fotor-20240606142214-1016x1024.jpg\" class=\"attachment-large size-large wp-image-20723\" alt=\"\" srcset=\"https:\/\/pc.sc.gov.br\/\/wp-content\/uploads\/2024\/06\/WhatsApp-Image-2024-06-05-at-22.15.29-fotor-20240606142214-1016x1024.jpg 1016w, https:\/\/pc.sc.gov.br\/\/wp-content\/uploads\/2024\/06\/WhatsApp-Image-2024-06-05-at-22.15.29-fotor-20240606142214-298x300.jpg 298w, https:\/\/pc.sc.gov.br\/\/wp-content\/uploads\/2024\/06\/WhatsApp-Image-2024-06-05-at-22.15.29-fotor-20240606142214-150x150.jpg 150w, https:\/\/pc.sc.gov.br\/\/wp-content\/uploads\/2024\/06\/WhatsApp-Image-2024-06-05-at-22.15.29-fotor-20240606142214-768x774.jpg 768w, https:\/\/pc.sc.gov.br\/\/wp-content\/uploads\/2024\/06\/WhatsApp-Image-2024-06-05-at-22.15.29-fotor-20240606142214.jpg 1200w\" sizes=\"(max-width: 696px) 100vw, 696px\" \/>\t\t\t\t\t\t\t\t\t\t\t\t\t\t\t<\/div>\n\t\t\t\t<\/div>\n\t\t\t\t\t<\/div>\n\t\t<\/div>\n\t\t\t\t\t<\/div>\n\t\t<\/section>\n\t\t\t\t<section class=\"elementor-section elementor-top-section elementor-element elementor-element-158f53b elementor-section-boxed elementor-section-height-default elementor-section-height-default\" data-id=\"158f53b\" data-element_type=\"section\">\n\t\t\t\t\t\t<div class=\"elementor-container elementor-column-gap-default\">\n\t\t\t\t\t<div class=\"elementor-column elementor-col-100 elementor-top-column elementor-element elementor-element-2edfcc0\" data-id=\"2edfcc0\" data-element_type=\"column\">\n\t\t\t<div class=\"elementor-widget-wrap elementor-element-populated\">\n\t\t\t\t\t\t<div class=\"elementor-element elementor-element-eb0695f elementor-widget elementor-widget-text-editor\" data-id=\"eb0695f\" data-element_type=\"widget\" data-widget_type=\"text-editor.default\">\n\t\t\t\t<div class=\"elementor-widget-container\">\n\t\t\t\t\t\t\t\t\t<p>A Delegacia de Roubos e Antissequestro (DRAS\/DEIC), da Pol\u00edcia Civil de Santa Catarina (PCSC), juntamente com a Delegacia de Roubos e Extors\u00f5es do DEIC da Pol\u00edcia Civil do Rio Grande do Sul (PCRS), com apoio da Delegacia de Pol\u00edcia de S\u00e3o Jo\u00e3o do Sul e SAER Sul, localizaram e prenderam na noite de quarta-feira (05) o autor intelectual e executor de crime de extors\u00e3o, fato que teve in\u00edcio de ter\u00e7a-feira (04).\u00a0<\/p><p>A Pol\u00edcia Civil ga\u00facha tomou conhecimento do crime de extors\u00e3o mediante sequestro, onde um homem de 80 anos informou que sua filha, de 52 anos, havia sido sequestrada e estava em poder de criminosos que exigiam a quantia de R$ 50 mil para libert\u00e1-la.\u00a0<\/p><p>As extors\u00f5es ocorriam incessantemente atrav\u00e9s do aplicativo de mensagens whatsapp, sempre com mensagens que atentavam contra a vida da v\u00edtima, caso o pai n\u00e3o pagasse a quantia exigida.<\/p><p>De acordo com o delegado Anselmo Cruz, titular da DRAS\/DEIC, a investiga\u00e7\u00e3o identificou que o autor das extors\u00f5es, um homem de 22 anos, estava na cidade de Praia Grande (SC), onde foi preso no inicio da noite de quarta-feira (5). Foi identificado ainda que n\u00e3o havia v\u00edtima em cativeiro e tratava-se apenas de extors\u00e3o. A mulher que teria sido sequestrada foi localizada na cidade de Cap\u00e3o da Canoa e n\u00e3o teve participa\u00e7\u00e3o nas extors\u00f5es cometidas contra seu pai.\u00a0<\/p><p>O autor do crime foi levado para o Rio Grande do Sul, sendo autuado em flagrante e encaminhado ao sistema prisional.<\/p>\t\t\t\t\t\t\t\t<\/div>\n\t\t\t\t<\/div>\n\t\t\t\t\t<\/div>\n\t\t<\/div>\n\t\t\t\t\t<\/div>\n\t\t<\/section>\n\t\t\t\t<\/div>\n\t\t","protected":false},"excerpt":{"rendered":"<p>Pol\u00edcias Civis de Santa Catarina e Rio Grande do Sul prendem autor de extors\u00e3o em flagrante A Delegacia de Roubos e Antissequestro (DRAS\/DEIC), da Pol\u00edcia Civil de Santa Catarina (PCSC), juntamente com a Delegacia de Roubos e Extors\u00f5es do DEIC da Pol\u00edcia Civil do Rio Grande do Sul (PCRS), com apoio da Delegacia de Pol\u00edcia [&hellip;]<\/p>\n","protected":false},"author":5,"featured_media":20723,"comment_status":"closed","ping_status":"open","sticky":false,"template":"","format":"standard","meta":{"_monsterinsights_skip_tracking":false,"_monsterinsights_sitenote_active":false,"_monsterinsights_sitenote_note":"","_monsterinsights_sitenote_category":0,"footnotes":""},"categories":[1],"tags":[],"class_list":["post-20722","post","type-post","status-publish","format-standard","has-post-thumbnail","hentry","category-sem-categoria"],"_links":{"self":[{"href":"https:\/\/pc.sc.gov.br\/index.php?rest_route=\/wp\/v2\/posts\/20722","targetHints":{"allow":["GET"]}}],"collection":[{"href":"https:\/\/pc.sc.gov.br\/index.php?rest_route=\/wp\/v2\/posts"}],"about":[{"href":"https:\/\/pc.sc.gov.br\/index.php?rest_route=\/wp\/v2\/types\/post"}],"author":[{"embeddable":true,"href":"https:\/\/pc.sc.gov.br\/index.php?rest_route=\/wp\/v2\/users\/5"}],"replies":[{"embeddable":true,"href":"https:\/\/pc.sc.gov.br\/index.php?rest_route=%2Fwp%2Fv2%2Fcomments&post=20722"}],"version-history":[{"count":4,"href":"https:\/\/pc.sc.gov.br\/index.php?rest_route=\/wp\/v2\/posts\/20722\/revisions"}],"predecessor-version":[{"id":20727,"href":"https:\/\/pc.sc.gov.br\/index.php?rest_route=\/wp\/v2\/posts\/20722\/revisions\/20727"}],"wp:featuredmedia":[{"embeddable":true,"href":"https:\/\/pc.sc.gov.br\/index.php?rest_route=\/wp\/v2\/media\/20723"}],"wp:attachment":[{"href":"https:\/\/pc.sc.gov.br\/index.php?rest_route=%2Fwp%2Fv2%2Fmedia&parent=20722"}],"wp:term":[{"taxonomy":"category","embeddable":true,"href":"https:\/\/pc.sc.gov.br\/index.php?rest_route=%2Fwp%2Fv2%2Fcategories&post=20722"},{"taxonomy":"post_tag","embeddable":true,"href":"https:\/\/pc.sc.gov.br\/index.php?rest_route=%2Fwp%2Fv2%2Ftags&post=20722"}],"curies":[{"name":"wp","href":"https:\/\/api.w.org\/{rel}","templated":true}]}}