{"id":20728,"date":"2024-06-06T14:42:23","date_gmt":"2024-06-06T17:42:23","guid":{"rendered":"https:\/\/pc.sc.gov.br\/?p=20728"},"modified":"2024-06-06T14:43:12","modified_gmt":"2024-06-06T17:43:12","slug":"policia-civil-cumpre-mandados-de-busca-e-apreensao-e-prisao-por-tentativa-de-latrocinio-em-tijucas","status":"publish","type":"post","link":"https:\/\/pc.sc.gov.br\/?p=20728","title":{"rendered":"Pol\u00edcia Civil cumpre mandados de busca e apreens\u00e3o e pris\u00e3o por tentativa de latroc\u00ednio em Tijucas"},"content":{"rendered":"\t\t<div data-elementor-type=\"wp-post\" data-elementor-id=\"20728\" class=\"elementor elementor-20728\" data-elementor-post-type=\"post\">\n\t\t\t\t\t\t<section class=\"elementor-section elementor-top-section elementor-element elementor-element-4d4dcd9 elementor-section-boxed elementor-section-height-default elementor-section-height-default\" data-id=\"4d4dcd9\" data-element_type=\"section\">\n\t\t\t\t\t\t<div class=\"elementor-container elementor-column-gap-default\">\n\t\t\t\t\t<div class=\"elementor-column elementor-col-100 elementor-top-column elementor-element elementor-element-5e8b404\" data-id=\"5e8b404\" data-element_type=\"column\">\n\t\t\t<div class=\"elementor-widget-wrap elementor-element-populated\">\n\t\t\t\t\t\t<div class=\"elementor-element elementor-element-3121766 elementor-widget elementor-widget-heading\" data-id=\"3121766\" data-element_type=\"widget\" data-widget_type=\"heading.default\">\n\t\t\t\t<div class=\"elementor-widget-container\">\n\t\t\t\t\t<h2 class=\"elementor-heading-title elementor-size-default\">Pol\u00edcia Civil cumpre mandados de busca e apreens\u00e3o e pris\u00e3o por tentativa de latroc\u00ednio em Tijucas<\/h2>\t\t\t\t<\/div>\n\t\t\t\t<\/div>\n\t\t\t\t\t<\/div>\n\t\t<\/div>\n\t\t\t\t\t<\/div>\n\t\t<\/section>\n\t\t\t\t<section class=\"elementor-section elementor-top-section elementor-element elementor-element-ec3c5c1 elementor-section-boxed elementor-section-height-default elementor-section-height-default\" data-id=\"ec3c5c1\" data-element_type=\"section\">\n\t\t\t\t\t\t<div class=\"elementor-container elementor-column-gap-default\">\n\t\t\t\t\t<div class=\"elementor-column elementor-col-100 elementor-top-column elementor-element elementor-element-3d11e40\" data-id=\"3d11e40\" data-element_type=\"column\">\n\t\t\t<div class=\"elementor-widget-wrap elementor-element-populated\">\n\t\t\t\t\t\t<div class=\"elementor-element elementor-element-d4b918e elementor-widget elementor-widget-image\" data-id=\"d4b918e\" data-element_type=\"widget\" data-widget_type=\"image.default\">\n\t\t\t\t<div class=\"elementor-widget-container\">\n\t\t\t\t\t\t\t\t\t\t\t\t\t\t\t<img fetchpriority=\"high\" decoding=\"async\" width=\"696\" height=\"696\" src=\"https:\/\/pc.sc.gov.br\/\/wp-content\/uploads\/2024\/06\/WhatsApp-Image-2024-06-06-at-14.15.05-1024x1024.jpeg\" class=\"attachment-large size-large wp-image-20729\" alt=\"\" srcset=\"https:\/\/pc.sc.gov.br\/\/wp-content\/uploads\/2024\/06\/WhatsApp-Image-2024-06-06-at-14.15.05-1024x1024.jpeg 1024w, https:\/\/pc.sc.gov.br\/\/wp-content\/uploads\/2024\/06\/WhatsApp-Image-2024-06-06-at-14.15.05-300x300.jpeg 300w, https:\/\/pc.sc.gov.br\/\/wp-content\/uploads\/2024\/06\/WhatsApp-Image-2024-06-06-at-14.15.05-150x150.jpeg 150w, https:\/\/pc.sc.gov.br\/\/wp-content\/uploads\/2024\/06\/WhatsApp-Image-2024-06-06-at-14.15.05-768x768.jpeg 768w, https:\/\/pc.sc.gov.br\/\/wp-content\/uploads\/2024\/06\/WhatsApp-Image-2024-06-06-at-14.15.05.jpeg 1080w\" sizes=\"(max-width: 696px) 100vw, 696px\" \/>\t\t\t\t\t\t\t\t\t\t\t\t\t\t\t<\/div>\n\t\t\t\t<\/div>\n\t\t\t\t\t<\/div>\n\t\t<\/div>\n\t\t\t\t\t<\/div>\n\t\t<\/section>\n\t\t\t\t<section class=\"elementor-section elementor-top-section elementor-element elementor-element-bbc4642 elementor-section-boxed elementor-section-height-default elementor-section-height-default\" data-id=\"bbc4642\" data-element_type=\"section\">\n\t\t\t\t\t\t<div class=\"elementor-container elementor-column-gap-default\">\n\t\t\t\t\t<div class=\"elementor-column elementor-col-100 elementor-top-column elementor-element elementor-element-24e9efa\" data-id=\"24e9efa\" data-element_type=\"column\">\n\t\t\t<div class=\"elementor-widget-wrap elementor-element-populated\">\n\t\t\t\t\t\t<div class=\"elementor-element elementor-element-e445645 elementor-widget elementor-widget-text-editor\" data-id=\"e445645\" data-element_type=\"widget\" data-widget_type=\"text-editor.default\">\n\t\t\t\t<div class=\"elementor-widget-container\">\n\t\t\t\t\t\t\t\t\t<p>A Pol\u00edcia Civil de Santa Catarina, por meio da Delegacia de Pol\u00edcia da Comarca de Tijucas, cumpriu dois mandados de busca e apreens\u00e3o e efetuou duas pris\u00f5es na manh\u00e3 desta quinta-feira (06\/06) no bairro Pra\u00e7a, em Tijucas.<\/p><p>Na \u00faltima sexta-feira (31\/05), um homem teria sa\u00eddo de carro para beber com amigos e, em seguida, desapareceu. No s\u00e1bado, o Hospital Ruth Cardoso entrou em contato com familiares informando sobre sua interna\u00e7\u00e3o na UTI e que o mesmo foi encontrado desacordado \u00e0s margens da rodovia apresentando traumatismo craniano e outras les\u00f5es graves no corpo.<\/p><p>A v\u00edtima relatou \u00e0 fam\u00edlia que o ve\u00edculo foi roubado e apontou dois suspeitos. As investiga\u00e7\u00f5es apontaram que o ve\u00edculo foi negociado com o propriet\u00e1rio de um prost\u00edbulo na cidade de Canelinha.<\/p><p>Diante disso, o respons\u00e1vel pela aquisi\u00e7\u00e3o do ve\u00edculo roubado foi autuado em flagrante pelo crime de recepta\u00e7\u00e3o. Ap\u00f3s diversas dilig\u00eancias, ainda na segunda-feira, a Pol\u00edcia Civil representou pelas cautelares judiciais que foram cumpridas na manh\u00e3 de hoje (06\/06).<\/p><p>Ap\u00f3s formalidades administrativas, haver\u00e1 encaminhamento e apresenta\u00e7\u00e3o dos investigados ao Sistema Penitenci\u00e1rio, ficando ambos \u00e0 disposi\u00e7\u00e3o da Justi\u00e7a Catarinense.<\/p>\t\t\t\t\t\t\t\t<\/div>\n\t\t\t\t<\/div>\n\t\t\t\t\t<\/div>\n\t\t<\/div>\n\t\t\t\t\t<\/div>\n\t\t<\/section>\n\t\t\t\t<\/div>\n\t\t","protected":false},"excerpt":{"rendered":"<p>Pol\u00edcia Civil cumpre mandados de busca e apreens\u00e3o e pris\u00e3o por tentativa de latroc\u00ednio em Tijucas A Pol\u00edcia Civil de Santa Catarina, por meio da Delegacia de Pol\u00edcia da Comarca de Tijucas, cumpriu dois mandados de busca e apreens\u00e3o e efetuou duas pris\u00f5es na manh\u00e3 desta quinta-feira (06\/06) no bairro Pra\u00e7a, em Tijucas. Na \u00faltima [&hellip;]<\/p>\n","protected":false},"author":5,"featured_media":20729,"comment_status":"closed","ping_status":"open","sticky":false,"template":"","format":"standard","meta":{"_monsterinsights_skip_tracking":false,"_monsterinsights_sitenote_active":false,"_monsterinsights_sitenote_note":"","_monsterinsights_sitenote_category":0,"footnotes":""},"categories":[1],"tags":[],"class_list":["post-20728","post","type-post","status-publish","format-standard","has-post-thumbnail","hentry","category-sem-categoria"],"_links":{"self":[{"href":"https:\/\/pc.sc.gov.br\/index.php?rest_route=\/wp\/v2\/posts\/20728","targetHints":{"allow":["GET"]}}],"collection":[{"href":"https:\/\/pc.sc.gov.br\/index.php?rest_route=\/wp\/v2\/posts"}],"about":[{"href":"https:\/\/pc.sc.gov.br\/index.php?rest_route=\/wp\/v2\/types\/post"}],"author":[{"embeddable":true,"href":"https:\/\/pc.sc.gov.br\/index.php?rest_route=\/wp\/v2\/users\/5"}],"replies":[{"embeddable":true,"href":"https:\/\/pc.sc.gov.br\/index.php?rest_route=%2Fwp%2Fv2%2Fcomments&post=20728"}],"version-history":[{"count":4,"href":"https:\/\/pc.sc.gov.br\/index.php?rest_route=\/wp\/v2\/posts\/20728\/revisions"}],"predecessor-version":[{"id":20733,"href":"https:\/\/pc.sc.gov.br\/index.php?rest_route=\/wp\/v2\/posts\/20728\/revisions\/20733"}],"wp:featuredmedia":[{"embeddable":true,"href":"https:\/\/pc.sc.gov.br\/index.php?rest_route=\/wp\/v2\/media\/20729"}],"wp:attachment":[{"href":"https:\/\/pc.sc.gov.br\/index.php?rest_route=%2Fwp%2Fv2%2Fmedia&parent=20728"}],"wp:term":[{"taxonomy":"category","embeddable":true,"href":"https:\/\/pc.sc.gov.br\/index.php?rest_route=%2Fwp%2Fv2%2Fcategories&post=20728"},{"taxonomy":"post_tag","embeddable":true,"href":"https:\/\/pc.sc.gov.br\/index.php?rest_route=%2Fwp%2Fv2%2Ftags&post=20728"}],"curies":[{"name":"wp","href":"https:\/\/api.w.org\/{rel}","templated":true}]}}