{"id":20734,"date":"2024-06-06T15:37:14","date_gmt":"2024-06-06T18:37:14","guid":{"rendered":"https:\/\/pc.sc.gov.br\/?p=20734"},"modified":"2024-06-06T15:57:33","modified_gmt":"2024-06-06T18:57:33","slug":"lages-sediara-a-corrida-de-rua-em-homenagem-aos-212-anos-da-policia-civil-de-santa-catarina","status":"publish","type":"post","link":"https:\/\/pc.sc.gov.br\/?p=20734","title":{"rendered":"Lages sediar\u00e1 a Corrida de Rua em homenagem aos 212 anos da Pol\u00edcia Civil de Santa Catarina"},"content":{"rendered":"\t\t<div data-elementor-type=\"wp-post\" data-elementor-id=\"20734\" class=\"elementor elementor-20734\" data-elementor-post-type=\"post\">\n\t\t\t\t\t\t<section class=\"elementor-section elementor-top-section elementor-element elementor-element-c67c9e6 elementor-section-boxed elementor-section-height-default elementor-section-height-default\" data-id=\"c67c9e6\" data-element_type=\"section\">\n\t\t\t\t\t\t<div class=\"elementor-container elementor-column-gap-default\">\n\t\t\t\t\t<div class=\"elementor-column elementor-col-100 elementor-top-column elementor-element elementor-element-2251a7d\" data-id=\"2251a7d\" data-element_type=\"column\">\n\t\t\t<div class=\"elementor-widget-wrap elementor-element-populated\">\n\t\t\t\t\t\t<div class=\"elementor-element elementor-element-6908fe5 elementor-widget elementor-widget-heading\" data-id=\"6908fe5\" data-element_type=\"widget\" data-widget_type=\"heading.default\">\n\t\t\t\t<div class=\"elementor-widget-container\">\n\t\t\t\t\t<h2 class=\"elementor-heading-title elementor-size-default\">Lages sediar\u00e1 a Corrida de Rua em homenagem aos 212 anos da Pol\u00edcia civil de Santa Catarina<\/h2>\t\t\t\t<\/div>\n\t\t\t\t<\/div>\n\t\t\t\t\t<\/div>\n\t\t<\/div>\n\t\t\t\t\t<\/div>\n\t\t<\/section>\n\t\t\t\t<section class=\"elementor-section elementor-top-section elementor-element elementor-element-1dd6839 elementor-section-boxed elementor-section-height-default elementor-section-height-default\" data-id=\"1dd6839\" data-element_type=\"section\">\n\t\t\t\t\t\t<div class=\"elementor-container elementor-column-gap-default\">\n\t\t\t\t\t<div class=\"elementor-column elementor-col-100 elementor-top-column elementor-element elementor-element-391bc73\" data-id=\"391bc73\" data-element_type=\"column\">\n\t\t\t<div class=\"elementor-widget-wrap elementor-element-populated\">\n\t\t\t\t\t\t<div class=\"elementor-element elementor-element-ffc94cf elementor-widget elementor-widget-image\" data-id=\"ffc94cf\" data-element_type=\"widget\" data-widget_type=\"image.default\">\n\t\t\t\t<div class=\"elementor-widget-container\">\n\t\t\t\t\t\t\t\t\t\t\t\t\t\t\t<img fetchpriority=\"high\" decoding=\"async\" width=\"696\" height=\"516\" src=\"https:\/\/pc.sc.gov.br\/\/wp-content\/uploads\/2024\/06\/WhatsApp-Image-2024-06-06-at-15.48.42.jpeg\" class=\"attachment-large size-large wp-image-20735\" alt=\"\" srcset=\"https:\/\/pc.sc.gov.br\/\/wp-content\/uploads\/2024\/06\/WhatsApp-Image-2024-06-06-at-15.48.42.jpeg 940w, https:\/\/pc.sc.gov.br\/\/wp-content\/uploads\/2024\/06\/WhatsApp-Image-2024-06-06-at-15.48.42-300x222.jpeg 300w, https:\/\/pc.sc.gov.br\/\/wp-content\/uploads\/2024\/06\/WhatsApp-Image-2024-06-06-at-15.48.42-768x569.jpeg 768w\" sizes=\"(max-width: 696px) 100vw, 696px\" \/>\t\t\t\t\t\t\t\t\t\t\t\t\t\t\t<\/div>\n\t\t\t\t<\/div>\n\t\t\t\t\t<\/div>\n\t\t<\/div>\n\t\t\t\t\t<\/div>\n\t\t<\/section>\n\t\t\t\t<section class=\"elementor-section elementor-top-section elementor-element elementor-element-3cad551 elementor-section-boxed elementor-section-height-default elementor-section-height-default\" data-id=\"3cad551\" data-element_type=\"section\">\n\t\t\t\t\t\t<div class=\"elementor-container elementor-column-gap-default\">\n\t\t\t\t\t<div class=\"elementor-column elementor-col-100 elementor-top-column elementor-element elementor-element-808198b\" data-id=\"808198b\" data-element_type=\"column\">\n\t\t\t<div class=\"elementor-widget-wrap elementor-element-populated\">\n\t\t\t\t\t\t<div class=\"elementor-element elementor-element-ebd6b1f elementor-widget elementor-widget-text-editor\" data-id=\"ebd6b1f\" data-element_type=\"widget\" data-widget_type=\"text-editor.default\">\n\t\t\t\t<div class=\"elementor-widget-container\">\n\t\t\t\t\t\t\t\t\t<p>Dentre as diversas a\u00e7\u00f5es programadas para marcar os 212 anos da Pol\u00edcia Civil de Santa Catarina (PCSC), a institui\u00e7\u00e3o promove no pr\u00f3ximo dia 28 de julho, a tradicional Corrida de Rua, que neste ano ser\u00e1 em Lages. Al\u00e9m de aproximar a PCSC da comunidade, a atividade visa difundir a pr\u00e1tica esportiva e conscientizar a popula\u00e7\u00e3o sobre a import\u00e2ncia do exerc\u00edcio f\u00edsico para a sa\u00fade.<\/p><p>A Corrida de Rua da PCSC ter\u00e1 duas modalidades: 10 km e 5 km ambas com largada prevista para 8h e 8h10min da Uniplac (Av. Mal. Castelo Branco, n\u00ba 170, Bairro Universit\u00e1rio). Ap\u00f3s o t\u00e9rmino da prova haver\u00e1 cerim\u00f4nia de premia\u00e7\u00e3o com trof\u00e9us. A prova est\u00e1 sendo organizada pela empresa Evento Oficial. Para inscri\u00e7\u00f5es e informa\u00e7\u00f5es clique <a href=\"https:\/\/www.eventooficial.com.br\/evento\/2024\/corrida-de-rua\/comemorao-dos-212-anos-da-polcia-civil-sc-corrida-de-rua\">aqui.<\/a><\/p>\t\t\t\t\t\t\t\t<\/div>\n\t\t\t\t<\/div>\n\t\t\t\t\t<\/div>\n\t\t<\/div>\n\t\t\t\t\t<\/div>\n\t\t<\/section>\n\t\t\t\t<\/div>\n\t\t","protected":false},"excerpt":{"rendered":"<p>Lages sediar\u00e1 a Corrida de Rua em homenagem aos 212 anos da Pol\u00edcia civil de Santa Catarina Dentre as diversas a\u00e7\u00f5es programadas para marcar os 212 anos da Pol\u00edcia Civil de Santa Catarina (PCSC), a institui\u00e7\u00e3o promove no pr\u00f3ximo dia 28 de julho, a tradicional Corrida de Rua, que neste ano ser\u00e1 em Lages. Al\u00e9m [&hellip;]<\/p>\n","protected":false},"author":5,"featured_media":20742,"comment_status":"closed","ping_status":"open","sticky":false,"template":"","format":"standard","meta":{"_monsterinsights_skip_tracking":false,"_monsterinsights_sitenote_active":false,"_monsterinsights_sitenote_note":"","_monsterinsights_sitenote_category":0,"footnotes":""},"categories":[1],"tags":[],"class_list":["post-20734","post","type-post","status-publish","format-standard","has-post-thumbnail","hentry","category-sem-categoria"],"_links":{"self":[{"href":"https:\/\/pc.sc.gov.br\/index.php?rest_route=\/wp\/v2\/posts\/20734","targetHints":{"allow":["GET"]}}],"collection":[{"href":"https:\/\/pc.sc.gov.br\/index.php?rest_route=\/wp\/v2\/posts"}],"about":[{"href":"https:\/\/pc.sc.gov.br\/index.php?rest_route=\/wp\/v2\/types\/post"}],"author":[{"embeddable":true,"href":"https:\/\/pc.sc.gov.br\/index.php?rest_route=\/wp\/v2\/users\/5"}],"replies":[{"embeddable":true,"href":"https:\/\/pc.sc.gov.br\/index.php?rest_route=%2Fwp%2Fv2%2Fcomments&post=20734"}],"version-history":[{"count":6,"href":"https:\/\/pc.sc.gov.br\/index.php?rest_route=\/wp\/v2\/posts\/20734\/revisions"}],"predecessor-version":[{"id":20741,"href":"https:\/\/pc.sc.gov.br\/index.php?rest_route=\/wp\/v2\/posts\/20734\/revisions\/20741"}],"wp:featuredmedia":[{"embeddable":true,"href":"https:\/\/pc.sc.gov.br\/index.php?rest_route=\/wp\/v2\/media\/20742"}],"wp:attachment":[{"href":"https:\/\/pc.sc.gov.br\/index.php?rest_route=%2Fwp%2Fv2%2Fmedia&parent=20734"}],"wp:term":[{"taxonomy":"category","embeddable":true,"href":"https:\/\/pc.sc.gov.br\/index.php?rest_route=%2Fwp%2Fv2%2Fcategories&post=20734"},{"taxonomy":"post_tag","embeddable":true,"href":"https:\/\/pc.sc.gov.br\/index.php?rest_route=%2Fwp%2Fv2%2Ftags&post=20734"}],"curies":[{"name":"wp","href":"https:\/\/api.w.org\/{rel}","templated":true}]}}