{"id":20744,"date":"2024-06-06T16:47:25","date_gmt":"2024-06-06T19:47:25","guid":{"rendered":"https:\/\/pc.sc.gov.br\/?p=20744"},"modified":"2024-06-06T16:48:09","modified_gmt":"2024-06-06T19:48:09","slug":"policia-civil-cumpre-mandado-de-busca-e-apreensao-e-prisao-por-roubo-em-palhoca","status":"publish","type":"post","link":"https:\/\/pc.sc.gov.br\/?p=20744","title":{"rendered":"Pol\u00edcia Civil cumpre mandado de busca e apreens\u00e3o e pris\u00e3o por roubo em Palho\u00e7a"},"content":{"rendered":"\t\t<div data-elementor-type=\"wp-post\" data-elementor-id=\"20744\" class=\"elementor elementor-20744\" data-elementor-post-type=\"post\">\n\t\t\t\t\t\t<section class=\"elementor-section elementor-top-section elementor-element elementor-element-7bca002 elementor-section-boxed elementor-section-height-default elementor-section-height-default\" data-id=\"7bca002\" data-element_type=\"section\">\n\t\t\t\t\t\t<div class=\"elementor-container elementor-column-gap-default\">\n\t\t\t\t\t<div class=\"elementor-column elementor-col-100 elementor-top-column elementor-element elementor-element-18d2dff\" data-id=\"18d2dff\" data-element_type=\"column\">\n\t\t\t<div class=\"elementor-widget-wrap elementor-element-populated\">\n\t\t\t\t\t\t<div class=\"elementor-element elementor-element-967f48a elementor-widget elementor-widget-heading\" data-id=\"967f48a\" data-element_type=\"widget\" data-widget_type=\"heading.default\">\n\t\t\t\t<div class=\"elementor-widget-container\">\n\t\t\t\t\t<h2 class=\"elementor-heading-title elementor-size-default\">Pol\u00edcia Civil cumpre mandado de busca e apreens\u00e3o e pris\u00e3o por roubo em Palho\u00e7a<\/h2>\t\t\t\t<\/div>\n\t\t\t\t<\/div>\n\t\t\t\t\t<\/div>\n\t\t<\/div>\n\t\t\t\t\t<\/div>\n\t\t<\/section>\n\t\t\t\t<section class=\"elementor-section elementor-top-section elementor-element elementor-element-7b47690 elementor-section-boxed elementor-section-height-default elementor-section-height-default\" data-id=\"7b47690\" data-element_type=\"section\">\n\t\t\t\t\t\t<div class=\"elementor-container elementor-column-gap-default\">\n\t\t\t\t\t<div class=\"elementor-column elementor-col-100 elementor-top-column elementor-element elementor-element-dff58d9\" data-id=\"dff58d9\" data-element_type=\"column\">\n\t\t\t<div class=\"elementor-widget-wrap elementor-element-populated\">\n\t\t\t\t\t\t<div class=\"elementor-element elementor-element-b89a9c0 elementor-widget elementor-widget-image\" data-id=\"b89a9c0\" data-element_type=\"widget\" data-widget_type=\"image.default\">\n\t\t\t\t<div class=\"elementor-widget-container\">\n\t\t\t\t\t\t\t\t\t\t\t\t\t\t\t<img fetchpriority=\"high\" decoding=\"async\" width=\"696\" height=\"928\" src=\"https:\/\/pc.sc.gov.br\/\/wp-content\/uploads\/2024\/06\/WhatsApp-Image-2024-06-06-at-12.14.13-768x1024.jpeg\" class=\"attachment-large size-large wp-image-20745\" alt=\"\" srcset=\"https:\/\/pc.sc.gov.br\/\/wp-content\/uploads\/2024\/06\/WhatsApp-Image-2024-06-06-at-12.14.13-768x1024.jpeg 768w, https:\/\/pc.sc.gov.br\/\/wp-content\/uploads\/2024\/06\/WhatsApp-Image-2024-06-06-at-12.14.13-225x300.jpeg 225w, https:\/\/pc.sc.gov.br\/\/wp-content\/uploads\/2024\/06\/WhatsApp-Image-2024-06-06-at-12.14.13-1152x1536.jpeg 1152w, https:\/\/pc.sc.gov.br\/\/wp-content\/uploads\/2024\/06\/WhatsApp-Image-2024-06-06-at-12.14.13.jpeg 1200w\" sizes=\"(max-width: 696px) 100vw, 696px\" \/>\t\t\t\t\t\t\t\t\t\t\t\t\t\t\t<\/div>\n\t\t\t\t<\/div>\n\t\t\t\t\t<\/div>\n\t\t<\/div>\n\t\t\t\t\t<\/div>\n\t\t<\/section>\n\t\t\t\t<section class=\"elementor-section elementor-top-section elementor-element elementor-element-dddc20d elementor-section-boxed elementor-section-height-default elementor-section-height-default\" data-id=\"dddc20d\" data-element_type=\"section\">\n\t\t\t\t\t\t<div class=\"elementor-container elementor-column-gap-default\">\n\t\t\t\t\t<div class=\"elementor-column elementor-col-100 elementor-top-column elementor-element elementor-element-8928641\" data-id=\"8928641\" data-element_type=\"column\">\n\t\t\t<div class=\"elementor-widget-wrap elementor-element-populated\">\n\t\t\t\t\t\t<div class=\"elementor-element elementor-element-fbd0231 elementor-widget elementor-widget-text-editor\" data-id=\"fbd0231\" data-element_type=\"widget\" data-widget_type=\"text-editor.default\">\n\t\t\t\t<div class=\"elementor-widget-container\">\n\t\t\t\t\t\t\t\t\t<p>A Pol\u00edcia Civil de Santa Catarina, por meio da Divis\u00e3o de Investiga\u00e7\u00e3o Criminal de Palho\u00e7a, deu continuidade \u00e0 opera\u00e7\u00e3o realizada no dia 22\/05\/2024, que elucidou tr\u00eas roubos \u00e0 resid\u00eancia, ocorridos em 01\/03\/2024, 04\/04\/2024, 22\/04\/2024, em Palho\u00e7a. Os mandados foram expedidos pela 1\u00aa Vara Criminal, sendo quatro mandados de busca e apreens\u00e3o e duas pris\u00f5es tempor\u00e1rias, em desfavor dos envolvidos.<\/p><p>Um dos suspeitos, preso na presente data, possui outro mandado de pris\u00e3o preventiva em seu desfavor, representado por esta unidade, relativo ao roubo ocorrido no bairro Pontal, em Palho\u00e7a, no 17\/02\/2024. Esse suspeito estava foragido do Sistema Penitenci\u00e1rio ao n\u00e3o retornar do trabalho externo.<\/p><p>Na ocasi\u00e3o, foram apreendidos os objetos roubados, al\u00e9m de outros de interesse investigativo. Prestaram apoio \u00e0 opera\u00e7\u00e3o, o PPT do 22\u00ba Batalh\u00e3o da Pol\u00edcia Militar de S\u00e3o Jos\u00e9, Ag\u00eancia de Intelig\u00eancia e ROMU da Guarda Municipal.<\/p>\t\t\t\t\t\t\t\t<\/div>\n\t\t\t\t<\/div>\n\t\t\t\t\t<\/div>\n\t\t<\/div>\n\t\t\t\t\t<\/div>\n\t\t<\/section>\n\t\t\t\t<\/div>\n\t\t","protected":false},"excerpt":{"rendered":"<p>Pol\u00edcia Civil cumpre mandado de busca e apreens\u00e3o e pris\u00e3o por roubo em Palho\u00e7a A Pol\u00edcia Civil de Santa Catarina, por meio da Divis\u00e3o de Investiga\u00e7\u00e3o Criminal de Palho\u00e7a, deu continuidade \u00e0 opera\u00e7\u00e3o realizada no dia 22\/05\/2024, que elucidou tr\u00eas roubos \u00e0 resid\u00eancia, ocorridos em 01\/03\/2024, 04\/04\/2024, 22\/04\/2024, em Palho\u00e7a. Os mandados foram expedidos pela [&hellip;]<\/p>\n","protected":false},"author":5,"featured_media":20745,"comment_status":"closed","ping_status":"open","sticky":false,"template":"","format":"standard","meta":{"_monsterinsights_skip_tracking":false,"_monsterinsights_sitenote_active":false,"_monsterinsights_sitenote_note":"","_monsterinsights_sitenote_category":0,"footnotes":""},"categories":[1],"tags":[],"class_list":["post-20744","post","type-post","status-publish","format-standard","has-post-thumbnail","hentry","category-sem-categoria"],"_links":{"self":[{"href":"https:\/\/pc.sc.gov.br\/index.php?rest_route=\/wp\/v2\/posts\/20744","targetHints":{"allow":["GET"]}}],"collection":[{"href":"https:\/\/pc.sc.gov.br\/index.php?rest_route=\/wp\/v2\/posts"}],"about":[{"href":"https:\/\/pc.sc.gov.br\/index.php?rest_route=\/wp\/v2\/types\/post"}],"author":[{"embeddable":true,"href":"https:\/\/pc.sc.gov.br\/index.php?rest_route=\/wp\/v2\/users\/5"}],"replies":[{"embeddable":true,"href":"https:\/\/pc.sc.gov.br\/index.php?rest_route=%2Fwp%2Fv2%2Fcomments&post=20744"}],"version-history":[{"count":4,"href":"https:\/\/pc.sc.gov.br\/index.php?rest_route=\/wp\/v2\/posts\/20744\/revisions"}],"predecessor-version":[{"id":20749,"href":"https:\/\/pc.sc.gov.br\/index.php?rest_route=\/wp\/v2\/posts\/20744\/revisions\/20749"}],"wp:featuredmedia":[{"embeddable":true,"href":"https:\/\/pc.sc.gov.br\/index.php?rest_route=\/wp\/v2\/media\/20745"}],"wp:attachment":[{"href":"https:\/\/pc.sc.gov.br\/index.php?rest_route=%2Fwp%2Fv2%2Fmedia&parent=20744"}],"wp:term":[{"taxonomy":"category","embeddable":true,"href":"https:\/\/pc.sc.gov.br\/index.php?rest_route=%2Fwp%2Fv2%2Fcategories&post=20744"},{"taxonomy":"post_tag","embeddable":true,"href":"https:\/\/pc.sc.gov.br\/index.php?rest_route=%2Fwp%2Fv2%2Ftags&post=20744"}],"curies":[{"name":"wp","href":"https:\/\/api.w.org\/{rel}","templated":true}]}}