{"id":20758,"date":"2024-06-07T14:08:10","date_gmt":"2024-06-07T17:08:10","guid":{"rendered":"https:\/\/pc.sc.gov.br\/?p=20758"},"modified":"2024-06-07T14:11:20","modified_gmt":"2024-06-07T17:11:20","slug":"policias-civil-e-federal-apreendem-cerca-de-20kg-de-substancia-analoga-a-maconha-no-aeroporto-de-florianopolis","status":"publish","type":"post","link":"https:\/\/pc.sc.gov.br\/?p=20758","title":{"rendered":"Pol\u00edcias Civil e Federal apreendem cerca de 20kg de subst\u00e2ncia an\u00e1loga \u00e0 maconha no Aeroporto de Florian\u00f3polis"},"content":{"rendered":"\t\t<div data-elementor-type=\"wp-post\" data-elementor-id=\"20758\" class=\"elementor elementor-20758\" data-elementor-post-type=\"post\">\n\t\t\t\t\t\t<section class=\"elementor-section elementor-top-section elementor-element elementor-element-8e70ae8 elementor-section-boxed elementor-section-height-default elementor-section-height-default\" data-id=\"8e70ae8\" data-element_type=\"section\">\n\t\t\t\t\t\t<div class=\"elementor-container elementor-column-gap-default\">\n\t\t\t\t\t<div class=\"elementor-column elementor-col-100 elementor-top-column elementor-element elementor-element-6a8aeea\" data-id=\"6a8aeea\" data-element_type=\"column\">\n\t\t\t<div class=\"elementor-widget-wrap elementor-element-populated\">\n\t\t\t\t\t\t<div class=\"elementor-element elementor-element-cf45d2a elementor-widget elementor-widget-heading\" data-id=\"cf45d2a\" data-element_type=\"widget\" data-widget_type=\"heading.default\">\n\t\t\t\t<div class=\"elementor-widget-container\">\n\t\t\t\t\t<h2 class=\"elementor-heading-title elementor-size-default\">Pol\u00edcias Civil e Federal apreendem cerca de  20kg de subst\u00e2ncia an\u00e1loga \u00e0 maconha em bagagem no Aeroporto de Florian\u00f3polis<\/h2>\t\t\t\t<\/div>\n\t\t\t\t<\/div>\n\t\t\t\t\t<\/div>\n\t\t<\/div>\n\t\t\t\t\t<\/div>\n\t\t<\/section>\n\t\t\t\t<section class=\"elementor-section elementor-top-section elementor-element elementor-element-e4d6620 elementor-section-boxed elementor-section-height-default elementor-section-height-default\" data-id=\"e4d6620\" data-element_type=\"section\">\n\t\t\t\t\t\t<div class=\"elementor-container elementor-column-gap-default\">\n\t\t\t\t\t<div class=\"elementor-column elementor-col-100 elementor-top-column elementor-element elementor-element-d4e7d23\" data-id=\"d4e7d23\" data-element_type=\"column\">\n\t\t\t<div class=\"elementor-widget-wrap elementor-element-populated\">\n\t\t\t\t\t\t<div class=\"elementor-element elementor-element-d465edf elementor-widget elementor-widget-image\" data-id=\"d465edf\" data-element_type=\"widget\" data-widget_type=\"image.default\">\n\t\t\t\t<div class=\"elementor-widget-container\">\n\t\t\t\t\t\t\t\t\t\t\t\t\t\t\t<img fetchpriority=\"high\" decoding=\"async\" width=\"696\" height=\"749\" src=\"https:\/\/pc.sc.gov.br\/\/wp-content\/uploads\/2024\/06\/5b7f71b5-198d-44d5-8176-daccf2d6c77b-fotor-2024060714540-952x1024.jpg\" class=\"attachment-large size-large wp-image-20760\" alt=\"\" srcset=\"https:\/\/pc.sc.gov.br\/\/wp-content\/uploads\/2024\/06\/5b7f71b5-198d-44d5-8176-daccf2d6c77b-fotor-2024060714540-952x1024.jpg 952w, https:\/\/pc.sc.gov.br\/\/wp-content\/uploads\/2024\/06\/5b7f71b5-198d-44d5-8176-daccf2d6c77b-fotor-2024060714540-279x300.jpg 279w, https:\/\/pc.sc.gov.br\/\/wp-content\/uploads\/2024\/06\/5b7f71b5-198d-44d5-8176-daccf2d6c77b-fotor-2024060714540-768x826.jpg 768w, https:\/\/pc.sc.gov.br\/\/wp-content\/uploads\/2024\/06\/5b7f71b5-198d-44d5-8176-daccf2d6c77b-fotor-2024060714540.jpg 1197w\" sizes=\"(max-width: 696px) 100vw, 696px\" \/>\t\t\t\t\t\t\t\t\t\t\t\t\t\t\t<\/div>\n\t\t\t\t<\/div>\n\t\t\t\t\t<\/div>\n\t\t<\/div>\n\t\t\t\t\t<\/div>\n\t\t<\/section>\n\t\t\t\t<section class=\"elementor-section elementor-top-section elementor-element elementor-element-ca4feb7 elementor-section-boxed elementor-section-height-default elementor-section-height-default\" data-id=\"ca4feb7\" data-element_type=\"section\">\n\t\t\t\t\t\t<div class=\"elementor-container elementor-column-gap-default\">\n\t\t\t\t\t<div class=\"elementor-column elementor-col-100 elementor-top-column elementor-element elementor-element-8399b76\" data-id=\"8399b76\" data-element_type=\"column\">\n\t\t\t<div class=\"elementor-widget-wrap elementor-element-populated\">\n\t\t\t\t\t\t<div class=\"elementor-element elementor-element-f026422 elementor-widget elementor-widget-text-editor\" data-id=\"f026422\" data-element_type=\"widget\" data-widget_type=\"text-editor.default\">\n\t\t\t\t<div class=\"elementor-widget-container\">\n\t\t\t\t\t\t\t\t\t<p>Na manh\u00e3 desta sexta-feira (07), uma bagagem com aproximadamente 20 quilos subst\u00e2ncia an\u00e1loga \u00e0 maconha foi interceptada no Aeroporto Internacional Herc\u00edlio Luz, em Florian\u00f3polis. A a\u00e7\u00e3o foi realizada em conjunto pela Pol\u00edcia Civil, por meio da Delegacia de Prote\u00e7\u00e3o ao Turista (DPTUR), e Pol\u00edcia Federal, pelo N\u00facleo de Pol\u00edcia Aeroportu\u00e1ria (NPAER).<\/p>\n<p>A bagagem foi inspecionada e em seu interior foram identificados diversos pacotes. Ap\u00f3s abertura da mala, constatou-se o grande volume de subst\u00e2ncia. A pessoa respons\u00e1vel pela bagagem, contudo, n\u00e3o se apresentou para embarque e est\u00e1 sendo investigada pelo delito de tr\u00e1fico de drogas. Nenhuma pris\u00e3o foi realizada at\u00e9 o momento.<\/p>\t\t\t\t\t\t\t\t<\/div>\n\t\t\t\t<\/div>\n\t\t\t\t\t<\/div>\n\t\t<\/div>\n\t\t\t\t\t<\/div>\n\t\t<\/section>\n\t\t\t\t<\/div>\n\t\t","protected":false},"excerpt":{"rendered":"<p>Pol\u00edcias Civil e Federal apreendem cerca de 20kg de subst\u00e2ncia an\u00e1loga \u00e0 maconha em bagagem no Aeroporto de Florian\u00f3polis Na manh\u00e3 desta sexta-feira (07), uma bagagem com aproximadamente 20 quilos subst\u00e2ncia an\u00e1loga \u00e0 maconha foi interceptada no Aeroporto Internacional Herc\u00edlio Luz, em Florian\u00f3polis. A a\u00e7\u00e3o foi realizada em conjunto pela Pol\u00edcia Civil, por meio da [&hellip;]<\/p>\n","protected":false},"author":5,"featured_media":20759,"comment_status":"closed","ping_status":"open","sticky":false,"template":"","format":"standard","meta":{"_monsterinsights_skip_tracking":false,"_monsterinsights_sitenote_active":false,"_monsterinsights_sitenote_note":"","_monsterinsights_sitenote_category":0,"footnotes":""},"categories":[1],"tags":[],"class_list":["post-20758","post","type-post","status-publish","format-standard","has-post-thumbnail","hentry","category-sem-categoria"],"_links":{"self":[{"href":"https:\/\/pc.sc.gov.br\/index.php?rest_route=\/wp\/v2\/posts\/20758","targetHints":{"allow":["GET"]}}],"collection":[{"href":"https:\/\/pc.sc.gov.br\/index.php?rest_route=\/wp\/v2\/posts"}],"about":[{"href":"https:\/\/pc.sc.gov.br\/index.php?rest_route=\/wp\/v2\/types\/post"}],"author":[{"embeddable":true,"href":"https:\/\/pc.sc.gov.br\/index.php?rest_route=\/wp\/v2\/users\/5"}],"replies":[{"embeddable":true,"href":"https:\/\/pc.sc.gov.br\/index.php?rest_route=%2Fwp%2Fv2%2Fcomments&post=20758"}],"version-history":[{"count":6,"href":"https:\/\/pc.sc.gov.br\/index.php?rest_route=\/wp\/v2\/posts\/20758\/revisions"}],"predecessor-version":[{"id":20766,"href":"https:\/\/pc.sc.gov.br\/index.php?rest_route=\/wp\/v2\/posts\/20758\/revisions\/20766"}],"wp:featuredmedia":[{"embeddable":true,"href":"https:\/\/pc.sc.gov.br\/index.php?rest_route=\/wp\/v2\/media\/20759"}],"wp:attachment":[{"href":"https:\/\/pc.sc.gov.br\/index.php?rest_route=%2Fwp%2Fv2%2Fmedia&parent=20758"}],"wp:term":[{"taxonomy":"category","embeddable":true,"href":"https:\/\/pc.sc.gov.br\/index.php?rest_route=%2Fwp%2Fv2%2Fcategories&post=20758"},{"taxonomy":"post_tag","embeddable":true,"href":"https:\/\/pc.sc.gov.br\/index.php?rest_route=%2Fwp%2Fv2%2Ftags&post=20758"}],"curies":[{"name":"wp","href":"https:\/\/api.w.org\/{rel}","templated":true}]}}