{"id":20793,"date":"2024-06-10T18:15:37","date_gmt":"2024-06-10T21:15:37","guid":{"rendered":"https:\/\/pc.sc.gov.br\/?p=20793"},"modified":"2024-06-10T18:18:38","modified_gmt":"2024-06-10T21:18:38","slug":"pcsc-participa-de-evento-sobre-enfrentamento-a-ameaca-do-extremismo-violento-de-motivacao-racial-ou-etnica-na-argentina","status":"publish","type":"post","link":"https:\/\/pc.sc.gov.br\/?p=20793","title":{"rendered":"PCSC participa de evento sobre enfrentamento \u00e0 amea\u00e7a do extremismo violento de motiva\u00e7\u00e3o racial ou \u00e9tnica na Argentina"},"content":{"rendered":"\t\t<div data-elementor-type=\"wp-post\" data-elementor-id=\"20793\" class=\"elementor elementor-20793\" data-elementor-post-type=\"post\">\n\t\t\t\t\t\t<section class=\"elementor-section elementor-top-section elementor-element elementor-element-0eb11ef elementor-section-boxed elementor-section-height-default elementor-section-height-default\" data-id=\"0eb11ef\" data-element_type=\"section\">\n\t\t\t\t\t\t<div class=\"elementor-container elementor-column-gap-default\">\n\t\t\t\t\t<div class=\"elementor-column elementor-col-100 elementor-top-column elementor-element elementor-element-6330982\" data-id=\"6330982\" data-element_type=\"column\">\n\t\t\t<div class=\"elementor-widget-wrap elementor-element-populated\">\n\t\t\t\t\t\t<div class=\"elementor-element elementor-element-0524e83 elementor-widget elementor-widget-heading\" data-id=\"0524e83\" data-element_type=\"widget\" data-widget_type=\"heading.default\">\n\t\t\t\t<div class=\"elementor-widget-container\">\n\t\t\t\t\t<h2 class=\"elementor-heading-title elementor-size-default\">PCSC participa de evento sobre enfrentamento \u00e0 amea\u00e7a do extremismo violento de motiva\u00e7\u00e3o racial ou \u00e9tnica na Argentina<\/h2>\t\t\t\t<\/div>\n\t\t\t\t<\/div>\n\t\t\t\t\t<\/div>\n\t\t<\/div>\n\t\t\t\t\t<\/div>\n\t\t<\/section>\n\t\t\t\t<section class=\"elementor-section elementor-top-section elementor-element elementor-element-9d285a7 elementor-section-boxed elementor-section-height-default elementor-section-height-default\" data-id=\"9d285a7\" data-element_type=\"section\">\n\t\t\t\t\t\t<div class=\"elementor-container elementor-column-gap-default\">\n\t\t\t\t\t<div class=\"elementor-column elementor-col-100 elementor-top-column elementor-element elementor-element-29f6fc2\" data-id=\"29f6fc2\" data-element_type=\"column\">\n\t\t\t<div class=\"elementor-widget-wrap elementor-element-populated\">\n\t\t\t\t\t\t<div class=\"elementor-element elementor-element-8ff9eca elementor-widget elementor-widget-image\" data-id=\"8ff9eca\" data-element_type=\"widget\" data-widget_type=\"image.default\">\n\t\t\t\t<div class=\"elementor-widget-container\">\n\t\t\t\t\t\t\t\t\t\t\t\t\t\t\t<img fetchpriority=\"high\" decoding=\"async\" width=\"696\" height=\"377\" src=\"https:\/\/pc.sc.gov.br\/\/wp-content\/uploads\/2024\/06\/WhatsApp-Image-2024-06-10-at-17.31.16-1-1024x555.jpeg\" class=\"attachment-large size-large wp-image-20794\" alt=\"\" srcset=\"https:\/\/pc.sc.gov.br\/\/wp-content\/uploads\/2024\/06\/WhatsApp-Image-2024-06-10-at-17.31.16-1-1024x555.jpeg 1024w, https:\/\/pc.sc.gov.br\/\/wp-content\/uploads\/2024\/06\/WhatsApp-Image-2024-06-10-at-17.31.16-1-300x162.jpeg 300w, https:\/\/pc.sc.gov.br\/\/wp-content\/uploads\/2024\/06\/WhatsApp-Image-2024-06-10-at-17.31.16-1-768x416.jpeg 768w, https:\/\/pc.sc.gov.br\/\/wp-content\/uploads\/2024\/06\/WhatsApp-Image-2024-06-10-at-17.31.16-1-1536x832.jpeg 1536w, https:\/\/pc.sc.gov.br\/\/wp-content\/uploads\/2024\/06\/WhatsApp-Image-2024-06-10-at-17.31.16-1.jpeg 1599w\" sizes=\"(max-width: 696px) 100vw, 696px\" \/>\t\t\t\t\t\t\t\t\t\t\t\t\t\t\t<\/div>\n\t\t\t\t<\/div>\n\t\t\t\t\t<\/div>\n\t\t<\/div>\n\t\t\t\t\t<\/div>\n\t\t<\/section>\n\t\t\t\t<section class=\"elementor-section elementor-top-section elementor-element elementor-element-0299646 elementor-section-boxed elementor-section-height-default elementor-section-height-default\" data-id=\"0299646\" data-element_type=\"section\">\n\t\t\t\t\t\t<div class=\"elementor-container elementor-column-gap-default\">\n\t\t\t\t\t<div class=\"elementor-column elementor-col-100 elementor-top-column elementor-element elementor-element-50973c7\" data-id=\"50973c7\" data-element_type=\"column\">\n\t\t\t<div class=\"elementor-widget-wrap elementor-element-populated\">\n\t\t\t\t\t\t<div class=\"elementor-element elementor-element-3ff1b34 elementor-widget elementor-widget-text-editor\" data-id=\"3ff1b34\" data-element_type=\"widget\" data-widget_type=\"text-editor.default\">\n\t\t\t\t<div class=\"elementor-widget-container\">\n\t\t\t\t\t\t\t\t\t<p>A Pol\u00edcia Civil de Santa Catarina ser\u00e1 representada pelo delegado Arthur Lopes, titular da Delegacia de Repress\u00e3o ao Racismo e a Delitos de Intoler\u00e2ncia (DRRDI), da Diretoria de Investiga\u00e7\u00f5es Criminais (DEIC), no evento sobre o Enfrentamento \u00e0 Amea\u00e7a do Extremismo Violento de Motiva\u00e7\u00e3o Racial ou \u00c9tnica.\u00a0<\/p><p>Previsto os dias 12 e 13 de junho, em Buenos Aires, na Argentina, o evento re\u00fane os maiores especialistas no tema com autoridades que coordenam a\u00e7\u00f5es de combate ao terrorismo na Argentina, Estados Unidos, Uni\u00e3o Europeia e Congresso Judaico Latino-Americano, entre outras importantes institui\u00e7\u00f5es.<\/p><p>O delegado Arthur Lopes ser\u00e1 destaque na mesa-redonda prevista para o dia 13, sobre como os atores do REMVE (Racially or Ethnically Motivated Violent Extremism) usam tecnologias como IA e tecnologias h\u00edbridas para atingir seus objetivos. No debate tamb\u00e9m contar\u00e1 com a presen\u00e7a do delegado da Pol\u00edcia Federal, Pedro Gomes, da Divis\u00e3o de Contra terrorismo da PF e da Dra. Jessica White, pesquisadora s\u00eanior, do Royal United Services Institute, cuja sede \u00e9 em Londres, no Reino Unido. Importante destacar a participa\u00e7\u00e3o do secret\u00e1rio adjunto de Justi\u00e7a e Seguran\u00e7a P\u00fablica de Minas Gerais, Dr. Christian Vianna de Azevedo. Ele ser\u00e1 um dos palestrantes da mesa-redonda Estruturas e Abordagens Pol\u00edticas e Jur\u00eddicas da atua\u00e7\u00e3o dos REMVE, lacunas e desafios que dificultam a investiga\u00e7\u00e3o e o processo.\u00a0<\/p>\t\t\t\t\t\t\t\t<\/div>\n\t\t\t\t<\/div>\n\t\t\t\t\t<\/div>\n\t\t<\/div>\n\t\t\t\t\t<\/div>\n\t\t<\/section>\n\t\t\t\t<\/div>\n\t\t","protected":false},"excerpt":{"rendered":"<p>PCSC participa de evento sobre enfrentamento \u00e0 amea\u00e7a do extremismo violento de motiva\u00e7\u00e3o racial ou \u00e9tnica na Argentina A Pol\u00edcia Civil de Santa Catarina ser\u00e1 representada pelo delegado Arthur Lopes, titular da Delegacia de Repress\u00e3o ao Racismo e a Delitos de Intoler\u00e2ncia (DRRDI), da Diretoria de Investiga\u00e7\u00f5es Criminais (DEIC), no evento sobre o Enfrentamento \u00e0 [&hellip;]<\/p>\n","protected":false},"author":5,"featured_media":20794,"comment_status":"closed","ping_status":"open","sticky":false,"template":"","format":"standard","meta":{"_monsterinsights_skip_tracking":false,"_monsterinsights_sitenote_active":false,"_monsterinsights_sitenote_note":"","_monsterinsights_sitenote_category":0,"footnotes":""},"categories":[1],"tags":[],"class_list":["post-20793","post","type-post","status-publish","format-standard","has-post-thumbnail","hentry","category-sem-categoria"],"_links":{"self":[{"href":"https:\/\/pc.sc.gov.br\/index.php?rest_route=\/wp\/v2\/posts\/20793","targetHints":{"allow":["GET"]}}],"collection":[{"href":"https:\/\/pc.sc.gov.br\/index.php?rest_route=\/wp\/v2\/posts"}],"about":[{"href":"https:\/\/pc.sc.gov.br\/index.php?rest_route=\/wp\/v2\/types\/post"}],"author":[{"embeddable":true,"href":"https:\/\/pc.sc.gov.br\/index.php?rest_route=\/wp\/v2\/users\/5"}],"replies":[{"embeddable":true,"href":"https:\/\/pc.sc.gov.br\/index.php?rest_route=%2Fwp%2Fv2%2Fcomments&post=20793"}],"version-history":[{"count":3,"href":"https:\/\/pc.sc.gov.br\/index.php?rest_route=\/wp\/v2\/posts\/20793\/revisions"}],"predecessor-version":[{"id":20797,"href":"https:\/\/pc.sc.gov.br\/index.php?rest_route=\/wp\/v2\/posts\/20793\/revisions\/20797"}],"wp:featuredmedia":[{"embeddable":true,"href":"https:\/\/pc.sc.gov.br\/index.php?rest_route=\/wp\/v2\/media\/20794"}],"wp:attachment":[{"href":"https:\/\/pc.sc.gov.br\/index.php?rest_route=%2Fwp%2Fv2%2Fmedia&parent=20793"}],"wp:term":[{"taxonomy":"category","embeddable":true,"href":"https:\/\/pc.sc.gov.br\/index.php?rest_route=%2Fwp%2Fv2%2Fcategories&post=20793"},{"taxonomy":"post_tag","embeddable":true,"href":"https:\/\/pc.sc.gov.br\/index.php?rest_route=%2Fwp%2Fv2%2Ftags&post=20793"}],"curies":[{"name":"wp","href":"https:\/\/api.w.org\/{rel}","templated":true}]}}