{"id":20839,"date":"2024-06-11T14:45:42","date_gmt":"2024-06-11T17:45:42","guid":{"rendered":"https:\/\/pc.sc.gov.br\/?p=20839"},"modified":"2024-06-11T14:46:44","modified_gmt":"2024-06-11T17:46:44","slug":"policia-civil-deflagra-operacao-contra-furto-de-cargas-e-prende-dois-investigados-no-parana","status":"publish","type":"post","link":"https:\/\/pc.sc.gov.br\/?p=20839","title":{"rendered":"Pol\u00edcia Civil deflagra opera\u00e7\u00e3o contra furto de cargas e prende dois investigados no Paran\u00e1"},"content":{"rendered":"\t\t<div data-elementor-type=\"wp-post\" data-elementor-id=\"20839\" class=\"elementor elementor-20839\" data-elementor-post-type=\"post\">\n\t\t\t\t\t\t<section class=\"elementor-section elementor-top-section elementor-element elementor-element-03a138f elementor-section-boxed elementor-section-height-default elementor-section-height-default\" data-id=\"03a138f\" data-element_type=\"section\">\n\t\t\t\t\t\t<div class=\"elementor-container elementor-column-gap-default\">\n\t\t\t\t\t<div class=\"elementor-column elementor-col-100 elementor-top-column elementor-element elementor-element-1514a54\" data-id=\"1514a54\" data-element_type=\"column\">\n\t\t\t<div class=\"elementor-widget-wrap elementor-element-populated\">\n\t\t\t\t\t\t<div class=\"elementor-element elementor-element-121e019 elementor-widget elementor-widget-heading\" data-id=\"121e019\" data-element_type=\"widget\" data-widget_type=\"heading.default\">\n\t\t\t\t<div class=\"elementor-widget-container\">\n\t\t\t\t\t<h2 class=\"elementor-heading-title elementor-size-default\">Pol\u00edcia Civil deflagra opera\u00e7\u00e3o contra furto de cargas e prende dois investigados no Paran\u00e1<\/h2>\t\t\t\t<\/div>\n\t\t\t\t<\/div>\n\t\t\t\t\t<\/div>\n\t\t<\/div>\n\t\t\t\t\t<\/div>\n\t\t<\/section>\n\t\t\t\t<section class=\"elementor-section elementor-top-section elementor-element elementor-element-ac6a4d1 elementor-section-boxed elementor-section-height-default elementor-section-height-default\" data-id=\"ac6a4d1\" data-element_type=\"section\">\n\t\t\t\t\t\t<div class=\"elementor-container elementor-column-gap-default\">\n\t\t\t\t\t<div class=\"elementor-column elementor-col-100 elementor-top-column elementor-element elementor-element-e661e4f\" data-id=\"e661e4f\" data-element_type=\"column\">\n\t\t\t<div class=\"elementor-widget-wrap elementor-element-populated\">\n\t\t\t\t\t\t<div class=\"elementor-element elementor-element-da1c59f elementor-widget elementor-widget-image\" data-id=\"da1c59f\" data-element_type=\"widget\" data-widget_type=\"image.default\">\n\t\t\t\t<div class=\"elementor-widget-container\">\n\t\t\t\t\t\t\t\t\t\t\t\t\t\t\t<img fetchpriority=\"high\" decoding=\"async\" width=\"696\" height=\"529\" src=\"https:\/\/pc.sc.gov.br\/\/wp-content\/uploads\/2024\/06\/WhatsApp-Image-2024-01-30-at-16.33.05-fotor-202405031461.jpg\" class=\"attachment-large size-large wp-image-20672\" alt=\"\" srcset=\"https:\/\/pc.sc.gov.br\/\/wp-content\/uploads\/2024\/06\/WhatsApp-Image-2024-01-30-at-16.33.05-fotor-202405031461.jpg 969w, https:\/\/pc.sc.gov.br\/\/wp-content\/uploads\/2024\/06\/WhatsApp-Image-2024-01-30-at-16.33.05-fotor-202405031461-300x228.jpg 300w, https:\/\/pc.sc.gov.br\/\/wp-content\/uploads\/2024\/06\/WhatsApp-Image-2024-01-30-at-16.33.05-fotor-202405031461-768x583.jpg 768w\" sizes=\"(max-width: 696px) 100vw, 696px\" \/>\t\t\t\t\t\t\t\t\t\t\t\t\t\t\t<\/div>\n\t\t\t\t<\/div>\n\t\t\t\t\t<\/div>\n\t\t<\/div>\n\t\t\t\t\t<\/div>\n\t\t<\/section>\n\t\t\t\t<section class=\"elementor-section elementor-top-section elementor-element elementor-element-fda028b elementor-section-boxed elementor-section-height-default elementor-section-height-default\" data-id=\"fda028b\" data-element_type=\"section\">\n\t\t\t\t\t\t<div class=\"elementor-container elementor-column-gap-default\">\n\t\t\t\t\t<div class=\"elementor-column elementor-col-100 elementor-top-column elementor-element elementor-element-ac3d0f6\" data-id=\"ac3d0f6\" data-element_type=\"column\">\n\t\t\t<div class=\"elementor-widget-wrap elementor-element-populated\">\n\t\t\t\t\t\t<div class=\"elementor-element elementor-element-61e3f32 elementor-widget elementor-widget-text-editor\" data-id=\"61e3f32\" data-element_type=\"widget\" data-widget_type=\"text-editor.default\">\n\t\t\t\t<div class=\"elementor-widget-container\">\n\t\t\t\t\t\t\t\t\t<p>Nesta ter\u00e7a-feira (11\/06), a Pol\u00edcia Civil de Santa Catarina, por meio da Delegacia de Furtos e Roubos de Cargas (DFRC) da Diretoria Estadual de Investiga\u00e7\u00f5es Criminais, deflagrou opera\u00e7\u00e3o policial na cidade de Londrina, no Paran\u00e1.\u00a0 Foram cumpridos mandados de pris\u00e3o preventiva e de busca e apreens\u00e3o.<\/p><p>A investiga\u00e7\u00e3o, coordenada pelo Delegado de Policia Osnei Valdir de Oliveira, identificou autor de furto de carga, ocorrido no dia 22\/07\/2023 na cidade de S\u00e3o Francisco do Sul\/SC. Na ocasi\u00e3o foram levadas 36 toneladas de fertilizantes, possuindo valor comercial no importe de R$ 57.591,00. A carga embarcada na cidade de S\u00e3o Francisco do Sul\/SC tinha como destino Itabera\u00ed\/GO.<\/p><p>Ao tomar conhecimento do crime, a equipe de investiga\u00e7\u00e3o da DFRC adotou medidas para o esclarecimento dos fatos. Restou apurado a participa\u00e7\u00e3o da transportadora contratada para o frete, que pr\u00e9-orquestrou a empreitada criminosa.\u00a0 Assim que o motorista tomou posse da carga de fertilizantes, iniciou-se a fase de oculta\u00e7\u00e3o do crime, momento em que o respons\u00e1vel pela transportadora enviou ao contratante do frete um boletim de ocorr\u00eancia falso supostamente registrado no estado de S\u00e3o Paulo.<\/p><p>De pronto foi verificado se tratar de pr\u00e1tica muito utilizada pelos grupos criminosos para a subtra\u00e7\u00e3o de cargas, valendo-se da atividade laboral para lesar a v\u00edtima, tanto com a pr\u00e1tica do furto quanto mediante o recebimento do valor relativo ao adiantamento do frete.<\/p><p>Dias ap\u00f3s esse crime, os mesmos autores usando da mesma estrat\u00e9gia praticaram outro furto de carga de fertilizantes na cidade de Paranagu\u00e1\/PR. Para possibilitar a execu\u00e7\u00e3o dos crimes, realizam os carregamentos pr\u00f3ximos de finais de semana e\/ou de feriados, aproveitam-se do per\u00edodo que permaneceram na posse da carga para subtra\u00ed-las.<\/p><p>Ap\u00f3s identificar atua\u00e7\u00e3o do grupo criminoso, o titular da DFRC\/DEIC, Delegado Osnei Valdir de Oliveira, representou pela expedi\u00e7\u00e3o de mandados de pris\u00e3o e de busca e apreens\u00e3o, sendo tais medidas deferidas pelo Poder Judici\u00e1rio.<\/p><p>Nesta manh\u00e3, as ordens judiciais foram cumpridas pela DFRC\/DEIC, com apoio operacional da Pol\u00edcia Civil do Paran\u00e1 &#8211; Delegacia de Camb\u00e9\/PR.<\/p><p>Al\u00e9m do empres\u00e1rio, tamb\u00e9m foi preso o motorista que atuou para a subtra\u00e7\u00e3o da carga. Na \u00e9poca do crime ele j\u00e1 se encontrava foragido e havia dois mandados de pris\u00e3o em seu desfavor, pela pr\u00e1tica dos crimes de homic\u00eddio e tr\u00e1fico de drogas.<\/p><p>Den\u00fancias e informa\u00e7\u00f5es relacionadas a Roubo de Cargas podem ser encaminhadas para o e-mail _deic-dfrc@pc.sc.gov.br da POL\u00cdCIA CIVIL, sendo garantido o anonimato.<\/p>\t\t\t\t\t\t\t\t<\/div>\n\t\t\t\t<\/div>\n\t\t\t\t\t<\/div>\n\t\t<\/div>\n\t\t\t\t\t<\/div>\n\t\t<\/section>\n\t\t\t\t<\/div>\n\t\t","protected":false},"excerpt":{"rendered":"<p>Pol\u00edcia Civil deflagra opera\u00e7\u00e3o contra furto de cargas e prende dois investigados no Paran\u00e1 Nesta ter\u00e7a-feira (11\/06), a Pol\u00edcia Civil de Santa Catarina, por meio da Delegacia de Furtos e Roubos de Cargas (DFRC) da Diretoria Estadual de Investiga\u00e7\u00f5es Criminais, deflagrou opera\u00e7\u00e3o policial na cidade de Londrina, no Paran\u00e1.\u00a0 Foram cumpridos mandados de pris\u00e3o preventiva [&hellip;]<\/p>\n","protected":false},"author":5,"featured_media":20672,"comment_status":"closed","ping_status":"open","sticky":false,"template":"","format":"standard","meta":{"_monsterinsights_skip_tracking":false,"_monsterinsights_sitenote_active":false,"_monsterinsights_sitenote_note":"","_monsterinsights_sitenote_category":0,"footnotes":""},"categories":[1],"tags":[],"class_list":["post-20839","post","type-post","status-publish","format-standard","has-post-thumbnail","hentry","category-sem-categoria"],"_links":{"self":[{"href":"https:\/\/pc.sc.gov.br\/index.php?rest_route=\/wp\/v2\/posts\/20839","targetHints":{"allow":["GET"]}}],"collection":[{"href":"https:\/\/pc.sc.gov.br\/index.php?rest_route=\/wp\/v2\/posts"}],"about":[{"href":"https:\/\/pc.sc.gov.br\/index.php?rest_route=\/wp\/v2\/types\/post"}],"author":[{"embeddable":true,"href":"https:\/\/pc.sc.gov.br\/index.php?rest_route=\/wp\/v2\/users\/5"}],"replies":[{"embeddable":true,"href":"https:\/\/pc.sc.gov.br\/index.php?rest_route=%2Fwp%2Fv2%2Fcomments&post=20839"}],"version-history":[{"count":4,"href":"https:\/\/pc.sc.gov.br\/index.php?rest_route=\/wp\/v2\/posts\/20839\/revisions"}],"predecessor-version":[{"id":20843,"href":"https:\/\/pc.sc.gov.br\/index.php?rest_route=\/wp\/v2\/posts\/20839\/revisions\/20843"}],"wp:featuredmedia":[{"embeddable":true,"href":"https:\/\/pc.sc.gov.br\/index.php?rest_route=\/wp\/v2\/media\/20672"}],"wp:attachment":[{"href":"https:\/\/pc.sc.gov.br\/index.php?rest_route=%2Fwp%2Fv2%2Fmedia&parent=20839"}],"wp:term":[{"taxonomy":"category","embeddable":true,"href":"https:\/\/pc.sc.gov.br\/index.php?rest_route=%2Fwp%2Fv2%2Fcategories&post=20839"},{"taxonomy":"post_tag","embeddable":true,"href":"https:\/\/pc.sc.gov.br\/index.php?rest_route=%2Fwp%2Fv2%2Ftags&post=20839"}],"curies":[{"name":"wp","href":"https:\/\/api.w.org\/{rel}","templated":true}]}}