{"id":2092,"date":"2022-12-08T12:23:00","date_gmt":"2022-12-08T15:23:00","guid":{"rendered":"https:\/\/pc.sc.gov.br\/?p=2092"},"modified":"2022-12-14T11:31:42","modified_gmt":"2022-12-14T14:31:42","slug":"policia-civil-deflagra-operacao-desmantela-e-realiza-12-prisoes-preventivas-em-xanxere","status":"publish","type":"post","link":"https:\/\/pc.sc.gov.br\/?p=2092","title":{"rendered":"Pol\u00edcia Civil deflagra opera\u00e7\u00e3o \u201cDesmantela\u201d e realiza 12 pris\u00f5es preventivas em Xanxer\u00ea"},"content":{"rendered":"\t\t<div data-elementor-type=\"wp-post\" data-elementor-id=\"2092\" class=\"elementor elementor-2092\" data-elementor-post-type=\"post\">\n\t\t\t\t\t\t<section class=\"elementor-section elementor-top-section elementor-element elementor-element-127195b elementor-section-boxed elementor-section-height-default elementor-section-height-default\" data-id=\"127195b\" data-element_type=\"section\">\n\t\t\t\t\t\t<div class=\"elementor-container elementor-column-gap-default\">\n\t\t\t\t\t<div class=\"elementor-column elementor-col-100 elementor-top-column elementor-element elementor-element-6e4eb09\" data-id=\"6e4eb09\" data-element_type=\"column\">\n\t\t\t<div class=\"elementor-widget-wrap elementor-element-populated\">\n\t\t\t\t\t\t<div class=\"elementor-element elementor-element-bc3f4f7 elementor-widget elementor-widget-heading\" data-id=\"bc3f4f7\" data-element_type=\"widget\" data-widget_type=\"heading.default\">\n\t\t\t\t<div class=\"elementor-widget-container\">\n\t\t\t\t\t<h2 class=\"elementor-heading-title elementor-size-default\">Pol\u00edcia Civil deflagra opera\u00e7\u00e3o \u201cDesmantela\u201d e realiza 12 pris\u00f5es preventivas em Xanxer\u00ea<\/h2>\t\t\t\t<\/div>\n\t\t\t\t<\/div>\n\t\t\t\t\t<\/div>\n\t\t<\/div>\n\t\t\t\t\t<\/div>\n\t\t<\/section>\n\t\t\t\t<section class=\"elementor-section elementor-top-section elementor-element elementor-element-c5805d1 elementor-section-boxed elementor-section-height-default elementor-section-height-default\" data-id=\"c5805d1\" data-element_type=\"section\">\n\t\t\t\t\t\t<div class=\"elementor-container elementor-column-gap-default\">\n\t\t\t\t\t<div class=\"elementor-column elementor-col-100 elementor-top-column elementor-element elementor-element-9c97e0a\" data-id=\"9c97e0a\" data-element_type=\"column\">\n\t\t\t<div class=\"elementor-widget-wrap elementor-element-populated\">\n\t\t\t\t\t\t<div class=\"elementor-element elementor-element-fb86c59 elementor-widget elementor-widget-image\" data-id=\"fb86c59\" data-element_type=\"widget\" data-widget_type=\"image.default\">\n\t\t\t\t<div class=\"elementor-widget-container\">\n\t\t\t\t\t\t\t\t\t\t\t\t\t\t\t<img fetchpriority=\"high\" decoding=\"async\" width=\"696\" height=\"696\" src=\"https:\/\/pc.sc.gov.br\/\/wp-content\/uploads\/2022\/12\/02-1024x1024.jpeg\" class=\"attachment-large size-large wp-image-2084\" alt=\"\" srcset=\"https:\/\/pc.sc.gov.br\/\/wp-content\/uploads\/2022\/12\/02-1024x1024.jpeg 1024w, https:\/\/pc.sc.gov.br\/\/wp-content\/uploads\/2022\/12\/02-300x300.jpeg 300w, https:\/\/pc.sc.gov.br\/\/wp-content\/uploads\/2022\/12\/02-150x150.jpeg 150w, https:\/\/pc.sc.gov.br\/\/wp-content\/uploads\/2022\/12\/02-768x768.jpeg 768w, https:\/\/pc.sc.gov.br\/\/wp-content\/uploads\/2022\/12\/02.jpeg 1512w\" sizes=\"(max-width: 696px) 100vw, 696px\" \/>\t\t\t\t\t\t\t\t\t\t\t\t\t\t\t<\/div>\n\t\t\t\t<\/div>\n\t\t\t\t<div class=\"elementor-element elementor-element-be83086 elementor-widget elementor-widget-text-editor\" data-id=\"be83086\" data-element_type=\"widget\" data-widget_type=\"text-editor.default\">\n\t\t\t\t<div class=\"elementor-widget-container\">\n\t\t\t\t\t\t\t\t\t<p>Na manh\u00e3 desta quinta-feira (8), a Pol\u00edcia Civil de Santa Catarina, por meio da Divis\u00e3o de Investiga\u00e7\u00e3o Criminal de Xanxer\u00ea, deflagrou a opera\u00e7\u00e3o \u201cDesmantela\u201d, que resultou na pris\u00e3o preventiva de doze pessoas e no cumprimento de seis mandados de busca e apreens\u00e3o nas resid\u00eancias de investigados pelo crime de tr\u00e1fico de drogas, associa\u00e7\u00e3o para o tr\u00e1fico de drogas e associa\u00e7\u00e3o criminosa. Durantes as buscas foram apreendidos drogas, telefones celulares e dinheiro.<\/p><p>As investiga\u00e7\u00f5es que resultaram na opera\u00e7\u00e3o duraram mais de 60 dias. O objetivo da a\u00e7\u00e3o foi desmantelar uma associa\u00e7\u00e3o criminosa que atuava no munic\u00edpio de Xanxer\u00ea. Os mandados foram cumpridos nos bairros de Xanxer\u00ea: Bela Vista, Matinho, Santos Dias e Sufiatti.<\/p><p>As investiga\u00e7\u00f5es prosseguem na Divis\u00e3o de Investiga\u00e7\u00e3o Criminal de Xanxer\u00ea. Os presos foram encaminhados para o Pres\u00eddio Regional de Xanxer\u00ea e para o Pres\u00eddio Feminino de Chapec\u00f3 onde ficar\u00e3o \u00e0 disposi\u00e7\u00e3o da Justi\u00e7a.<\/p><p>Ao todo, mais de 40 policiais civis participaram da a\u00e7\u00e3o policial, que contou com o apoio de policiais civis do Detran da Regional de Xanxer\u00ea, das delegacias das comarcas de Xanxer\u00ea, Ponte Serrada, Abelardo Luz e Xaxim, da Delegacia de Prote\u00e7\u00e3o \u00e0 Crian\u00e7a, ao Adolescente, \u00e0 Mulher e ao Idoso de Xanxer\u00ea, das delegacias de Pol\u00edcia dos munic\u00edpios de Bom Jesus, Faxinal dos Guedes,\u00a0 Varge\u00e3o, Passos Maia,\u00a0 Marema e Ouro Verde, de policiais civis da Delegacia Regional de Chapec\u00f3, do SAER-Fron e dos N\u00facleos de Opera\u00e7\u00f5es com C\u00e3es de Xanxer\u00ea, de Canoinhas, de S\u00e3o Louren\u00e7o do Oeste, e do Centro de Apoio de Combate aos Crimes contra o Agroneg\u00f3cio.<\/p><p>\u00a0<\/p><p>\u00a0<\/p>\t\t\t\t\t\t\t\t<\/div>\n\t\t\t\t<\/div>\n\t\t\t\t\t<\/div>\n\t\t<\/div>\n\t\t\t\t\t<\/div>\n\t\t<\/section>\n\t\t\t\t<\/div>\n\t\t","protected":false},"excerpt":{"rendered":"<p>Pol\u00edcia Civil deflagra opera\u00e7\u00e3o \u201cDesmantela\u201d e realiza 12 pris\u00f5es preventivas em Xanxer\u00ea Na manh\u00e3 desta quinta-feira (8), a Pol\u00edcia Civil de Santa Catarina, por meio da Divis\u00e3o de Investiga\u00e7\u00e3o Criminal de Xanxer\u00ea, deflagrou a opera\u00e7\u00e3o \u201cDesmantela\u201d, que resultou na pris\u00e3o preventiva de doze pessoas e no cumprimento de seis mandados de busca e apreens\u00e3o nas [&hellip;]<\/p>\n","protected":false},"author":2,"featured_media":2084,"comment_status":"closed","ping_status":"open","sticky":false,"template":"elementor_header_footer","format":"standard","meta":{"_monsterinsights_skip_tracking":false,"_monsterinsights_sitenote_active":false,"_monsterinsights_sitenote_note":"","_monsterinsights_sitenote_category":0,"footnotes":""},"categories":[1],"tags":[],"class_list":["post-2092","post","type-post","status-publish","format-standard","has-post-thumbnail","hentry","category-sem-categoria"],"_links":{"self":[{"href":"https:\/\/pc.sc.gov.br\/index.php?rest_route=\/wp\/v2\/posts\/2092","targetHints":{"allow":["GET"]}}],"collection":[{"href":"https:\/\/pc.sc.gov.br\/index.php?rest_route=\/wp\/v2\/posts"}],"about":[{"href":"https:\/\/pc.sc.gov.br\/index.php?rest_route=\/wp\/v2\/types\/post"}],"author":[{"embeddable":true,"href":"https:\/\/pc.sc.gov.br\/index.php?rest_route=\/wp\/v2\/users\/2"}],"replies":[{"embeddable":true,"href":"https:\/\/pc.sc.gov.br\/index.php?rest_route=%2Fwp%2Fv2%2Fcomments&post=2092"}],"version-history":[{"count":7,"href":"https:\/\/pc.sc.gov.br\/index.php?rest_route=\/wp\/v2\/posts\/2092\/revisions"}],"predecessor-version":[{"id":2100,"href":"https:\/\/pc.sc.gov.br\/index.php?rest_route=\/wp\/v2\/posts\/2092\/revisions\/2100"}],"wp:featuredmedia":[{"embeddable":true,"href":"https:\/\/pc.sc.gov.br\/index.php?rest_route=\/wp\/v2\/media\/2084"}],"wp:attachment":[{"href":"https:\/\/pc.sc.gov.br\/index.php?rest_route=%2Fwp%2Fv2%2Fmedia&parent=2092"}],"wp:term":[{"taxonomy":"category","embeddable":true,"href":"https:\/\/pc.sc.gov.br\/index.php?rest_route=%2Fwp%2Fv2%2Fcategories&post=2092"},{"taxonomy":"post_tag","embeddable":true,"href":"https:\/\/pc.sc.gov.br\/index.php?rest_route=%2Fwp%2Fv2%2Ftags&post=2092"}],"curies":[{"name":"wp","href":"https:\/\/api.w.org\/{rel}","templated":true}]}}