{"id":20933,"date":"2024-06-14T14:05:34","date_gmt":"2024-06-14T17:05:34","guid":{"rendered":"https:\/\/pc.sc.gov.br\/?p=20933"},"modified":"2024-06-14T14:06:22","modified_gmt":"2024-06-14T17:06:22","slug":"policia-civil-e-secretaria-do-estado-da-fazenda-deflagram-operacao-contra-esquema-de-sonegacao-fiscal","status":"publish","type":"post","link":"https:\/\/pc.sc.gov.br\/?p=20933","title":{"rendered":"Pol\u00edcia Civil e Secretaria do Estado da Fazenda deflagram opera\u00e7\u00e3o contra esquema de sonega\u00e7\u00e3o fiscal"},"content":{"rendered":"\t\t<div data-elementor-type=\"wp-post\" data-elementor-id=\"20933\" class=\"elementor elementor-20933\" data-elementor-post-type=\"post\">\n\t\t\t\t\t\t<section class=\"elementor-section elementor-top-section elementor-element elementor-element-06ad855 elementor-section-boxed elementor-section-height-default elementor-section-height-default\" data-id=\"06ad855\" data-element_type=\"section\">\n\t\t\t\t\t\t<div class=\"elementor-container elementor-column-gap-default\">\n\t\t\t\t\t<div class=\"elementor-column elementor-col-100 elementor-top-column elementor-element elementor-element-55e4821\" data-id=\"55e4821\" data-element_type=\"column\">\n\t\t\t<div class=\"elementor-widget-wrap elementor-element-populated\">\n\t\t\t\t\t\t<div class=\"elementor-element elementor-element-7ed9177 elementor-widget elementor-widget-heading\" data-id=\"7ed9177\" data-element_type=\"widget\" data-widget_type=\"heading.default\">\n\t\t\t\t<div class=\"elementor-widget-container\">\n\t\t\t\t\t<h2 class=\"elementor-heading-title elementor-size-default\">Pol\u00edcia Civil e Secretaria do Estado da Fazenda deflagram opera\u00e7\u00e3o contra esquema de sonega\u00e7\u00e3o fiscal <\/h2>\t\t\t\t<\/div>\n\t\t\t\t<\/div>\n\t\t\t\t\t<\/div>\n\t\t<\/div>\n\t\t\t\t\t<\/div>\n\t\t<\/section>\n\t\t\t\t<section class=\"elementor-section elementor-top-section elementor-element elementor-element-94e4c9a elementor-section-boxed elementor-section-height-default elementor-section-height-default\" data-id=\"94e4c9a\" data-element_type=\"section\">\n\t\t\t\t\t\t<div class=\"elementor-container elementor-column-gap-default\">\n\t\t\t\t\t<div class=\"elementor-column elementor-col-100 elementor-top-column elementor-element elementor-element-3371193\" data-id=\"3371193\" data-element_type=\"column\">\n\t\t\t<div class=\"elementor-widget-wrap elementor-element-populated\">\n\t\t\t\t\t\t<div class=\"elementor-element elementor-element-ffb9888 elementor-widget elementor-widget-image\" data-id=\"ffb9888\" data-element_type=\"widget\" data-widget_type=\"image.default\">\n\t\t\t\t<div class=\"elementor-widget-container\">\n\t\t\t\t\t\t\t\t\t\t\t\t\t\t\t<img fetchpriority=\"high\" decoding=\"async\" width=\"696\" height=\"765\" src=\"https:\/\/pc.sc.gov.br\/\/wp-content\/uploads\/2024\/06\/WhatsApp-Image-2024-06-14-at-10.42.01-932x1024.jpeg\" class=\"attachment-large size-large wp-image-20934\" alt=\"\" srcset=\"https:\/\/pc.sc.gov.br\/\/wp-content\/uploads\/2024\/06\/WhatsApp-Image-2024-06-14-at-10.42.01-932x1024.jpeg 932w, https:\/\/pc.sc.gov.br\/\/wp-content\/uploads\/2024\/06\/WhatsApp-Image-2024-06-14-at-10.42.01-273x300.jpeg 273w, https:\/\/pc.sc.gov.br\/\/wp-content\/uploads\/2024\/06\/WhatsApp-Image-2024-06-14-at-10.42.01-768x844.jpeg 768w, https:\/\/pc.sc.gov.br\/\/wp-content\/uploads\/2024\/06\/WhatsApp-Image-2024-06-14-at-10.42.01.jpeg 977w\" sizes=\"(max-width: 696px) 100vw, 696px\" \/>\t\t\t\t\t\t\t\t\t\t\t\t\t\t\t<\/div>\n\t\t\t\t<\/div>\n\t\t\t\t\t<\/div>\n\t\t<\/div>\n\t\t\t\t\t<\/div>\n\t\t<\/section>\n\t\t\t\t<section class=\"elementor-section elementor-top-section elementor-element elementor-element-cdd6faa elementor-section-boxed elementor-section-height-default elementor-section-height-default\" data-id=\"cdd6faa\" data-element_type=\"section\">\n\t\t\t\t\t\t<div class=\"elementor-container elementor-column-gap-default\">\n\t\t\t\t\t<div class=\"elementor-column elementor-col-100 elementor-top-column elementor-element elementor-element-0db56e0\" data-id=\"0db56e0\" data-element_type=\"column\">\n\t\t\t<div class=\"elementor-widget-wrap elementor-element-populated\">\n\t\t\t\t\t\t<div class=\"elementor-element elementor-element-747cecd elementor-widget elementor-widget-text-editor\" data-id=\"747cecd\" data-element_type=\"widget\" data-widget_type=\"text-editor.default\">\n\t\t\t\t<div class=\"elementor-widget-container\">\n\t\t\t\t\t\t\t\t\t<p>Na sexta-feira (14\/06), a Pol\u00edcia Civil de Santa Catarina, por meio da Delegacia de Investiga\u00e7\u00e3o dos Crimes contra a Fazenda Publica da Diretoria Estadual de Investiga\u00e7\u00f5es Criminais (DFAZ\/DEIC), em conjunto com a Secretaria de Estado da Fazenda, efetuou o cumprimento de 12 mandados de busca e apreens\u00e3o, decorrentes da opera\u00e7\u00e3o \u201cFormaggio\u201d.<\/p><p>O caso diz respeito a um esquema de sonega\u00e7\u00e3o fiscal, envolvendo familiares e terceiros (laranjas), apurando-se em conjunto com os crimes fiscais, o crime de associa\u00e7\u00e3o criminosa. Os alvos eram pessoas jur\u00eddicas e f\u00edsicas nas cidades de Joinville, Balne\u00e1rio Pi\u00e7arras, Penha, Navegantes, Balne\u00e1rio Cambori\u00fa e Laurentino.<\/p><p>A a\u00e7\u00e3o foi cumprida com \u00eaxito, havendo procedimentos fiscais por parte da Fazenda Estadual, apreens\u00e3o de mercadorias por parte da CIDASC e uma pris\u00e3o em flagrante em um dos alvos da cidade de Laurentino pelo crime de posse irregular de arma de fogo e muni\u00e7\u00f5es de diversos calibres.<\/p><p>As investiga\u00e7\u00f5es continuam para novos lan\u00e7amentos tribut\u00e1rios e an\u00e1lise do material apreendido.<\/p>\t\t\t\t\t\t\t\t<\/div>\n\t\t\t\t<\/div>\n\t\t\t\t\t<\/div>\n\t\t<\/div>\n\t\t\t\t\t<\/div>\n\t\t<\/section>\n\t\t\t\t<\/div>\n\t\t","protected":false},"excerpt":{"rendered":"<p>Pol\u00edcia Civil e Secretaria do Estado da Fazenda deflagram opera\u00e7\u00e3o contra esquema de sonega\u00e7\u00e3o fiscal Na sexta-feira (14\/06), a Pol\u00edcia Civil de Santa Catarina, por meio da Delegacia de Investiga\u00e7\u00e3o dos Crimes contra a Fazenda Publica da Diretoria Estadual de Investiga\u00e7\u00f5es Criminais (DFAZ\/DEIC), em conjunto com a Secretaria de Estado da Fazenda, efetuou o cumprimento [&hellip;]<\/p>\n","protected":false},"author":5,"featured_media":20934,"comment_status":"closed","ping_status":"open","sticky":false,"template":"","format":"standard","meta":{"_monsterinsights_skip_tracking":false,"_monsterinsights_sitenote_active":false,"_monsterinsights_sitenote_note":"","_monsterinsights_sitenote_category":0,"footnotes":""},"categories":[1],"tags":[],"class_list":["post-20933","post","type-post","status-publish","format-standard","has-post-thumbnail","hentry","category-sem-categoria"],"_links":{"self":[{"href":"https:\/\/pc.sc.gov.br\/index.php?rest_route=\/wp\/v2\/posts\/20933","targetHints":{"allow":["GET"]}}],"collection":[{"href":"https:\/\/pc.sc.gov.br\/index.php?rest_route=\/wp\/v2\/posts"}],"about":[{"href":"https:\/\/pc.sc.gov.br\/index.php?rest_route=\/wp\/v2\/types\/post"}],"author":[{"embeddable":true,"href":"https:\/\/pc.sc.gov.br\/index.php?rest_route=\/wp\/v2\/users\/5"}],"replies":[{"embeddable":true,"href":"https:\/\/pc.sc.gov.br\/index.php?rest_route=%2Fwp%2Fv2%2Fcomments&post=20933"}],"version-history":[{"count":4,"href":"https:\/\/pc.sc.gov.br\/index.php?rest_route=\/wp\/v2\/posts\/20933\/revisions"}],"predecessor-version":[{"id":20939,"href":"https:\/\/pc.sc.gov.br\/index.php?rest_route=\/wp\/v2\/posts\/20933\/revisions\/20939"}],"wp:featuredmedia":[{"embeddable":true,"href":"https:\/\/pc.sc.gov.br\/index.php?rest_route=\/wp\/v2\/media\/20934"}],"wp:attachment":[{"href":"https:\/\/pc.sc.gov.br\/index.php?rest_route=%2Fwp%2Fv2%2Fmedia&parent=20933"}],"wp:term":[{"taxonomy":"category","embeddable":true,"href":"https:\/\/pc.sc.gov.br\/index.php?rest_route=%2Fwp%2Fv2%2Fcategories&post=20933"},{"taxonomy":"post_tag","embeddable":true,"href":"https:\/\/pc.sc.gov.br\/index.php?rest_route=%2Fwp%2Fv2%2Ftags&post=20933"}],"curies":[{"name":"wp","href":"https:\/\/api.w.org\/{rel}","templated":true}]}}