{"id":20940,"date":"2024-06-14T15:12:49","date_gmt":"2024-06-14T18:12:49","guid":{"rendered":"https:\/\/pc.sc.gov.br\/?p=20940"},"modified":"2024-06-14T15:14:51","modified_gmt":"2024-06-14T18:14:51","slug":"policia-civil-deflagra-operacao-policial-de-repressao-ao-crime-organizado-em-criciuma-e-prende-14-pessoas","status":"publish","type":"post","link":"https:\/\/pc.sc.gov.br\/?p=20940","title":{"rendered":"Pol\u00edcia Civil deflagra opera\u00e7\u00e3o policial de repress\u00e3o ao crime organizado em Crici\u00fama e prende 14 pessoas"},"content":{"rendered":"\t\t<div data-elementor-type=\"wp-post\" data-elementor-id=\"20940\" class=\"elementor elementor-20940\" data-elementor-post-type=\"post\">\n\t\t\t\t\t\t<section class=\"elementor-section elementor-top-section elementor-element elementor-element-009ef2b elementor-section-boxed elementor-section-height-default elementor-section-height-default\" data-id=\"009ef2b\" data-element_type=\"section\">\n\t\t\t\t\t\t<div class=\"elementor-container elementor-column-gap-default\">\n\t\t\t\t\t<div class=\"elementor-column elementor-col-100 elementor-top-column elementor-element elementor-element-c4802bc\" data-id=\"c4802bc\" data-element_type=\"column\">\n\t\t\t<div class=\"elementor-widget-wrap elementor-element-populated\">\n\t\t\t\t\t\t<div class=\"elementor-element elementor-element-410631c elementor-widget elementor-widget-heading\" data-id=\"410631c\" data-element_type=\"widget\" data-widget_type=\"heading.default\">\n\t\t\t\t<div class=\"elementor-widget-container\">\n\t\t\t\t\t<h2 class=\"elementor-heading-title elementor-size-default\">Pol\u00edcia Civil deflagra opera\u00e7\u00e3o policial de repress\u00e3o ao crime organizado em Crici\u00fama e prende 14 pessoas<\/h2>\t\t\t\t<\/div>\n\t\t\t\t<\/div>\n\t\t\t\t\t<\/div>\n\t\t<\/div>\n\t\t\t\t\t<\/div>\n\t\t<\/section>\n\t\t\t\t<section class=\"elementor-section elementor-top-section elementor-element elementor-element-0999e87 elementor-section-boxed elementor-section-height-default elementor-section-height-default\" data-id=\"0999e87\" data-element_type=\"section\">\n\t\t\t\t\t\t<div class=\"elementor-container elementor-column-gap-default\">\n\t\t\t\t\t<div class=\"elementor-column elementor-col-100 elementor-top-column elementor-element elementor-element-1113ccd\" data-id=\"1113ccd\" data-element_type=\"column\">\n\t\t\t<div class=\"elementor-widget-wrap elementor-element-populated\">\n\t\t\t\t\t\t<div class=\"elementor-element elementor-element-53dc02d elementor-widget elementor-widget-image\" data-id=\"53dc02d\" data-element_type=\"widget\" data-widget_type=\"image.default\">\n\t\t\t\t<div class=\"elementor-widget-container\">\n\t\t\t\t\t\t\t\t\t\t\t\t\t\t\t<img fetchpriority=\"high\" decoding=\"async\" width=\"696\" height=\"542\" src=\"https:\/\/pc.sc.gov.br\/\/wp-content\/uploads\/2024\/06\/WhatsApp-Image-2024-06-14-at-15.03.08-1024x797.jpeg\" class=\"attachment-large size-large wp-image-20941\" alt=\"\" srcset=\"https:\/\/pc.sc.gov.br\/\/wp-content\/uploads\/2024\/06\/WhatsApp-Image-2024-06-14-at-15.03.08-1024x797.jpeg 1024w, https:\/\/pc.sc.gov.br\/\/wp-content\/uploads\/2024\/06\/WhatsApp-Image-2024-06-14-at-15.03.08-300x233.jpeg 300w, https:\/\/pc.sc.gov.br\/\/wp-content\/uploads\/2024\/06\/WhatsApp-Image-2024-06-14-at-15.03.08-768x598.jpeg 768w, https:\/\/pc.sc.gov.br\/\/wp-content\/uploads\/2024\/06\/WhatsApp-Image-2024-06-14-at-15.03.08.jpeg 1374w\" sizes=\"(max-width: 696px) 100vw, 696px\" \/>\t\t\t\t\t\t\t\t\t\t\t\t\t\t\t<\/div>\n\t\t\t\t<\/div>\n\t\t\t\t\t<\/div>\n\t\t<\/div>\n\t\t\t\t\t<\/div>\n\t\t<\/section>\n\t\t\t\t<section class=\"elementor-section elementor-top-section elementor-element elementor-element-9d2054c elementor-section-boxed elementor-section-height-default elementor-section-height-default\" data-id=\"9d2054c\" data-element_type=\"section\">\n\t\t\t\t\t\t<div class=\"elementor-container elementor-column-gap-default\">\n\t\t\t\t\t<div class=\"elementor-column elementor-col-100 elementor-top-column elementor-element elementor-element-2cdc440\" data-id=\"2cdc440\" data-element_type=\"column\">\n\t\t\t<div class=\"elementor-widget-wrap elementor-element-populated\">\n\t\t\t\t\t\t<div class=\"elementor-element elementor-element-d2c2404 elementor-widget elementor-widget-text-editor\" data-id=\"d2c2404\" data-element_type=\"widget\" data-widget_type=\"text-editor.default\">\n\t\t\t\t<div class=\"elementor-widget-container\">\n\t\t\t\t\t\t\t\t\t<p>Nesta sexta-feira (14\/06), a Pol\u00edcia Civil de Santa Catarina, por meio da Divis\u00e3o de Investiga\u00e7\u00e3o Criminal de Crici\u00fama, deflagrou opera\u00e7\u00e3o policial com o objetivo de desarticular lideran\u00e7as de fac\u00e7\u00e3o criminosa que opera no tr\u00e1fico, roubos e homic\u00eddios na regi\u00e3o de Crici\u00fama. Foram identificados 16 integrantes da fac\u00e7\u00e3o criminosa, inclusive de lideran\u00e7as do grupo criminoso.<\/p><p>Foram cumpridas 18 ordens de busca e apreens\u00e3o. No total, 14 pessoas foram presas. As buscas foram executadas nos bairros Centro, Comerci\u00e1rio, Pinheirinho, Rio Maina e Cristo Redentor. Al\u00e9m disso, foram executadas buscas em celas de investigados que est\u00e3o presos no Pres\u00eddio Santa Augusta, na Penitenci\u00e1ria Sul e no Pres\u00eddio de Tubar\u00e3o. Al\u00e9m das pris\u00f5es por mandados de pris\u00e3o, houve pris\u00f5es em flagrante, por tr\u00e1fico de drogas.<\/p><p>Na resid\u00eancia dos alvos, foi encontrado anota\u00e7\u00f5es da fac\u00e7\u00e3o, contabilidade do crime, entorpecentes e dinheiro em esp\u00e9cie. Foram apreendidos em torno de 3kg de maconha, 1kg de coca\u00edna e 11 mil reais em dinheiro.<\/p><p>A opera\u00e7\u00e3o contou com o efetivo policial civil de todas as Delegacias da Regional de Crici\u00fama, bem como do SAER\/PCSC. Ainda, a Pol\u00edcia Penal apoiou os trabalhos nas execu\u00e7\u00f5es das ordens em Unidades Prisionais.<\/p>\t\t\t\t\t\t\t\t<\/div>\n\t\t\t\t<\/div>\n\t\t\t\t\t<\/div>\n\t\t<\/div>\n\t\t\t\t\t<\/div>\n\t\t<\/section>\n\t\t\t\t<section class=\"elementor-section elementor-top-section elementor-element elementor-element-164c2a5 elementor-section-boxed elementor-section-height-default elementor-section-height-default\" data-id=\"164c2a5\" data-element_type=\"section\">\n\t\t\t\t\t\t<div class=\"elementor-container elementor-column-gap-default\">\n\t\t\t\t\t<div class=\"elementor-column elementor-col-100 elementor-top-column elementor-element elementor-element-c56b771\" data-id=\"c56b771\" data-element_type=\"column\">\n\t\t\t<div class=\"elementor-widget-wrap elementor-element-populated\">\n\t\t\t\t\t\t<div class=\"elementor-element elementor-element-e55d52a elementor-widget__width-initial elementor-widget elementor-widget-video\" data-id=\"e55d52a\" data-element_type=\"widget\" data-settings=\"{&quot;video_type&quot;:&quot;hosted&quot;,&quot;controls&quot;:&quot;yes&quot;}\" data-widget_type=\"video.default\">\n\t\t\t\t<div class=\"elementor-widget-container\">\n\t\t\t\t\t\t\t<div class=\"e-hosted-video elementor-wrapper elementor-open-inline\">\n\t\t\t\t\t<video class=\"elementor-video\" src=\"https:\/\/pc.sc.gov.br\/wp-content\/uploads\/2024\/06\/WhatsApp-Video-2024-06-14-at-15.03.42.mp4\" controls=\"\" preload=\"metadata\"><\/video>\n\t\t\t\t<\/div>\n\t\t\t\t\t\t<\/div>\n\t\t\t\t<\/div>\n\t\t\t\t\t<\/div>\n\t\t<\/div>\n\t\t\t\t\t<\/div>\n\t\t<\/section>\n\t\t\t\t<\/div>\n\t\t","protected":false},"excerpt":{"rendered":"<p>Pol\u00edcia Civil deflagra opera\u00e7\u00e3o policial de repress\u00e3o ao crime organizado em Crici\u00fama e prende 14 pessoas Nesta sexta-feira (14\/06), a Pol\u00edcia Civil de Santa Catarina, por meio da Divis\u00e3o de Investiga\u00e7\u00e3o Criminal de Crici\u00fama, deflagrou opera\u00e7\u00e3o policial com o objetivo de desarticular lideran\u00e7as de fac\u00e7\u00e3o criminosa que opera no tr\u00e1fico, roubos e homic\u00eddios na regi\u00e3o [&hellip;]<\/p>\n","protected":false},"author":5,"featured_media":20941,"comment_status":"closed","ping_status":"open","sticky":false,"template":"","format":"standard","meta":{"_monsterinsights_skip_tracking":false,"_monsterinsights_sitenote_active":false,"_monsterinsights_sitenote_note":"","_monsterinsights_sitenote_category":0,"footnotes":""},"categories":[1],"tags":[],"class_list":["post-20940","post","type-post","status-publish","format-standard","has-post-thumbnail","hentry","category-sem-categoria"],"_links":{"self":[{"href":"https:\/\/pc.sc.gov.br\/index.php?rest_route=\/wp\/v2\/posts\/20940","targetHints":{"allow":["GET"]}}],"collection":[{"href":"https:\/\/pc.sc.gov.br\/index.php?rest_route=\/wp\/v2\/posts"}],"about":[{"href":"https:\/\/pc.sc.gov.br\/index.php?rest_route=\/wp\/v2\/types\/post"}],"author":[{"embeddable":true,"href":"https:\/\/pc.sc.gov.br\/index.php?rest_route=\/wp\/v2\/users\/5"}],"replies":[{"embeddable":true,"href":"https:\/\/pc.sc.gov.br\/index.php?rest_route=%2Fwp%2Fv2%2Fcomments&post=20940"}],"version-history":[{"count":4,"href":"https:\/\/pc.sc.gov.br\/index.php?rest_route=\/wp\/v2\/posts\/20940\/revisions"}],"predecessor-version":[{"id":20947,"href":"https:\/\/pc.sc.gov.br\/index.php?rest_route=\/wp\/v2\/posts\/20940\/revisions\/20947"}],"wp:featuredmedia":[{"embeddable":true,"href":"https:\/\/pc.sc.gov.br\/index.php?rest_route=\/wp\/v2\/media\/20941"}],"wp:attachment":[{"href":"https:\/\/pc.sc.gov.br\/index.php?rest_route=%2Fwp%2Fv2%2Fmedia&parent=20940"}],"wp:term":[{"taxonomy":"category","embeddable":true,"href":"https:\/\/pc.sc.gov.br\/index.php?rest_route=%2Fwp%2Fv2%2Fcategories&post=20940"},{"taxonomy":"post_tag","embeddable":true,"href":"https:\/\/pc.sc.gov.br\/index.php?rest_route=%2Fwp%2Fv2%2Ftags&post=20940"}],"curies":[{"name":"wp","href":"https:\/\/api.w.org\/{rel}","templated":true}]}}