{"id":20952,"date":"2024-06-14T18:18:18","date_gmt":"2024-06-14T21:18:18","guid":{"rendered":"https:\/\/pc.sc.gov.br\/?p=20952"},"modified":"2024-06-14T18:19:57","modified_gmt":"2024-06-14T21:19:57","slug":"dic-de-palhoca-prende-suspeito-pelo-crime-de-roubo-a-comercio-no-municipio","status":"publish","type":"post","link":"https:\/\/pc.sc.gov.br\/?p=20952","title":{"rendered":"DIC de Palho\u00e7a prende suspeito pelo crime de roubo a com\u00e9rcio no munic\u00edpio"},"content":{"rendered":"\t\t<div data-elementor-type=\"wp-post\" data-elementor-id=\"20952\" class=\"elementor elementor-20952\" data-elementor-post-type=\"post\">\n\t\t\t\t\t\t<section class=\"elementor-section elementor-top-section elementor-element elementor-element-b5bd536 elementor-section-boxed elementor-section-height-default elementor-section-height-default\" data-id=\"b5bd536\" data-element_type=\"section\">\n\t\t\t\t\t\t<div class=\"elementor-container elementor-column-gap-default\">\n\t\t\t\t\t<div class=\"elementor-column elementor-col-100 elementor-top-column elementor-element elementor-element-a7159c0\" data-id=\"a7159c0\" data-element_type=\"column\">\n\t\t\t<div class=\"elementor-widget-wrap elementor-element-populated\">\n\t\t\t\t\t\t<div class=\"elementor-element elementor-element-835b0b9 elementor-widget elementor-widget-heading\" data-id=\"835b0b9\" data-element_type=\"widget\" data-widget_type=\"heading.default\">\n\t\t\t\t<div class=\"elementor-widget-container\">\n\t\t\t\t\t<h2 class=\"elementor-heading-title elementor-size-default\">DIC de Palho\u00e7a prende investigado pelo crime de roubo a com\u00e9rcio no munic\u00edpio<\/h2>\t\t\t\t<\/div>\n\t\t\t\t<\/div>\n\t\t\t\t\t<\/div>\n\t\t<\/div>\n\t\t\t\t\t<\/div>\n\t\t<\/section>\n\t\t\t\t<section class=\"elementor-section elementor-top-section elementor-element elementor-element-c3e3987 elementor-section-boxed elementor-section-height-default elementor-section-height-default\" data-id=\"c3e3987\" data-element_type=\"section\">\n\t\t\t\t\t\t<div class=\"elementor-container elementor-column-gap-default\">\n\t\t\t\t\t<div class=\"elementor-column elementor-col-100 elementor-top-column elementor-element elementor-element-2410673\" data-id=\"2410673\" data-element_type=\"column\">\n\t\t\t<div class=\"elementor-widget-wrap elementor-element-populated\">\n\t\t\t\t\t\t<div class=\"elementor-element elementor-element-1c6654a elementor-widget elementor-widget-image\" data-id=\"1c6654a\" data-element_type=\"widget\" data-widget_type=\"image.default\">\n\t\t\t\t<div class=\"elementor-widget-container\">\n\t\t\t\t\t\t\t\t\t\t\t\t\t\t\t<img fetchpriority=\"high\" decoding=\"async\" width=\"696\" height=\"596\" src=\"https:\/\/pc.sc.gov.br\/\/wp-content\/uploads\/2024\/06\/WhatsApp-Image-2024-06-14-at-18.06.14.jpeg\" class=\"attachment-large size-large wp-image-20953\" alt=\"\" srcset=\"https:\/\/pc.sc.gov.br\/\/wp-content\/uploads\/2024\/06\/WhatsApp-Image-2024-06-14-at-18.06.14.jpeg 781w, https:\/\/pc.sc.gov.br\/\/wp-content\/uploads\/2024\/06\/WhatsApp-Image-2024-06-14-at-18.06.14-300x257.jpeg 300w, https:\/\/pc.sc.gov.br\/\/wp-content\/uploads\/2024\/06\/WhatsApp-Image-2024-06-14-at-18.06.14-768x658.jpeg 768w\" sizes=\"(max-width: 696px) 100vw, 696px\" \/>\t\t\t\t\t\t\t\t\t\t\t\t\t\t\t<\/div>\n\t\t\t\t<\/div>\n\t\t\t\t\t<\/div>\n\t\t<\/div>\n\t\t\t\t\t<\/div>\n\t\t<\/section>\n\t\t\t\t<section class=\"elementor-section elementor-top-section elementor-element elementor-element-0ea3ef5 elementor-section-boxed elementor-section-height-default elementor-section-height-default\" data-id=\"0ea3ef5\" data-element_type=\"section\">\n\t\t\t\t\t\t<div class=\"elementor-container elementor-column-gap-default\">\n\t\t\t\t\t<div class=\"elementor-column elementor-col-100 elementor-top-column elementor-element elementor-element-789a75a\" data-id=\"789a75a\" data-element_type=\"column\">\n\t\t\t<div class=\"elementor-widget-wrap elementor-element-populated\">\n\t\t\t\t\t\t<div class=\"elementor-element elementor-element-5d7edf4 elementor-widget elementor-widget-text-editor\" data-id=\"5d7edf4\" data-element_type=\"widget\" data-widget_type=\"text-editor.default\">\n\t\t\t\t<div class=\"elementor-widget-container\">\n\t\t\t\t\t\t\t\t\t<p>A Pol\u00edcia Civil de Santa Catarina, por meio da DIC de Palho\u00e7a, cumpriu mandado de busca e apreens\u00e3o e de pris\u00e3o preventiva em desfavor do suspeito de praticar o crime de roubo ocorrido no Shopping Camel\u00e3o, no dia 07\/06\/2024.\u00a0<\/p><p>Na data dos fatos, dois homens entraram no estabelecimento comercial e, com emprego de arma de fogo, efetuaram roubo a uma loja de perfumes. Durante o cumprimento das buscas, foram arrecadados elementos de interesse para investiga\u00e7\u00e3o, al\u00e9m da recupera\u00e7\u00e3o dos objetos roubados.\u00a0<\/p><p>A Pol\u00edcia Civil destaca que essa opera\u00e7\u00e3o \u00e9 mais um exemplo do comprometimento da institui\u00e7\u00e3o em gerar resultados concretos no enfrentamento \u00e0 criminalidade, trazendo um al\u00edvio para a comunidade e refor\u00e7ando a confian\u00e7a da popula\u00e7\u00e3o nas for\u00e7as de seguran\u00e7a.<\/p><p>A equipe da DIC de Palho\u00e7a tamb\u00e9m agradeceu a colabora\u00e7\u00e3o de todas as for\u00e7as de seguran\u00e7a p\u00fablica \u2013 PMSC, Guarda Municipal e Pol\u00edcia Cient\u00edfica por todo o compartilhamento de informa\u00e7\u00f5es, identifica\u00e7\u00e3o e localiza\u00e7\u00e3o dos envolvidos e do Poder Judici\u00e1rio e do Minist\u00e9rio P\u00fablico para aprecia\u00e7\u00e3o da representa\u00e7\u00e3o e expedi\u00e7\u00e3o das ordens judiciais.<\/p>\t\t\t\t\t\t\t\t<\/div>\n\t\t\t\t<\/div>\n\t\t\t\t\t<\/div>\n\t\t<\/div>\n\t\t\t\t\t<\/div>\n\t\t<\/section>\n\t\t\t\t<\/div>\n\t\t","protected":false},"excerpt":{"rendered":"<p>DIC de Palho\u00e7a prende investigado pelo crime de roubo a com\u00e9rcio no munic\u00edpio A Pol\u00edcia Civil de Santa Catarina, por meio da DIC de Palho\u00e7a, cumpriu mandado de busca e apreens\u00e3o e de pris\u00e3o preventiva em desfavor do suspeito de praticar o crime de roubo ocorrido no Shopping Camel\u00e3o, no dia 07\/06\/2024.\u00a0 Na data dos [&hellip;]<\/p>\n","protected":false},"author":5,"featured_media":20953,"comment_status":"closed","ping_status":"open","sticky":false,"template":"","format":"standard","meta":{"_monsterinsights_skip_tracking":false,"_monsterinsights_sitenote_active":false,"_monsterinsights_sitenote_note":"","_monsterinsights_sitenote_category":0,"footnotes":""},"categories":[1],"tags":[],"class_list":["post-20952","post","type-post","status-publish","format-standard","has-post-thumbnail","hentry","category-sem-categoria"],"_links":{"self":[{"href":"https:\/\/pc.sc.gov.br\/index.php?rest_route=\/wp\/v2\/posts\/20952","targetHints":{"allow":["GET"]}}],"collection":[{"href":"https:\/\/pc.sc.gov.br\/index.php?rest_route=\/wp\/v2\/posts"}],"about":[{"href":"https:\/\/pc.sc.gov.br\/index.php?rest_route=\/wp\/v2\/types\/post"}],"author":[{"embeddable":true,"href":"https:\/\/pc.sc.gov.br\/index.php?rest_route=\/wp\/v2\/users\/5"}],"replies":[{"embeddable":true,"href":"https:\/\/pc.sc.gov.br\/index.php?rest_route=%2Fwp%2Fv2%2Fcomments&post=20952"}],"version-history":[{"count":3,"href":"https:\/\/pc.sc.gov.br\/index.php?rest_route=\/wp\/v2\/posts\/20952\/revisions"}],"predecessor-version":[{"id":20956,"href":"https:\/\/pc.sc.gov.br\/index.php?rest_route=\/wp\/v2\/posts\/20952\/revisions\/20956"}],"wp:featuredmedia":[{"embeddable":true,"href":"https:\/\/pc.sc.gov.br\/index.php?rest_route=\/wp\/v2\/media\/20953"}],"wp:attachment":[{"href":"https:\/\/pc.sc.gov.br\/index.php?rest_route=%2Fwp%2Fv2%2Fmedia&parent=20952"}],"wp:term":[{"taxonomy":"category","embeddable":true,"href":"https:\/\/pc.sc.gov.br\/index.php?rest_route=%2Fwp%2Fv2%2Fcategories&post=20952"},{"taxonomy":"post_tag","embeddable":true,"href":"https:\/\/pc.sc.gov.br\/index.php?rest_route=%2Fwp%2Fv2%2Ftags&post=20952"}],"curies":[{"name":"wp","href":"https:\/\/api.w.org\/{rel}","templated":true}]}}