{"id":20960,"date":"2024-06-17T12:30:19","date_gmt":"2024-06-17T15:30:19","guid":{"rendered":"https:\/\/pc.sc.gov.br\/?p=20960"},"modified":"2024-06-17T12:31:04","modified_gmt":"2024-06-17T15:31:04","slug":"policia-civil-cumpre-mandado-de-busca-e-apreensao-e-prisao-por-homicidio-em-palhoca","status":"publish","type":"post","link":"https:\/\/pc.sc.gov.br\/?p=20960","title":{"rendered":"Pol\u00edcia Civil cumpre mandado de busca e apreens\u00e3o e pris\u00e3o por homic\u00eddio em Palho\u00e7a"},"content":{"rendered":"\t\t<div data-elementor-type=\"wp-post\" data-elementor-id=\"20960\" class=\"elementor elementor-20960\" data-elementor-post-type=\"post\">\n\t\t\t\t\t\t<section class=\"elementor-section elementor-top-section elementor-element elementor-element-066387b elementor-section-boxed elementor-section-height-default elementor-section-height-default\" data-id=\"066387b\" data-element_type=\"section\">\n\t\t\t\t\t\t<div class=\"elementor-container elementor-column-gap-default\">\n\t\t\t\t\t<div class=\"elementor-column elementor-col-100 elementor-top-column elementor-element elementor-element-f9e2963\" data-id=\"f9e2963\" data-element_type=\"column\">\n\t\t\t<div class=\"elementor-widget-wrap elementor-element-populated\">\n\t\t\t\t\t\t<div class=\"elementor-element elementor-element-1a7b14a elementor-widget elementor-widget-heading\" data-id=\"1a7b14a\" data-element_type=\"widget\" data-widget_type=\"heading.default\">\n\t\t\t\t<div class=\"elementor-widget-container\">\n\t\t\t\t\t<h2 class=\"elementor-heading-title elementor-size-default\">Pol\u00edcia Civil cumpre mandado de busca e apreens\u00e3o e pris\u00e3o por homic\u00eddio em Palho\u00e7a<\/h2>\t\t\t\t<\/div>\n\t\t\t\t<\/div>\n\t\t\t\t\t<\/div>\n\t\t<\/div>\n\t\t\t\t\t<\/div>\n\t\t<\/section>\n\t\t\t\t<section class=\"elementor-section elementor-top-section elementor-element elementor-element-372036e elementor-section-boxed elementor-section-height-default elementor-section-height-default\" data-id=\"372036e\" data-element_type=\"section\">\n\t\t\t\t\t\t<div class=\"elementor-container elementor-column-gap-default\">\n\t\t\t\t\t<div class=\"elementor-column elementor-col-100 elementor-top-column elementor-element elementor-element-940fd5f\" data-id=\"940fd5f\" data-element_type=\"column\">\n\t\t\t<div class=\"elementor-widget-wrap elementor-element-populated\">\n\t\t\t\t\t\t<div class=\"elementor-element elementor-element-710174f elementor-widget elementor-widget-image\" data-id=\"710174f\" data-element_type=\"widget\" data-widget_type=\"image.default\">\n\t\t\t\t<div class=\"elementor-widget-container\">\n\t\t\t\t\t\t\t\t\t\t\t\t\t\t\t<img fetchpriority=\"high\" decoding=\"async\" width=\"696\" height=\"529\" src=\"https:\/\/pc.sc.gov.br\/\/wp-content\/uploads\/2024\/06\/WhatsApp-Image-2024-01-30-at-16.33.05-fotor-202405031461.jpg\" class=\"attachment-large size-large wp-image-20672\" alt=\"\" srcset=\"https:\/\/pc.sc.gov.br\/\/wp-content\/uploads\/2024\/06\/WhatsApp-Image-2024-01-30-at-16.33.05-fotor-202405031461.jpg 969w, https:\/\/pc.sc.gov.br\/\/wp-content\/uploads\/2024\/06\/WhatsApp-Image-2024-01-30-at-16.33.05-fotor-202405031461-300x228.jpg 300w, https:\/\/pc.sc.gov.br\/\/wp-content\/uploads\/2024\/06\/WhatsApp-Image-2024-01-30-at-16.33.05-fotor-202405031461-768x583.jpg 768w\" sizes=\"(max-width: 696px) 100vw, 696px\" \/>\t\t\t\t\t\t\t\t\t\t\t\t\t\t\t<\/div>\n\t\t\t\t<\/div>\n\t\t\t\t\t<\/div>\n\t\t<\/div>\n\t\t\t\t\t<\/div>\n\t\t<\/section>\n\t\t\t\t<section class=\"elementor-section elementor-top-section elementor-element elementor-element-ab69a20 elementor-section-boxed elementor-section-height-default elementor-section-height-default\" data-id=\"ab69a20\" data-element_type=\"section\">\n\t\t\t\t\t\t<div class=\"elementor-container elementor-column-gap-default\">\n\t\t\t\t\t<div class=\"elementor-column elementor-col-100 elementor-top-column elementor-element elementor-element-e58f953\" data-id=\"e58f953\" data-element_type=\"column\">\n\t\t\t<div class=\"elementor-widget-wrap elementor-element-populated\">\n\t\t\t\t\t\t<div class=\"elementor-element elementor-element-794e39c elementor-widget elementor-widget-text-editor\" data-id=\"794e39c\" data-element_type=\"widget\" data-widget_type=\"text-editor.default\">\n\t\t\t\t<div class=\"elementor-widget-container\">\n\t\t\t\t\t\t\t\t\t<p>A Pol\u00edcia Civil de Santa Catarina, por meio da Divis\u00e3o de Investiga\u00e7\u00e3o Criminal de Palho\u00e7a, cumpriu mandado de busca e apreens\u00e3o e pris\u00e3o em desfavor de suspeito da pr\u00e1tica do crime de homic\u00eddio. Os fatos ocorreram em 05\/08\/2022, quando a v\u00edtima foi executada a tiros no bairro S\u00e3o Sebasti\u00e3o, Palho\u00e7a.<\/p><p>Durante as investiga\u00e7\u00f5es foram representadas e cumpridas v\u00e1rias cautelares, sendo a \u00faltima opera\u00e7\u00e3o deflagrada no morro do Ava\u00ed, em 13\/11\/2023, local onde foram cumpridas diversas buscas e apreens\u00f5es.<\/p><p>Posteriormente, ao reanalisar os elementos angariados durante as investiga\u00e7\u00f5es foi poss\u00edvel identificar um dos envolvidos, sendo cumpridos novos mandados de busca e pris\u00e3o no bairro Bela Vista, em Palho\u00e7a.<\/p>\t\t\t\t\t\t\t\t<\/div>\n\t\t\t\t<\/div>\n\t\t\t\t\t<\/div>\n\t\t<\/div>\n\t\t\t\t\t<\/div>\n\t\t<\/section>\n\t\t\t\t<\/div>\n\t\t","protected":false},"excerpt":{"rendered":"<p>Pol\u00edcia Civil cumpre mandado de busca e apreens\u00e3o e pris\u00e3o por homic\u00eddio em Palho\u00e7a A Pol\u00edcia Civil de Santa Catarina, por meio da Divis\u00e3o de Investiga\u00e7\u00e3o Criminal de Palho\u00e7a, cumpriu mandado de busca e apreens\u00e3o e pris\u00e3o em desfavor de suspeito da pr\u00e1tica do crime de homic\u00eddio. Os fatos ocorreram em 05\/08\/2022, quando a v\u00edtima [&hellip;]<\/p>\n","protected":false},"author":5,"featured_media":20672,"comment_status":"closed","ping_status":"open","sticky":false,"template":"","format":"standard","meta":{"_monsterinsights_skip_tracking":false,"_monsterinsights_sitenote_active":false,"_monsterinsights_sitenote_note":"","_monsterinsights_sitenote_category":0,"footnotes":""},"categories":[1],"tags":[],"class_list":["post-20960","post","type-post","status-publish","format-standard","has-post-thumbnail","hentry","category-sem-categoria"],"_links":{"self":[{"href":"https:\/\/pc.sc.gov.br\/index.php?rest_route=\/wp\/v2\/posts\/20960","targetHints":{"allow":["GET"]}}],"collection":[{"href":"https:\/\/pc.sc.gov.br\/index.php?rest_route=\/wp\/v2\/posts"}],"about":[{"href":"https:\/\/pc.sc.gov.br\/index.php?rest_route=\/wp\/v2\/types\/post"}],"author":[{"embeddable":true,"href":"https:\/\/pc.sc.gov.br\/index.php?rest_route=\/wp\/v2\/users\/5"}],"replies":[{"embeddable":true,"href":"https:\/\/pc.sc.gov.br\/index.php?rest_route=%2Fwp%2Fv2%2Fcomments&post=20960"}],"version-history":[{"count":4,"href":"https:\/\/pc.sc.gov.br\/index.php?rest_route=\/wp\/v2\/posts\/20960\/revisions"}],"predecessor-version":[{"id":20964,"href":"https:\/\/pc.sc.gov.br\/index.php?rest_route=\/wp\/v2\/posts\/20960\/revisions\/20964"}],"wp:featuredmedia":[{"embeddable":true,"href":"https:\/\/pc.sc.gov.br\/index.php?rest_route=\/wp\/v2\/media\/20672"}],"wp:attachment":[{"href":"https:\/\/pc.sc.gov.br\/index.php?rest_route=%2Fwp%2Fv2%2Fmedia&parent=20960"}],"wp:term":[{"taxonomy":"category","embeddable":true,"href":"https:\/\/pc.sc.gov.br\/index.php?rest_route=%2Fwp%2Fv2%2Fcategories&post=20960"},{"taxonomy":"post_tag","embeddable":true,"href":"https:\/\/pc.sc.gov.br\/index.php?rest_route=%2Fwp%2Fv2%2Ftags&post=20960"}],"curies":[{"name":"wp","href":"https:\/\/api.w.org\/{rel}","templated":true}]}}