{"id":20972,"date":"2024-06-17T13:08:56","date_gmt":"2024-06-17T16:08:56","guid":{"rendered":"https:\/\/pc.sc.gov.br\/?p=20972"},"modified":"2024-06-17T13:11:43","modified_gmt":"2024-06-17T16:11:43","slug":"em-sao-paulo-policia-civil-prende-homem-por-envolvimento-em-furto-de-carga-de-vergalhao","status":"publish","type":"post","link":"https:\/\/pc.sc.gov.br\/?p=20972","title":{"rendered":"Em S\u00e3o Paulo, Pol\u00edcia Civil prende homem por envolvimento em furto de carga de vergalh\u00e3o"},"content":{"rendered":"\t\t<div data-elementor-type=\"wp-post\" data-elementor-id=\"20972\" class=\"elementor elementor-20972\" data-elementor-post-type=\"post\">\n\t\t\t\t\t\t<section class=\"elementor-section elementor-top-section elementor-element elementor-element-8fa7d91 elementor-section-boxed elementor-section-height-default elementor-section-height-default\" data-id=\"8fa7d91\" data-element_type=\"section\">\n\t\t\t\t\t\t<div class=\"elementor-container elementor-column-gap-default\">\n\t\t\t\t\t<div class=\"elementor-column elementor-col-100 elementor-top-column elementor-element elementor-element-846a688\" data-id=\"846a688\" data-element_type=\"column\">\n\t\t\t<div class=\"elementor-widget-wrap elementor-element-populated\">\n\t\t\t\t\t\t<div class=\"elementor-element elementor-element-89f2a8f elementor-widget elementor-widget-heading\" data-id=\"89f2a8f\" data-element_type=\"widget\" data-widget_type=\"heading.default\">\n\t\t\t\t<div class=\"elementor-widget-container\">\n\t\t\t\t\t<h2 class=\"elementor-heading-title elementor-size-default\">Em S\u00e3o Paulo, Pol\u00edcia Civil prende homem por envolvimento em furto de carga de vergalh\u00e3o<\/h2>\t\t\t\t<\/div>\n\t\t\t\t<\/div>\n\t\t\t\t\t<\/div>\n\t\t<\/div>\n\t\t\t\t\t<\/div>\n\t\t<\/section>\n\t\t\t\t<section class=\"elementor-section elementor-top-section elementor-element elementor-element-34b565c elementor-section-boxed elementor-section-height-default elementor-section-height-default\" data-id=\"34b565c\" data-element_type=\"section\">\n\t\t\t\t\t\t<div class=\"elementor-container elementor-column-gap-default\">\n\t\t\t\t\t<div class=\"elementor-column elementor-col-100 elementor-top-column elementor-element elementor-element-1b284ee\" data-id=\"1b284ee\" data-element_type=\"column\">\n\t\t\t<div class=\"elementor-widget-wrap elementor-element-populated\">\n\t\t\t\t\t\t<div class=\"elementor-element elementor-element-811dff8 elementor-widget elementor-widget-image\" data-id=\"811dff8\" data-element_type=\"widget\" data-widget_type=\"image.default\">\n\t\t\t\t<div class=\"elementor-widget-container\">\n\t\t\t\t\t\t\t\t\t\t\t\t\t\t\t<img fetchpriority=\"high\" decoding=\"async\" width=\"696\" height=\"487\" src=\"https:\/\/pc.sc.gov.br\/\/wp-content\/uploads\/2024\/06\/WhatsApp-Image-2024-06-15-at-12.57.30-1024x717.jpeg\" class=\"attachment-large size-large wp-image-20973\" alt=\"\" srcset=\"https:\/\/pc.sc.gov.br\/\/wp-content\/uploads\/2024\/06\/WhatsApp-Image-2024-06-15-at-12.57.30-1024x717.jpeg 1024w, https:\/\/pc.sc.gov.br\/\/wp-content\/uploads\/2024\/06\/WhatsApp-Image-2024-06-15-at-12.57.30-300x210.jpeg 300w, https:\/\/pc.sc.gov.br\/\/wp-content\/uploads\/2024\/06\/WhatsApp-Image-2024-06-15-at-12.57.30-768x538.jpeg 768w, https:\/\/pc.sc.gov.br\/\/wp-content\/uploads\/2024\/06\/WhatsApp-Image-2024-06-15-at-12.57.30.jpeg 1286w\" sizes=\"(max-width: 696px) 100vw, 696px\" \/>\t\t\t\t\t\t\t\t\t\t\t\t\t\t\t<\/div>\n\t\t\t\t<\/div>\n\t\t\t\t\t<\/div>\n\t\t<\/div>\n\t\t\t\t\t<\/div>\n\t\t<\/section>\n\t\t\t\t<section class=\"elementor-section elementor-top-section elementor-element elementor-element-5138eba elementor-section-boxed elementor-section-height-default elementor-section-height-default\" data-id=\"5138eba\" data-element_type=\"section\">\n\t\t\t\t\t\t<div class=\"elementor-container elementor-column-gap-default\">\n\t\t\t\t\t<div class=\"elementor-column elementor-col-100 elementor-top-column elementor-element elementor-element-7754c5e\" data-id=\"7754c5e\" data-element_type=\"column\">\n\t\t\t<div class=\"elementor-widget-wrap elementor-element-populated\">\n\t\t\t\t\t\t<div class=\"elementor-element elementor-element-8815b70 elementor-widget elementor-widget-text-editor\" data-id=\"8815b70\" data-element_type=\"widget\" data-widget_type=\"text-editor.default\">\n\t\t\t\t<div class=\"elementor-widget-container\">\n\t\t\t\t\t\t\t\t\t<p>Na semana passada, a Pol\u00edcia Civil de Santa Catarina, por meio da Delegacia de Furtos e Roubos de Cargas (DFRC) da Diretoria Estadual de Investiga\u00e7\u00f5es Criminais, deflagrou opera\u00e7\u00e3o policial no estado de S\u00e3o Paulo. Foram cumpridos mandados de pris\u00e3o preventiva e de busca e apreens\u00e3o nas cidades Santa L\u00facia\/SP e S\u00e3o Carlos\/SP. A investiga\u00e7\u00e3o, coordenada pelo delegado de Policia Osnei Valdir de Oliveira, identificou grupo criminoso respons\u00e1vel por furtar cargas em Santa Catarina.<\/p><p>As investiga\u00e7\u00f5es iniciaram ap\u00f3s o furto de uma carga de vergalh\u00e3o avaliada em R$ 132.870,00. O motorista alegou que, no dia 07\/03\/2024, ap\u00f3s efetuar o embarque da carga em S\u00e3o Francisco do Sul\/SC, seguiu pela Rodovia BR101 e pr\u00f3ximo a Itaja\u00ed\/SC foi abordado por homens armados que o mantiveram encapuzado na cabine do caminh\u00e3o. Ap\u00f3s realizarem a subtra\u00e7\u00e3o da carga, os autores o liberaram em Piracicaba\/SP. Para comprovar seu relato, o motorista forneceu ao transportador um Boletim de Ocorr\u00eancia supostamente registrado em Piracicaba\/SP.<\/p><p>Ao tomar conhecimento do crime, a equipe de investiga\u00e7\u00e3o da DFRC adotou medidas para o esclarecimento dos fatos. A investiga\u00e7\u00e3o comprovou que o motorista e o homem que atuou como agenciador de cargas estavam envolvidos no furto da carga de vergalh\u00e3o. Apurou-se que para dissimular a pr\u00e1tica criminosa, foi apresentado boletim de ocorr\u00eancia falso.<\/p><p>No curso das investiga\u00e7\u00f5es descobriu-se ainda novo delito praticado pelo mesmo motorista, que no caso anterior foi o agenciador da carga, desta feita a subtra\u00e7\u00e3o de uma carga de bobina de a\u00e7o praticada no dia 11\/01\/2024, tamb\u00e9m realizada na cidade de S\u00e2o Francisco do Sul\/SC. A carga estava avaliada em R$ 180.000,00.<\/p><p>Restou comprovada a participa\u00e7\u00e3o do agenciador da carga, que pr\u00e9-orquestrou a empreitada criminosa.\u00a0 Ap\u00f3s identificar atua\u00e7\u00e3o do grupo criminoso, o delegado titular da DFRC\/DEIC representou pela expedi\u00e7\u00e3o de mandados de pris\u00e3o preventiva e de busca e apreens\u00e3o, sendo tais medidas deferidas pelo Poder Judici\u00e1rio.<\/p><p>As ordens judiciais foram cumpridas pela DFRC\/DEIC, com apoio operacional da Pol\u00edcia Civil de S\u00e3o Paulo &#8211; Delegacia de Santa L\u00facia\/SP e Delegacia de S\u00e3o Carlos\/SP. Em desfavor de um dos indiciados respons\u00e1vel pelo furto foram expedidos e cumpridos dois mandados de pris\u00e3o preventiva.<\/p><p>\u201cNo per\u00edodo de 03 meses, o mesmo motorista subtraiu cerca 6 cargas. Isso demonstra de forma muito clara a fragilidade nos sistemas de mensura\u00e7\u00e3o de riscos, tanto da an\u00e1lise qualitativa quanto quantitativa. Quase a totalidade dos Furtos de Cargas podem ser evitados, mas para isso \u00e9 necess\u00e1rio uma cultura organizacional voltada a uma an\u00e1lise criteriosa. M\u00e3o de obra escassa n\u00e3o justifica a flexibiliza\u00e7\u00e3o de crit\u00e9rios\u201d, destaca o delegado de Policia Osnei Valdir de Oliveira.<\/p><p>Den\u00fancias e informa\u00e7\u00f5es relacionadas a Roubo de Cargas podem ser encaminhadas para o e-mail deic-dfrc@pc.sc.gov.br, sendo garantido o anonimato.<\/p>\t\t\t\t\t\t\t\t<\/div>\n\t\t\t\t<\/div>\n\t\t\t\t\t<\/div>\n\t\t<\/div>\n\t\t\t\t\t<\/div>\n\t\t<\/section>\n\t\t\t\t<\/div>\n\t\t","protected":false},"excerpt":{"rendered":"<p>Em S\u00e3o Paulo, Pol\u00edcia Civil prende homem por envolvimento em furto de carga de vergalh\u00e3o Na semana passada, a Pol\u00edcia Civil de Santa Catarina, por meio da Delegacia de Furtos e Roubos de Cargas (DFRC) da Diretoria Estadual de Investiga\u00e7\u00f5es Criminais, deflagrou opera\u00e7\u00e3o policial no estado de S\u00e3o Paulo. Foram cumpridos mandados de pris\u00e3o preventiva [&hellip;]<\/p>\n","protected":false},"author":5,"featured_media":20973,"comment_status":"closed","ping_status":"open","sticky":false,"template":"","format":"standard","meta":{"_monsterinsights_skip_tracking":false,"_monsterinsights_sitenote_active":false,"_monsterinsights_sitenote_note":"","_monsterinsights_sitenote_category":0,"footnotes":""},"categories":[1],"tags":[],"class_list":["post-20972","post","type-post","status-publish","format-standard","has-post-thumbnail","hentry","category-sem-categoria"],"_links":{"self":[{"href":"https:\/\/pc.sc.gov.br\/index.php?rest_route=\/wp\/v2\/posts\/20972","targetHints":{"allow":["GET"]}}],"collection":[{"href":"https:\/\/pc.sc.gov.br\/index.php?rest_route=\/wp\/v2\/posts"}],"about":[{"href":"https:\/\/pc.sc.gov.br\/index.php?rest_route=\/wp\/v2\/types\/post"}],"author":[{"embeddable":true,"href":"https:\/\/pc.sc.gov.br\/index.php?rest_route=\/wp\/v2\/users\/5"}],"replies":[{"embeddable":true,"href":"https:\/\/pc.sc.gov.br\/index.php?rest_route=%2Fwp%2Fv2%2Fcomments&post=20972"}],"version-history":[{"count":4,"href":"https:\/\/pc.sc.gov.br\/index.php?rest_route=\/wp\/v2\/posts\/20972\/revisions"}],"predecessor-version":[{"id":20977,"href":"https:\/\/pc.sc.gov.br\/index.php?rest_route=\/wp\/v2\/posts\/20972\/revisions\/20977"}],"wp:featuredmedia":[{"embeddable":true,"href":"https:\/\/pc.sc.gov.br\/index.php?rest_route=\/wp\/v2\/media\/20973"}],"wp:attachment":[{"href":"https:\/\/pc.sc.gov.br\/index.php?rest_route=%2Fwp%2Fv2%2Fmedia&parent=20972"}],"wp:term":[{"taxonomy":"category","embeddable":true,"href":"https:\/\/pc.sc.gov.br\/index.php?rest_route=%2Fwp%2Fv2%2Fcategories&post=20972"},{"taxonomy":"post_tag","embeddable":true,"href":"https:\/\/pc.sc.gov.br\/index.php?rest_route=%2Fwp%2Fv2%2Ftags&post=20972"}],"curies":[{"name":"wp","href":"https:\/\/api.w.org\/{rel}","templated":true}]}}