{"id":20978,"date":"2024-06-17T16:46:14","date_gmt":"2024-06-17T19:46:14","guid":{"rendered":"https:\/\/pc.sc.gov.br\/?p=20978"},"modified":"2024-06-17T16:48:05","modified_gmt":"2024-06-17T19:48:05","slug":"delegacia-de-capturas-da-deic-prende-homem-foragido-por-homicidio-no-amapa","status":"publish","type":"post","link":"https:\/\/pc.sc.gov.br\/?p=20978","title":{"rendered":"Delegacia de Capturas da DEIC prende homem foragido por homic\u00eddio no Amap\u00e1"},"content":{"rendered":"\t\t<div data-elementor-type=\"wp-post\" data-elementor-id=\"20978\" class=\"elementor elementor-20978\" data-elementor-post-type=\"post\">\n\t\t\t\t\t\t<section class=\"elementor-section elementor-top-section elementor-element elementor-element-de69cdd elementor-section-boxed elementor-section-height-default elementor-section-height-default\" data-id=\"de69cdd\" data-element_type=\"section\">\n\t\t\t\t\t\t<div class=\"elementor-container elementor-column-gap-default\">\n\t\t\t\t\t<div class=\"elementor-column elementor-col-100 elementor-top-column elementor-element elementor-element-02cafb9\" data-id=\"02cafb9\" data-element_type=\"column\">\n\t\t\t<div class=\"elementor-widget-wrap elementor-element-populated\">\n\t\t\t\t\t\t<div class=\"elementor-element elementor-element-2f0da79 elementor-widget elementor-widget-heading\" data-id=\"2f0da79\" data-element_type=\"widget\" data-widget_type=\"heading.default\">\n\t\t\t\t<div class=\"elementor-widget-container\">\n\t\t\t\t\t<h2 class=\"elementor-heading-title elementor-size-default\"> DELEGACIA DE CAPTURAS DA DEIC PRENDE HOMEM FORAGIDO POR HOMIC\u00cdDIO NO AMAP\u00c1 <\/h2>\t\t\t\t<\/div>\n\t\t\t\t<\/div>\n\t\t\t\t\t<\/div>\n\t\t<\/div>\n\t\t\t\t\t<\/div>\n\t\t<\/section>\n\t\t\t\t<section class=\"elementor-section elementor-top-section elementor-element elementor-element-fac4fb9 elementor-section-boxed elementor-section-height-default elementor-section-height-default\" data-id=\"fac4fb9\" data-element_type=\"section\">\n\t\t\t\t\t\t<div class=\"elementor-container elementor-column-gap-default\">\n\t\t\t\t\t<div class=\"elementor-column elementor-col-100 elementor-top-column elementor-element elementor-element-cccb4e5\" data-id=\"cccb4e5\" data-element_type=\"column\">\n\t\t\t<div class=\"elementor-widget-wrap elementor-element-populated\">\n\t\t\t\t\t\t<div class=\"elementor-element elementor-element-b6ec7e8 elementor-widget elementor-widget-image\" data-id=\"b6ec7e8\" data-element_type=\"widget\" data-widget_type=\"image.default\">\n\t\t\t\t<div class=\"elementor-widget-container\">\n\t\t\t\t\t\t\t\t\t\t\t\t\t\t\t<img fetchpriority=\"high\" decoding=\"async\" width=\"696\" height=\"696\" src=\"https:\/\/pc.sc.gov.br\/\/wp-content\/uploads\/2024\/06\/ASCOM-FEED-61-1-1024x1024.jpg\" class=\"attachment-large size-large wp-image-20981\" alt=\"\" srcset=\"https:\/\/pc.sc.gov.br\/\/wp-content\/uploads\/2024\/06\/ASCOM-FEED-61-1-1024x1024.jpg 1024w, https:\/\/pc.sc.gov.br\/\/wp-content\/uploads\/2024\/06\/ASCOM-FEED-61-1-300x300.jpg 300w, https:\/\/pc.sc.gov.br\/\/wp-content\/uploads\/2024\/06\/ASCOM-FEED-61-1-150x150.jpg 150w, https:\/\/pc.sc.gov.br\/\/wp-content\/uploads\/2024\/06\/ASCOM-FEED-61-1-768x768.jpg 768w, https:\/\/pc.sc.gov.br\/\/wp-content\/uploads\/2024\/06\/ASCOM-FEED-61-1-1536x1536.jpg 1536w, https:\/\/pc.sc.gov.br\/\/wp-content\/uploads\/2024\/06\/ASCOM-FEED-61-1.jpg 1890w\" sizes=\"(max-width: 696px) 100vw, 696px\" \/>\t\t\t\t\t\t\t\t\t\t\t\t\t\t\t<\/div>\n\t\t\t\t<\/div>\n\t\t\t\t\t<\/div>\n\t\t<\/div>\n\t\t\t\t\t<\/div>\n\t\t<\/section>\n\t\t\t\t<section class=\"elementor-section elementor-top-section elementor-element elementor-element-37b0e96 elementor-section-boxed elementor-section-height-default elementor-section-height-default\" data-id=\"37b0e96\" data-element_type=\"section\">\n\t\t\t\t\t\t<div class=\"elementor-container elementor-column-gap-default\">\n\t\t\t\t\t<div class=\"elementor-column elementor-col-100 elementor-top-column elementor-element elementor-element-10af4fa\" data-id=\"10af4fa\" data-element_type=\"column\">\n\t\t\t<div class=\"elementor-widget-wrap elementor-element-populated\">\n\t\t\t\t\t\t<div class=\"elementor-element elementor-element-7ad8d2a elementor-widget elementor-widget-text-editor\" data-id=\"7ad8d2a\" data-element_type=\"widget\" data-widget_type=\"text-editor.default\">\n\t\t\t\t<div class=\"elementor-widget-container\">\n\t\t\t\t\t\t\t\t\t<p>Nesta segunda-feira (17\/06), a Pol\u00edcia Civil de Santa Catarina, por meio da Delegacia de Capturas (Decap) da Diretoria Estadual de Investiga\u00e7\u00f5es Criminais, cumpriu mandado de pris\u00e3o oriundo da 1\u00aa Vara do Tribunal do J\u00fari de Macap\u00e1 (AP), expedido em desfavor de um homem pelo crime de homic\u00eddio, previsto no artigo 121 do C\u00f3digo Penal. O crime gerou repercuss\u00e3o pela viol\u00eancia empregada no cometimento. O homem esfaqueou e desferiu pauladas em seu pr\u00f3prio padrasto at\u00e9 a morte.<\/p>\n<p>Ap\u00f3s ter ci\u00eancia do referido mandado, os policiais da Decap deram in\u00edcio \u00e0s dilig\u00eancias para identificar o paradeiro do foragido, que foi localizado no bairro Saco dos Lim\u00f5es, munic\u00edpio de Florian\u00f3polis\/SC.<\/p>\n<p>A DECAP\/DEIC refor\u00e7a o seu compromisso em prol da seguran\u00e7a da sociedade catarinense e se compromete com as demais unidades policiais do Estado no aux\u00edlio \u00e0 captura de foragidos.<\/p>\n<p>Den\u00fancias e informa\u00e7\u00f5es relacionadas a foragidos da Justi\u00e7a podem ser encaminhadas para o e-mail deic-capturas@pc.sc.gov.br. Al\u00e9m disso, pelo&nbsp;<a href=\"https:\/\/sistemas.pc.sc.gov.br\/foragidos\/\" target=\"_blank\"><b>Portal Foragidos da PCSC<\/b><\/a>&nbsp;\u00e9 poss\u00edvel conhecer a rela\u00e7\u00e3o de procurados pela Justi\u00e7a. A Pol\u00edcia Civil de Santa Catarina garante o anonimato de quem prestar informa\u00e7\u00f5es sobre foragidos.<\/p>\t\t\t\t\t\t\t\t<\/div>\n\t\t\t\t<\/div>\n\t\t\t\t\t<\/div>\n\t\t<\/div>\n\t\t\t\t\t<\/div>\n\t\t<\/section>\n\t\t\t\t<\/div>\n\t\t","protected":false},"excerpt":{"rendered":"<p>DELEGACIA DE CAPTURAS DA DEIC PRENDE HOMEM FORAGIDO POR HOMIC\u00cdDIO NO AMAP\u00c1 Nesta segunda-feira (17\/06), a Pol\u00edcia Civil de Santa Catarina, por meio da Delegacia de Capturas (Decap) da Diretoria Estadual de Investiga\u00e7\u00f5es Criminais, cumpriu mandado de pris\u00e3o oriundo da 1\u00aa Vara do Tribunal do J\u00fari de Macap\u00e1 (AP), expedido em desfavor de um homem [&hellip;]<\/p>\n","protected":false},"author":5,"featured_media":20979,"comment_status":"closed","ping_status":"open","sticky":false,"template":"","format":"standard","meta":{"_monsterinsights_skip_tracking":false,"_monsterinsights_sitenote_active":false,"_monsterinsights_sitenote_note":"","_monsterinsights_sitenote_category":0,"footnotes":""},"categories":[1],"tags":[],"class_list":["post-20978","post","type-post","status-publish","format-standard","has-post-thumbnail","hentry","category-sem-categoria"],"_links":{"self":[{"href":"https:\/\/pc.sc.gov.br\/index.php?rest_route=\/wp\/v2\/posts\/20978","targetHints":{"allow":["GET"]}}],"collection":[{"href":"https:\/\/pc.sc.gov.br\/index.php?rest_route=\/wp\/v2\/posts"}],"about":[{"href":"https:\/\/pc.sc.gov.br\/index.php?rest_route=\/wp\/v2\/types\/post"}],"author":[{"embeddable":true,"href":"https:\/\/pc.sc.gov.br\/index.php?rest_route=\/wp\/v2\/users\/5"}],"replies":[{"embeddable":true,"href":"https:\/\/pc.sc.gov.br\/index.php?rest_route=%2Fwp%2Fv2%2Fcomments&post=20978"}],"version-history":[{"count":4,"href":"https:\/\/pc.sc.gov.br\/index.php?rest_route=\/wp\/v2\/posts\/20978\/revisions"}],"predecessor-version":[{"id":20984,"href":"https:\/\/pc.sc.gov.br\/index.php?rest_route=\/wp\/v2\/posts\/20978\/revisions\/20984"}],"wp:featuredmedia":[{"embeddable":true,"href":"https:\/\/pc.sc.gov.br\/index.php?rest_route=\/wp\/v2\/media\/20979"}],"wp:attachment":[{"href":"https:\/\/pc.sc.gov.br\/index.php?rest_route=%2Fwp%2Fv2%2Fmedia&parent=20978"}],"wp:term":[{"taxonomy":"category","embeddable":true,"href":"https:\/\/pc.sc.gov.br\/index.php?rest_route=%2Fwp%2Fv2%2Fcategories&post=20978"},{"taxonomy":"post_tag","embeddable":true,"href":"https:\/\/pc.sc.gov.br\/index.php?rest_route=%2Fwp%2Fv2%2Ftags&post=20978"}],"curies":[{"name":"wp","href":"https:\/\/api.w.org\/{rel}","templated":true}]}}