{"id":20985,"date":"2024-06-17T17:54:15","date_gmt":"2024-06-17T20:54:15","guid":{"rendered":"https:\/\/pc.sc.gov.br\/?p=20985"},"modified":"2024-06-17T17:55:19","modified_gmt":"2024-06-17T20:55:19","slug":"delegacia-de-protecao-a-animais-domesticos-prende-homem-em-flagrante-por-maus-tratos-a-cao-deixado-em-terreno-em-sao-jose","status":"publish","type":"post","link":"https:\/\/pc.sc.gov.br\/?p=20985","title":{"rendered":"Delegacia de Prote\u00e7\u00e3o a Animais Dom\u00e9sticos prende homem em flagrante por maus-tratos a c\u00e3o deixado em terreno em S\u00e3o Jos\u00e9"},"content":{"rendered":"\t\t<div data-elementor-type=\"wp-post\" data-elementor-id=\"20985\" class=\"elementor elementor-20985\" data-elementor-post-type=\"post\">\n\t\t\t\t\t\t<section class=\"elementor-section elementor-top-section elementor-element elementor-element-1152dc8 elementor-section-boxed elementor-section-height-default elementor-section-height-default\" data-id=\"1152dc8\" data-element_type=\"section\">\n\t\t\t\t\t\t<div class=\"elementor-container elementor-column-gap-default\">\n\t\t\t\t\t<div class=\"elementor-column elementor-col-100 elementor-top-column elementor-element elementor-element-f3b4133\" data-id=\"f3b4133\" data-element_type=\"column\">\n\t\t\t<div class=\"elementor-widget-wrap elementor-element-populated\">\n\t\t\t\t\t\t<div class=\"elementor-element elementor-element-ff4b624 elementor-widget elementor-widget-heading\" data-id=\"ff4b624\" data-element_type=\"widget\" data-widget_type=\"heading.default\">\n\t\t\t\t<div class=\"elementor-widget-container\">\n\t\t\t\t\t<h2 class=\"elementor-heading-title elementor-size-default\">Delegacia de Prote\u00e7\u00e3o a Animais Dom\u00e9sticos prende homem em flagrante por maus-tratos a c\u00e3o deixado em terreno em S\u00e3o Jos\u00e9<\/h2>\t\t\t\t<\/div>\n\t\t\t\t<\/div>\n\t\t\t\t\t<\/div>\n\t\t<\/div>\n\t\t\t\t\t<\/div>\n\t\t<\/section>\n\t\t\t\t<section class=\"elementor-section elementor-top-section elementor-element elementor-element-0814354 elementor-section-boxed elementor-section-height-default elementor-section-height-default\" data-id=\"0814354\" data-element_type=\"section\">\n\t\t\t\t\t\t<div class=\"elementor-container elementor-column-gap-default\">\n\t\t\t\t\t<div class=\"elementor-column elementor-col-100 elementor-top-column elementor-element elementor-element-759d185\" data-id=\"759d185\" data-element_type=\"column\">\n\t\t\t<div class=\"elementor-widget-wrap elementor-element-populated\">\n\t\t\t\t\t\t<div class=\"elementor-element elementor-element-18dfda5 elementor-widget elementor-widget-image\" data-id=\"18dfda5\" data-element_type=\"widget\" data-widget_type=\"image.default\">\n\t\t\t\t<div class=\"elementor-widget-container\">\n\t\t\t\t\t\t\t\t\t\t\t\t\t\t\t<img fetchpriority=\"high\" decoding=\"async\" width=\"696\" height=\"392\" src=\"https:\/\/pc.sc.gov.br\/\/wp-content\/uploads\/2024\/06\/WhatsApp-Image-2024-06-17-at-17.48.53-1024x576.jpeg\" class=\"attachment-large size-large wp-image-20988\" alt=\"\" srcset=\"https:\/\/pc.sc.gov.br\/\/wp-content\/uploads\/2024\/06\/WhatsApp-Image-2024-06-17-at-17.48.53-1024x576.jpeg 1024w, https:\/\/pc.sc.gov.br\/\/wp-content\/uploads\/2024\/06\/WhatsApp-Image-2024-06-17-at-17.48.53-300x169.jpeg 300w, https:\/\/pc.sc.gov.br\/\/wp-content\/uploads\/2024\/06\/WhatsApp-Image-2024-06-17-at-17.48.53-768x432.jpeg 768w, https:\/\/pc.sc.gov.br\/\/wp-content\/uploads\/2024\/06\/WhatsApp-Image-2024-06-17-at-17.48.53-1536x864.jpeg 1536w, https:\/\/pc.sc.gov.br\/\/wp-content\/uploads\/2024\/06\/WhatsApp-Image-2024-06-17-at-17.48.53.jpeg 1599w\" sizes=\"(max-width: 696px) 100vw, 696px\" \/>\t\t\t\t\t\t\t\t\t\t\t\t\t\t\t<\/div>\n\t\t\t\t<\/div>\n\t\t\t\t\t<\/div>\n\t\t<\/div>\n\t\t\t\t\t<\/div>\n\t\t<\/section>\n\t\t\t\t<section class=\"elementor-section elementor-top-section elementor-element elementor-element-ac74648 elementor-section-boxed elementor-section-height-default elementor-section-height-default\" data-id=\"ac74648\" data-element_type=\"section\">\n\t\t\t\t\t\t<div class=\"elementor-container elementor-column-gap-default\">\n\t\t\t\t\t<div class=\"elementor-column elementor-col-100 elementor-top-column elementor-element elementor-element-6ab6527\" data-id=\"6ab6527\" data-element_type=\"column\">\n\t\t\t<div class=\"elementor-widget-wrap elementor-element-populated\">\n\t\t\t\t\t\t<div class=\"elementor-element elementor-element-f3d2842 elementor-widget elementor-widget-text-editor\" data-id=\"f3d2842\" data-element_type=\"widget\" data-widget_type=\"text-editor.default\">\n\t\t\t\t<div class=\"elementor-widget-container\">\n\t\t\t\t\t\t\t\t\t<p>A Pol\u00edcia Civil do Estado de Santa Catarina, por meio da Delegacia de Prote\u00e7\u00e3o a Animais Dom\u00e9sticos do Departamento de Investiga\u00e7\u00e3o Criminal da Capital (DPA\/DIC), em opera\u00e7\u00e3o conjunta com a Diretoria de Bem-Estar Animal de S\u00e3o Jos\u00e9, prendeu em flagrante um homem pelo crime de maus-tratos qualificado contra c\u00e3o no bairro Ipiranga, em S\u00e3o Jos\u00e9\/SC.<\/p><p>As den\u00fancias mencionavam que um c\u00e3o, sem ra\u00e7a definida, era mantido para guarda em terreno, em p\u00e9ssimas condi\u00e7\u00f5es de sa\u00fade e de salubridade, sem \u00e1gua e alimenta\u00e7\u00e3o adequada, bem como com vis\u00edveis problemas de pele e diarr\u00e9ia constante.<\/p><p>Ap\u00f3s algumas dilig\u00eancias de fiscaliza\u00e7\u00e3o, o tutor apresentou resist\u00eancia \u00e0s determina\u00e7\u00f5es iniciais da DIBEA, inclusive apresentando comportamento agressivo. Nesta data, as equipes retornaram ao local, constatando que o c\u00e3o continuava em um ambiente muito sujo, \u00e1gua com limo, bem como com problemas de sa\u00fade &#8211; na pele e diarr\u00e9ia intensa. Em que pese o sujeito tenha alegado dificuldades financeiras, havia sido ofertado atendimento cl\u00ednico gratuito pelo \u00f3rg\u00e3o municipal.<\/p><p>O homem foi preso em flagrante pelo crime de maus-tratos qualificado a animal. O c\u00e3o foi resgatado pela DIBEA de S\u00e3o Jos\u00e9, que promover\u00e1 os devidos encaminhamentos at\u00e9 eventual ado\u00e7\u00e3o respons\u00e1vel. Formalizado o procedimento criminal na Central de Plant\u00e3o Policial de S\u00e3o Jos\u00e9, o preso permaneceu \u00e0 disposi\u00e7\u00e3o do Poder Judici\u00e1rio.<\/p>\t\t\t\t\t\t\t\t<\/div>\n\t\t\t\t<\/div>\n\t\t\t\t\t<\/div>\n\t\t<\/div>\n\t\t\t\t\t<\/div>\n\t\t<\/section>\n\t\t\t\t<section class=\"elementor-section elementor-top-section elementor-element elementor-element-342b724 elementor-section-boxed elementor-section-height-default elementor-section-height-default\" data-id=\"342b724\" data-element_type=\"section\">\n\t\t\t\t\t\t<div class=\"elementor-container elementor-column-gap-default\">\n\t\t\t\t\t<div class=\"elementor-column elementor-col-100 elementor-top-column elementor-element elementor-element-6d965f7\" data-id=\"6d965f7\" data-element_type=\"column\">\n\t\t\t<div class=\"elementor-widget-wrap elementor-element-populated\">\n\t\t\t\t\t\t<div class=\"elementor-element elementor-element-317894d elementor-widget elementor-widget-image\" data-id=\"317894d\" data-element_type=\"widget\" data-widget_type=\"image.default\">\n\t\t\t\t<div class=\"elementor-widget-container\">\n\t\t\t\t\t\t\t\t\t\t\t\t\t\t\t<img decoding=\"async\" width=\"696\" height=\"928\" src=\"https:\/\/pc.sc.gov.br\/\/wp-content\/uploads\/2024\/06\/WhatsApp-Image-2024-06-17-at-17.48.53-1-768x1024.jpeg\" class=\"attachment-large size-large wp-image-20987\" alt=\"\" srcset=\"https:\/\/pc.sc.gov.br\/\/wp-content\/uploads\/2024\/06\/WhatsApp-Image-2024-06-17-at-17.48.53-1-768x1024.jpeg 768w, https:\/\/pc.sc.gov.br\/\/wp-content\/uploads\/2024\/06\/WhatsApp-Image-2024-06-17-at-17.48.53-1-225x300.jpeg 225w, https:\/\/pc.sc.gov.br\/\/wp-content\/uploads\/2024\/06\/WhatsApp-Image-2024-06-17-at-17.48.53-1.jpeg 960w\" sizes=\"(max-width: 696px) 100vw, 696px\" \/>\t\t\t\t\t\t\t\t\t\t\t\t\t\t\t<\/div>\n\t\t\t\t<\/div>\n\t\t\t\t\t<\/div>\n\t\t<\/div>\n\t\t\t\t\t<\/div>\n\t\t<\/section>\n\t\t\t\t<section class=\"elementor-section elementor-top-section elementor-element elementor-element-6b64d94 elementor-section-boxed elementor-section-height-default elementor-section-height-default\" data-id=\"6b64d94\" data-element_type=\"section\">\n\t\t\t\t\t\t<div class=\"elementor-container elementor-column-gap-default\">\n\t\t\t\t\t<div class=\"elementor-column elementor-col-100 elementor-top-column elementor-element elementor-element-edc55b9\" data-id=\"edc55b9\" data-element_type=\"column\">\n\t\t\t<div class=\"elementor-widget-wrap elementor-element-populated\">\n\t\t\t\t\t\t<div class=\"elementor-element elementor-element-c253b8c elementor-widget elementor-widget-image\" data-id=\"c253b8c\" data-element_type=\"widget\" data-widget_type=\"image.default\">\n\t\t\t\t<div class=\"elementor-widget-container\">\n\t\t\t\t\t\t\t\t\t\t\t\t\t\t\t<img decoding=\"async\" width=\"696\" height=\"927\" src=\"https:\/\/pc.sc.gov.br\/\/wp-content\/uploads\/2024\/06\/WhatsApp-Image-2024-06-17-at-17.48.53-2-769x1024.jpeg\" class=\"attachment-large size-large wp-image-20986\" alt=\"\" srcset=\"https:\/\/pc.sc.gov.br\/\/wp-content\/uploads\/2024\/06\/WhatsApp-Image-2024-06-17-at-17.48.53-2-769x1024.jpeg 769w, https:\/\/pc.sc.gov.br\/\/wp-content\/uploads\/2024\/06\/WhatsApp-Image-2024-06-17-at-17.48.53-2-225x300.jpeg 225w, https:\/\/pc.sc.gov.br\/\/wp-content\/uploads\/2024\/06\/WhatsApp-Image-2024-06-17-at-17.48.53-2-768x1023.jpeg 768w, https:\/\/pc.sc.gov.br\/\/wp-content\/uploads\/2024\/06\/WhatsApp-Image-2024-06-17-at-17.48.53-2.jpeg 868w\" sizes=\"(max-width: 696px) 100vw, 696px\" \/>\t\t\t\t\t\t\t\t\t\t\t\t\t\t\t<\/div>\n\t\t\t\t<\/div>\n\t\t\t\t\t<\/div>\n\t\t<\/div>\n\t\t\t\t\t<\/div>\n\t\t<\/section>\n\t\t\t\t<\/div>\n\t\t","protected":false},"excerpt":{"rendered":"<p>Delegacia de Prote\u00e7\u00e3o a Animais Dom\u00e9sticos prende homem em flagrante por maus-tratos a c\u00e3o deixado em terreno em S\u00e3o Jos\u00e9 A Pol\u00edcia Civil do Estado de Santa Catarina, por meio da Delegacia de Prote\u00e7\u00e3o a Animais Dom\u00e9sticos do Departamento de Investiga\u00e7\u00e3o Criminal da Capital (DPA\/DIC), em opera\u00e7\u00e3o conjunta com a Diretoria de Bem-Estar Animal de [&hellip;]<\/p>\n","protected":false},"author":5,"featured_media":20988,"comment_status":"closed","ping_status":"open","sticky":false,"template":"","format":"standard","meta":{"_monsterinsights_skip_tracking":false,"_monsterinsights_sitenote_active":false,"_monsterinsights_sitenote_note":"","_monsterinsights_sitenote_category":0,"footnotes":""},"categories":[1],"tags":[],"class_list":["post-20985","post","type-post","status-publish","format-standard","has-post-thumbnail","hentry","category-sem-categoria"],"_links":{"self":[{"href":"https:\/\/pc.sc.gov.br\/index.php?rest_route=\/wp\/v2\/posts\/20985","targetHints":{"allow":["GET"]}}],"collection":[{"href":"https:\/\/pc.sc.gov.br\/index.php?rest_route=\/wp\/v2\/posts"}],"about":[{"href":"https:\/\/pc.sc.gov.br\/index.php?rest_route=\/wp\/v2\/types\/post"}],"author":[{"embeddable":true,"href":"https:\/\/pc.sc.gov.br\/index.php?rest_route=\/wp\/v2\/users\/5"}],"replies":[{"embeddable":true,"href":"https:\/\/pc.sc.gov.br\/index.php?rest_route=%2Fwp%2Fv2%2Fcomments&post=20985"}],"version-history":[{"count":4,"href":"https:\/\/pc.sc.gov.br\/index.php?rest_route=\/wp\/v2\/posts\/20985\/revisions"}],"predecessor-version":[{"id":20992,"href":"https:\/\/pc.sc.gov.br\/index.php?rest_route=\/wp\/v2\/posts\/20985\/revisions\/20992"}],"wp:featuredmedia":[{"embeddable":true,"href":"https:\/\/pc.sc.gov.br\/index.php?rest_route=\/wp\/v2\/media\/20988"}],"wp:attachment":[{"href":"https:\/\/pc.sc.gov.br\/index.php?rest_route=%2Fwp%2Fv2%2Fmedia&parent=20985"}],"wp:term":[{"taxonomy":"category","embeddable":true,"href":"https:\/\/pc.sc.gov.br\/index.php?rest_route=%2Fwp%2Fv2%2Fcategories&post=20985"},{"taxonomy":"post_tag","embeddable":true,"href":"https:\/\/pc.sc.gov.br\/index.php?rest_route=%2Fwp%2Fv2%2Ftags&post=20985"}],"curies":[{"name":"wp","href":"https:\/\/api.w.org\/{rel}","templated":true}]}}