{"id":20993,"date":"2024-06-17T18:42:28","date_gmt":"2024-06-17T21:42:28","guid":{"rendered":"https:\/\/pc.sc.gov.br\/?p=20993"},"modified":"2024-06-17T18:44:01","modified_gmt":"2024-06-17T21:44:01","slug":"em-ilhota-core-prende-homem-foragido-do-para-por-estupro-de-vulneravel","status":"publish","type":"post","link":"https:\/\/pc.sc.gov.br\/?p=20993","title":{"rendered":"Em Ilhota, CORE prende homem foragido do Par\u00e1 por estupro de vulner\u00e1vel"},"content":{"rendered":"\t\t<div data-elementor-type=\"wp-post\" data-elementor-id=\"20993\" class=\"elementor elementor-20993\" data-elementor-post-type=\"post\">\n\t\t\t\t\t\t<section class=\"elementor-section elementor-top-section elementor-element elementor-element-7a7efaf elementor-section-boxed elementor-section-height-default elementor-section-height-default\" data-id=\"7a7efaf\" data-element_type=\"section\">\n\t\t\t\t\t\t<div class=\"elementor-container elementor-column-gap-default\">\n\t\t\t\t\t<div class=\"elementor-column elementor-col-100 elementor-top-column elementor-element elementor-element-0b26787\" data-id=\"0b26787\" data-element_type=\"column\">\n\t\t\t<div class=\"elementor-widget-wrap elementor-element-populated\">\n\t\t\t\t\t\t<div class=\"elementor-element elementor-element-56a7e2a elementor-widget elementor-widget-heading\" data-id=\"56a7e2a\" data-element_type=\"widget\" data-widget_type=\"heading.default\">\n\t\t\t\t<div class=\"elementor-widget-container\">\n\t\t\t\t\t<h2 class=\"elementor-heading-title elementor-size-default\">Em Ilhota, CORE prende homem foragido do Par\u00e1 por estupro de vulner\u00e1vel <\/h2>\t\t\t\t<\/div>\n\t\t\t\t<\/div>\n\t\t\t\t\t<\/div>\n\t\t<\/div>\n\t\t\t\t\t<\/div>\n\t\t<\/section>\n\t\t\t\t<section class=\"elementor-section elementor-top-section elementor-element elementor-element-3145167 elementor-section-boxed elementor-section-height-default elementor-section-height-default\" data-id=\"3145167\" data-element_type=\"section\">\n\t\t\t\t\t\t<div class=\"elementor-container elementor-column-gap-default\">\n\t\t\t\t\t<div class=\"elementor-column elementor-col-100 elementor-top-column elementor-element elementor-element-be4da9a\" data-id=\"be4da9a\" data-element_type=\"column\">\n\t\t\t<div class=\"elementor-widget-wrap elementor-element-populated\">\n\t\t\t\t\t\t<div class=\"elementor-element elementor-element-a86313a elementor-widget elementor-widget-image\" data-id=\"a86313a\" data-element_type=\"widget\" data-widget_type=\"image.default\">\n\t\t\t\t<div class=\"elementor-widget-container\">\n\t\t\t\t\t\t\t\t\t\t\t\t\t\t\t<img fetchpriority=\"high\" decoding=\"async\" width=\"696\" height=\"493\" src=\"https:\/\/pc.sc.gov.br\/\/wp-content\/uploads\/2023\/04\/VIATURA_CORE003-1024x725.jpg\" class=\"attachment-large size-large wp-image-7997\" alt=\"\" srcset=\"https:\/\/pc.sc.gov.br\/\/wp-content\/uploads\/2023\/04\/VIATURA_CORE003-1024x725.jpg 1024w, https:\/\/pc.sc.gov.br\/\/wp-content\/uploads\/2023\/04\/VIATURA_CORE003-300x212.jpg 300w, https:\/\/pc.sc.gov.br\/\/wp-content\/uploads\/2023\/04\/VIATURA_CORE003-768x544.jpg 768w, https:\/\/pc.sc.gov.br\/\/wp-content\/uploads\/2023\/04\/VIATURA_CORE003-1536x1088.jpg 1536w, https:\/\/pc.sc.gov.br\/\/wp-content\/uploads\/2023\/04\/VIATURA_CORE003-2048x1451.jpg 2048w\" sizes=\"(max-width: 696px) 100vw, 696px\" \/>\t\t\t\t\t\t\t\t\t\t\t\t\t\t\t<\/div>\n\t\t\t\t<\/div>\n\t\t\t\t\t<\/div>\n\t\t<\/div>\n\t\t\t\t\t<\/div>\n\t\t<\/section>\n\t\t\t\t<section class=\"elementor-section elementor-top-section elementor-element elementor-element-e863cd1 elementor-section-boxed elementor-section-height-default elementor-section-height-default\" data-id=\"e863cd1\" data-element_type=\"section\">\n\t\t\t\t\t\t<div class=\"elementor-container elementor-column-gap-default\">\n\t\t\t\t\t<div class=\"elementor-column elementor-col-100 elementor-top-column elementor-element elementor-element-0d68fdb\" data-id=\"0d68fdb\" data-element_type=\"column\">\n\t\t\t<div class=\"elementor-widget-wrap elementor-element-populated\">\n\t\t\t\t\t\t<div class=\"elementor-element elementor-element-dfd4875 elementor-widget elementor-widget-text-editor\" data-id=\"dfd4875\" data-element_type=\"widget\" data-widget_type=\"text-editor.default\">\n\t\t\t\t<div class=\"elementor-widget-container\">\n\t\t\t\t\t\t\t\t\t<p>Na manh\u00e3 desta segunda-feira (17\/06), a Pol\u00edcia Civil de Santa Catarina, por meio da Coordenadoria de Opera\u00e7\u00f5es e Recursos Especiais (CORE), prendeu na cidade de Ilhota\/SC um foragido do estado do Par\u00e1. O homem praticou o crime de estupro de vulner\u00e1vel contra uma crian\u00e7a de 6 anos no munic\u00edpio de Igarap\u00e9-A\u00e7u\/PA.<\/p><p>Segundo os autos, o autor era professor da v\u00edtima e se valeu da posi\u00e7\u00e3o hier\u00e1rquica sobre a crian\u00e7a, sua aluna, atacando-a no ve\u00edculo escolar quando ela retornava para casa. Na apura\u00e7\u00e3o dos fatos, o autor fugiu para o estado de Santa Catarina, mais especificamente a regi\u00e3o de Blumenau. Ap\u00f3s um trabalho de investiga\u00e7\u00e3o conjunta entre as CORE\u2019s do Par\u00e1 e Santa Catarina,\u00a0 o homem foi localizado e capturado na cidade de Ilhota\/SC.<\/p><p>.<\/p>\t\t\t\t\t\t\t\t<\/div>\n\t\t\t\t<\/div>\n\t\t\t\t\t<\/div>\n\t\t<\/div>\n\t\t\t\t\t<\/div>\n\t\t<\/section>\n\t\t\t\t<\/div>\n\t\t","protected":false},"excerpt":{"rendered":"<p>Em Ilhota, CORE prende homem foragido do Par\u00e1 por estupro de vulner\u00e1vel Na manh\u00e3 desta segunda-feira (17\/06), a Pol\u00edcia Civil de Santa Catarina, por meio da Coordenadoria de Opera\u00e7\u00f5es e Recursos Especiais (CORE), prendeu na cidade de Ilhota\/SC um foragido do estado do Par\u00e1. O homem praticou o crime de estupro de vulner\u00e1vel contra uma [&hellip;]<\/p>\n","protected":false},"author":5,"featured_media":12844,"comment_status":"closed","ping_status":"open","sticky":false,"template":"","format":"standard","meta":{"_monsterinsights_skip_tracking":false,"_monsterinsights_sitenote_active":false,"_monsterinsights_sitenote_note":"","_monsterinsights_sitenote_category":0,"footnotes":""},"categories":[1],"tags":[],"class_list":["post-20993","post","type-post","status-publish","format-standard","has-post-thumbnail","hentry","category-sem-categoria"],"_links":{"self":[{"href":"https:\/\/pc.sc.gov.br\/index.php?rest_route=\/wp\/v2\/posts\/20993","targetHints":{"allow":["GET"]}}],"collection":[{"href":"https:\/\/pc.sc.gov.br\/index.php?rest_route=\/wp\/v2\/posts"}],"about":[{"href":"https:\/\/pc.sc.gov.br\/index.php?rest_route=\/wp\/v2\/types\/post"}],"author":[{"embeddable":true,"href":"https:\/\/pc.sc.gov.br\/index.php?rest_route=\/wp\/v2\/users\/5"}],"replies":[{"embeddable":true,"href":"https:\/\/pc.sc.gov.br\/index.php?rest_route=%2Fwp%2Fv2%2Fcomments&post=20993"}],"version-history":[{"count":7,"href":"https:\/\/pc.sc.gov.br\/index.php?rest_route=\/wp\/v2\/posts\/20993\/revisions"}],"predecessor-version":[{"id":21003,"href":"https:\/\/pc.sc.gov.br\/index.php?rest_route=\/wp\/v2\/posts\/20993\/revisions\/21003"}],"wp:featuredmedia":[{"embeddable":true,"href":"https:\/\/pc.sc.gov.br\/index.php?rest_route=\/wp\/v2\/media\/12844"}],"wp:attachment":[{"href":"https:\/\/pc.sc.gov.br\/index.php?rest_route=%2Fwp%2Fv2%2Fmedia&parent=20993"}],"wp:term":[{"taxonomy":"category","embeddable":true,"href":"https:\/\/pc.sc.gov.br\/index.php?rest_route=%2Fwp%2Fv2%2Fcategories&post=20993"},{"taxonomy":"post_tag","embeddable":true,"href":"https:\/\/pc.sc.gov.br\/index.php?rest_route=%2Fwp%2Fv2%2Ftags&post=20993"}],"curies":[{"name":"wp","href":"https:\/\/api.w.org\/{rel}","templated":true}]}}