{"id":21007,"date":"2024-06-18T11:50:37","date_gmt":"2024-06-18T14:50:37","guid":{"rendered":"https:\/\/pc.sc.gov.br\/?p=21007"},"modified":"2024-06-18T11:51:24","modified_gmt":"2024-06-18T14:51:24","slug":"policia-civil-deflagra-operacao-romeu-e-julieta-e-prende-casal-por-trafico-de-drogas-em-canasvieiras-na-capital","status":"publish","type":"post","link":"https:\/\/pc.sc.gov.br\/?p=21007","title":{"rendered":"Pol\u00edcia Civil deflagra opera\u00e7\u00e3o \u201cRomeu e Julieta\u201d e prende casal por tr\u00e1fico de drogas em Canasvieiras, na Capital"},"content":{"rendered":"\t\t<div data-elementor-type=\"wp-post\" data-elementor-id=\"21007\" class=\"elementor elementor-21007\" data-elementor-post-type=\"post\">\n\t\t\t\t\t\t<section class=\"elementor-section elementor-top-section elementor-element elementor-element-63705ce elementor-section-boxed elementor-section-height-default elementor-section-height-default\" data-id=\"63705ce\" data-element_type=\"section\">\n\t\t\t\t\t\t<div class=\"elementor-container elementor-column-gap-default\">\n\t\t\t\t\t<div class=\"elementor-column elementor-col-100 elementor-top-column elementor-element elementor-element-1850644\" data-id=\"1850644\" data-element_type=\"column\">\n\t\t\t<div class=\"elementor-widget-wrap elementor-element-populated\">\n\t\t\t\t\t\t<div class=\"elementor-element elementor-element-70a8c7c elementor-widget elementor-widget-heading\" data-id=\"70a8c7c\" data-element_type=\"widget\" data-widget_type=\"heading.default\">\n\t\t\t\t<div class=\"elementor-widget-container\">\n\t\t\t\t\t<h2 class=\"elementor-heading-title elementor-size-default\">Pol\u00edcia Civil deflagra opera\u00e7\u00e3o \u201cRomeu e Julieta\u201d e prende casal por tr\u00e1fico de drogas em Canasvieiras, na Capital <\/h2>\t\t\t\t<\/div>\n\t\t\t\t<\/div>\n\t\t\t\t\t<\/div>\n\t\t<\/div>\n\t\t\t\t\t<\/div>\n\t\t<\/section>\n\t\t\t\t<section class=\"elementor-section elementor-top-section elementor-element elementor-element-c48e104 elementor-section-boxed elementor-section-height-default elementor-section-height-default\" data-id=\"c48e104\" data-element_type=\"section\">\n\t\t\t\t\t\t<div class=\"elementor-container elementor-column-gap-default\">\n\t\t\t\t\t<div class=\"elementor-column elementor-col-100 elementor-top-column elementor-element elementor-element-c9f9033\" data-id=\"c9f9033\" data-element_type=\"column\">\n\t\t\t<div class=\"elementor-widget-wrap elementor-element-populated\">\n\t\t\t\t\t\t<div class=\"elementor-element elementor-element-34b12e5 elementor-widget elementor-widget-image\" data-id=\"34b12e5\" data-element_type=\"widget\" data-widget_type=\"image.default\">\n\t\t\t\t<div class=\"elementor-widget-container\">\n\t\t\t\t\t\t\t\t\t\t\t\t\t\t\t<img fetchpriority=\"high\" decoding=\"async\" width=\"696\" height=\"583\" src=\"https:\/\/pc.sc.gov.br\/\/wp-content\/uploads\/2024\/05\/52798047036_d7bc95aaed_k-fotor-20231101135311-2.jpg\" class=\"attachment-large size-large wp-image-20481\" alt=\"\" srcset=\"https:\/\/pc.sc.gov.br\/\/wp-content\/uploads\/2024\/05\/52798047036_d7bc95aaed_k-fotor-20231101135311-2.jpg 961w, https:\/\/pc.sc.gov.br\/\/wp-content\/uploads\/2024\/05\/52798047036_d7bc95aaed_k-fotor-20231101135311-2-300x251.jpg 300w, https:\/\/pc.sc.gov.br\/\/wp-content\/uploads\/2024\/05\/52798047036_d7bc95aaed_k-fotor-20231101135311-2-768x643.jpg 768w\" sizes=\"(max-width: 696px) 100vw, 696px\" \/>\t\t\t\t\t\t\t\t\t\t\t\t\t\t\t<\/div>\n\t\t\t\t<\/div>\n\t\t\t\t\t<\/div>\n\t\t<\/div>\n\t\t\t\t\t<\/div>\n\t\t<\/section>\n\t\t\t\t<section class=\"elementor-section elementor-top-section elementor-element elementor-element-806b61d elementor-section-boxed elementor-section-height-default elementor-section-height-default\" data-id=\"806b61d\" data-element_type=\"section\">\n\t\t\t\t\t\t<div class=\"elementor-container elementor-column-gap-default\">\n\t\t\t\t\t<div class=\"elementor-column elementor-col-100 elementor-top-column elementor-element elementor-element-32f39f3\" data-id=\"32f39f3\" data-element_type=\"column\">\n\t\t\t<div class=\"elementor-widget-wrap elementor-element-populated\">\n\t\t\t\t\t\t<div class=\"elementor-element elementor-element-8e74c63 elementor-widget elementor-widget-text-editor\" data-id=\"8e74c63\" data-element_type=\"widget\" data-widget_type=\"text-editor.default\">\n\t\t\t\t<div class=\"elementor-widget-container\">\n\t\t\t\t\t\t\t\t\t<p>Na segunda-feira (17\/06), a Pol\u00edcia Civil de Santa Catarina, por meio da Delegacia de Combate \u00e0s Drogas do Departamento de Investiga\u00e7\u00e3o Criminal de Florian\u00f3polis (DECOD\/DIC), com o apoio da 7\u00aa Delegacia de Pol\u00edcia e da Academia da Pol\u00edcia Civil de SC, realizou uma opera\u00e7\u00e3o no bairro Canasvieiras, no norte da ilha de Florian\u00f3polis. A a\u00e7\u00e3o teve como objetivo prender duas pessoas conhecidas por suas atividades il\u00edcitas de tr\u00e1fico de drogas na regi\u00e3o.<\/p><p>Os envolvidos amea\u00e7avam comerciantes e intimidavam frequentadores, transformando o tr\u00e1fico de drogas em sua principal atividade. Ap\u00f3s investiga\u00e7\u00f5es conduzidas pela DECOD, o Poder Judici\u00e1rio deferiu os mandados de pris\u00e3o cautelar contra ambos, que foram localizados e presos durante a opera\u00e7\u00e3o.<\/p><p>Durante as a\u00e7\u00f5es, a mulher foi encontrada em posse de drogas. Essa a\u00e7\u00e3o faz parte de um esfor\u00e7o cont\u00ednuo da DECOD para combater o impacto negativo que o tr\u00e1fico de drogas tem gerado na comunidade de Canasvieiras.<\/p><p>A DECOD reitera o convite \u00e0 popula\u00e7\u00e3o para que participe. As informa\u00e7\u00f5es podem ser enviadas anonimamente por meio do n\u00famero 181, pelo WhatsApp da Pol\u00edcia Civil de Santa Catarina (48 98844-0011), ou diretamente \u00e0 DECOD.<\/p>\t\t\t\t\t\t\t\t<\/div>\n\t\t\t\t<\/div>\n\t\t\t\t\t<\/div>\n\t\t<\/div>\n\t\t\t\t\t<\/div>\n\t\t<\/section>\n\t\t\t\t<\/div>\n\t\t","protected":false},"excerpt":{"rendered":"<p>Pol\u00edcia Civil deflagra opera\u00e7\u00e3o \u201cRomeu e Julieta\u201d e prende casal por tr\u00e1fico de drogas em Canasvieiras, na Capital Na segunda-feira (17\/06), a Pol\u00edcia Civil de Santa Catarina, por meio da Delegacia de Combate \u00e0s Drogas do Departamento de Investiga\u00e7\u00e3o Criminal de Florian\u00f3polis (DECOD\/DIC), com o apoio da 7\u00aa Delegacia de Pol\u00edcia e da Academia da [&hellip;]<\/p>\n","protected":false},"author":5,"featured_media":20481,"comment_status":"closed","ping_status":"open","sticky":false,"template":"","format":"standard","meta":{"_monsterinsights_skip_tracking":false,"_monsterinsights_sitenote_active":false,"_monsterinsights_sitenote_note":"","_monsterinsights_sitenote_category":0,"footnotes":""},"categories":[1],"tags":[],"class_list":["post-21007","post","type-post","status-publish","format-standard","has-post-thumbnail","hentry","category-sem-categoria"],"_links":{"self":[{"href":"https:\/\/pc.sc.gov.br\/index.php?rest_route=\/wp\/v2\/posts\/21007","targetHints":{"allow":["GET"]}}],"collection":[{"href":"https:\/\/pc.sc.gov.br\/index.php?rest_route=\/wp\/v2\/posts"}],"about":[{"href":"https:\/\/pc.sc.gov.br\/index.php?rest_route=\/wp\/v2\/types\/post"}],"author":[{"embeddable":true,"href":"https:\/\/pc.sc.gov.br\/index.php?rest_route=\/wp\/v2\/users\/5"}],"replies":[{"embeddable":true,"href":"https:\/\/pc.sc.gov.br\/index.php?rest_route=%2Fwp%2Fv2%2Fcomments&post=21007"}],"version-history":[{"count":4,"href":"https:\/\/pc.sc.gov.br\/index.php?rest_route=\/wp\/v2\/posts\/21007\/revisions"}],"predecessor-version":[{"id":21011,"href":"https:\/\/pc.sc.gov.br\/index.php?rest_route=\/wp\/v2\/posts\/21007\/revisions\/21011"}],"wp:featuredmedia":[{"embeddable":true,"href":"https:\/\/pc.sc.gov.br\/index.php?rest_route=\/wp\/v2\/media\/20481"}],"wp:attachment":[{"href":"https:\/\/pc.sc.gov.br\/index.php?rest_route=%2Fwp%2Fv2%2Fmedia&parent=21007"}],"wp:term":[{"taxonomy":"category","embeddable":true,"href":"https:\/\/pc.sc.gov.br\/index.php?rest_route=%2Fwp%2Fv2%2Fcategories&post=21007"},{"taxonomy":"post_tag","embeddable":true,"href":"https:\/\/pc.sc.gov.br\/index.php?rest_route=%2Fwp%2Fv2%2Ftags&post=21007"}],"curies":[{"name":"wp","href":"https:\/\/api.w.org\/{rel}","templated":true}]}}