{"id":2101,"date":"2022-12-08T13:32:00","date_gmt":"2022-12-08T16:32:00","guid":{"rendered":"https:\/\/pc.sc.gov.br\/?p=2101"},"modified":"2022-12-14T11:37:42","modified_gmt":"2022-12-14T14:37:42","slug":"policia-civil-realiza-acao-para-coibir-o-trafico-de-drogas-em-pomerode","status":"publish","type":"post","link":"https:\/\/pc.sc.gov.br\/?p=2101","title":{"rendered":"Pol\u00edcia Civil realiza a\u00e7\u00e3o para coibir o tr\u00e1fico de drogas em Pomerode"},"content":{"rendered":"\t\t<div data-elementor-type=\"wp-post\" data-elementor-id=\"2101\" class=\"elementor elementor-2101\" data-elementor-post-type=\"post\">\n\t\t\t\t\t\t<section class=\"elementor-section elementor-top-section elementor-element elementor-element-b702fc2 elementor-section-boxed elementor-section-height-default elementor-section-height-default\" data-id=\"b702fc2\" data-element_type=\"section\">\n\t\t\t\t\t\t<div class=\"elementor-container elementor-column-gap-default\">\n\t\t\t\t\t<div class=\"elementor-column elementor-col-100 elementor-top-column elementor-element elementor-element-e54c219\" data-id=\"e54c219\" data-element_type=\"column\">\n\t\t\t<div class=\"elementor-widget-wrap elementor-element-populated\">\n\t\t\t\t\t\t<div class=\"elementor-element elementor-element-7d28be2 elementor-widget elementor-widget-heading\" data-id=\"7d28be2\" data-element_type=\"widget\" data-widget_type=\"heading.default\">\n\t\t\t\t<div class=\"elementor-widget-container\">\n\t\t\t\t\t<h2 class=\"elementor-heading-title elementor-size-default\">Pol\u00edcia Civil realiza a\u00e7\u00e3o para coibir o tr\u00e1fico de drogas em Pomerode<\/h2>\t\t\t\t<\/div>\n\t\t\t\t<\/div>\n\t\t\t\t\t<\/div>\n\t\t<\/div>\n\t\t\t\t\t<\/div>\n\t\t<\/section>\n\t\t\t\t<section class=\"elementor-section elementor-top-section elementor-element elementor-element-0423fd3 elementor-section-boxed elementor-section-height-default elementor-section-height-default\" data-id=\"0423fd3\" data-element_type=\"section\">\n\t\t\t\t\t\t<div class=\"elementor-container elementor-column-gap-default\">\n\t\t\t\t\t<div class=\"elementor-column elementor-col-100 elementor-top-column elementor-element elementor-element-7d2800d\" data-id=\"7d2800d\" data-element_type=\"column\">\n\t\t\t<div class=\"elementor-widget-wrap elementor-element-populated\">\n\t\t\t\t\t\t<div class=\"elementor-element elementor-element-1023d37 elementor-widget elementor-widget-image\" data-id=\"1023d37\" data-element_type=\"widget\" data-widget_type=\"image.default\">\n\t\t\t\t<div class=\"elementor-widget-container\">\n\t\t\t\t\t\t\t\t\t\t\t\t\t\t\t<img fetchpriority=\"high\" decoding=\"async\" width=\"696\" height=\"372\" src=\"https:\/\/pc.sc.gov.br\/\/wp-content\/uploads\/2022\/12\/03-3-1024x548.jpg\" class=\"attachment-large size-large wp-image-2085\" alt=\"\" srcset=\"https:\/\/pc.sc.gov.br\/\/wp-content\/uploads\/2022\/12\/03-3-1024x548.jpg 1024w, https:\/\/pc.sc.gov.br\/\/wp-content\/uploads\/2022\/12\/03-3-300x161.jpg 300w, https:\/\/pc.sc.gov.br\/\/wp-content\/uploads\/2022\/12\/03-3-768x411.jpg 768w, https:\/\/pc.sc.gov.br\/\/wp-content\/uploads\/2022\/12\/03-3.jpg 1264w\" sizes=\"(max-width: 696px) 100vw, 696px\" \/>\t\t\t\t\t\t\t\t\t\t\t\t\t\t\t<\/div>\n\t\t\t\t<\/div>\n\t\t\t\t<div class=\"elementor-element elementor-element-ccd4d5b elementor-widget elementor-widget-text-editor\" data-id=\"ccd4d5b\" data-element_type=\"widget\" data-widget_type=\"text-editor.default\">\n\t\t\t\t<div class=\"elementor-widget-container\">\n\t\t\t\t\t\t\t\t\t<p>A Pol\u00edcia Civil, por meio da Delegacia de Pol\u00edcia de Pomerode, em a\u00e7\u00e3o conjunta com a Pol\u00edcia Militar de Santa Catarina, cumpriu nesta quinta-feira (08), mandado de busca e apreens\u00e3o na qual resultou na pris\u00e3o em flagrante de um homem por tr\u00e1fico de drogas, associa\u00e7\u00e3o para o tr\u00e1fico, posse irregular de arma de uso permitido, posse irregular de muni\u00e7\u00e3o de uso permitido, recepta\u00e7\u00e3o e corrup\u00e7\u00e3o de menores.<\/p><p>No interior da resid\u00eancia do investigado, as equipes encontraram uma arma de fogo, muni\u00e7\u00f5es, al\u00e9m de aproximadamente 200 gramas de maconha e 50 gramas de coca\u00edna.<\/p>\t\t\t\t\t\t\t\t<\/div>\n\t\t\t\t<\/div>\n\t\t\t\t\t<\/div>\n\t\t<\/div>\n\t\t\t\t\t<\/div>\n\t\t<\/section>\n\t\t\t\t<\/div>\n\t\t","protected":false},"excerpt":{"rendered":"<p>Pol\u00edcia Civil realiza a\u00e7\u00e3o para coibir o tr\u00e1fico de drogas em Pomerode A Pol\u00edcia Civil, por meio da Delegacia de Pol\u00edcia de Pomerode, em a\u00e7\u00e3o conjunta com a Pol\u00edcia Militar de Santa Catarina, cumpriu nesta quinta-feira (08), mandado de busca e apreens\u00e3o na qual resultou na pris\u00e3o em flagrante de um homem por tr\u00e1fico de [&hellip;]<\/p>\n","protected":false},"author":2,"featured_media":2085,"comment_status":"closed","ping_status":"open","sticky":false,"template":"elementor_header_footer","format":"standard","meta":{"_monsterinsights_skip_tracking":false,"_monsterinsights_sitenote_active":false,"_monsterinsights_sitenote_note":"","_monsterinsights_sitenote_category":0,"footnotes":""},"categories":[1],"tags":[],"class_list":["post-2101","post","type-post","status-publish","format-standard","has-post-thumbnail","hentry","category-sem-categoria"],"_links":{"self":[{"href":"https:\/\/pc.sc.gov.br\/index.php?rest_route=\/wp\/v2\/posts\/2101","targetHints":{"allow":["GET"]}}],"collection":[{"href":"https:\/\/pc.sc.gov.br\/index.php?rest_route=\/wp\/v2\/posts"}],"about":[{"href":"https:\/\/pc.sc.gov.br\/index.php?rest_route=\/wp\/v2\/types\/post"}],"author":[{"embeddable":true,"href":"https:\/\/pc.sc.gov.br\/index.php?rest_route=\/wp\/v2\/users\/2"}],"replies":[{"embeddable":true,"href":"https:\/\/pc.sc.gov.br\/index.php?rest_route=%2Fwp%2Fv2%2Fcomments&post=2101"}],"version-history":[{"count":7,"href":"https:\/\/pc.sc.gov.br\/index.php?rest_route=\/wp\/v2\/posts\/2101\/revisions"}],"predecessor-version":[{"id":2109,"href":"https:\/\/pc.sc.gov.br\/index.php?rest_route=\/wp\/v2\/posts\/2101\/revisions\/2109"}],"wp:featuredmedia":[{"embeddable":true,"href":"https:\/\/pc.sc.gov.br\/index.php?rest_route=\/wp\/v2\/media\/2085"}],"wp:attachment":[{"href":"https:\/\/pc.sc.gov.br\/index.php?rest_route=%2Fwp%2Fv2%2Fmedia&parent=2101"}],"wp:term":[{"taxonomy":"category","embeddable":true,"href":"https:\/\/pc.sc.gov.br\/index.php?rest_route=%2Fwp%2Fv2%2Fcategories&post=2101"},{"taxonomy":"post_tag","embeddable":true,"href":"https:\/\/pc.sc.gov.br\/index.php?rest_route=%2Fwp%2Fv2%2Ftags&post=2101"}],"curies":[{"name":"wp","href":"https:\/\/api.w.org\/{rel}","templated":true}]}}