{"id":21025,"date":"2024-06-18T15:38:36","date_gmt":"2024-06-18T18:38:36","guid":{"rendered":"https:\/\/pc.sc.gov.br\/?p=21025"},"modified":"2024-06-18T15:39:29","modified_gmt":"2024-06-18T18:39:29","slug":"policia-civil-recupera-cachorra-desaparecida-em-curitibanos-e-a-devolve-a-tutora","status":"publish","type":"post","link":"https:\/\/pc.sc.gov.br\/?p=21025","title":{"rendered":"Pol\u00edcia Civil recupera cachorra desaparecida em Curitibanos e a devolve \u00e0 tutora"},"content":{"rendered":"\t\t<div data-elementor-type=\"wp-post\" data-elementor-id=\"21025\" class=\"elementor elementor-21025\" data-elementor-post-type=\"post\">\n\t\t\t\t\t\t<section class=\"elementor-section elementor-top-section elementor-element elementor-element-a2820ec elementor-section-boxed elementor-section-height-default elementor-section-height-default\" data-id=\"a2820ec\" data-element_type=\"section\">\n\t\t\t\t\t\t<div class=\"elementor-container elementor-column-gap-default\">\n\t\t\t\t\t<div class=\"elementor-column elementor-col-100 elementor-top-column elementor-element elementor-element-e677a09\" data-id=\"e677a09\" data-element_type=\"column\">\n\t\t\t<div class=\"elementor-widget-wrap elementor-element-populated\">\n\t\t\t\t\t\t<div class=\"elementor-element elementor-element-e5bda5c elementor-widget elementor-widget-heading\" data-id=\"e5bda5c\" data-element_type=\"widget\" data-widget_type=\"heading.default\">\n\t\t\t\t<div class=\"elementor-widget-container\">\n\t\t\t\t\t<h2 class=\"elementor-heading-title elementor-size-default\">Pol\u00edcia Civil recupera cachorra desaparecida em Curitibanos e a devolve \u00e0 tutora <\/h2>\t\t\t\t<\/div>\n\t\t\t\t<\/div>\n\t\t\t\t\t<\/div>\n\t\t<\/div>\n\t\t\t\t\t<\/div>\n\t\t<\/section>\n\t\t\t\t<section class=\"elementor-section elementor-top-section elementor-element elementor-element-0baf4d9 elementor-section-boxed elementor-section-height-default elementor-section-height-default\" data-id=\"0baf4d9\" data-element_type=\"section\">\n\t\t\t\t\t\t<div class=\"elementor-container elementor-column-gap-default\">\n\t\t\t\t\t<div class=\"elementor-column elementor-col-100 elementor-top-column elementor-element elementor-element-781a18a\" data-id=\"781a18a\" data-element_type=\"column\">\n\t\t\t<div class=\"elementor-widget-wrap elementor-element-populated\">\n\t\t\t\t\t\t<div class=\"elementor-element elementor-element-219ffc2 elementor-widget elementor-widget-image\" data-id=\"219ffc2\" data-element_type=\"widget\" data-widget_type=\"image.default\">\n\t\t\t\t<div class=\"elementor-widget-container\">\n\t\t\t\t\t\t\t\t\t\t\t\t\t\t\t<img fetchpriority=\"high\" decoding=\"async\" width=\"522\" height=\"1024\" src=\"https:\/\/pc.sc.gov.br\/\/wp-content\/uploads\/2024\/06\/WhatsApp-Image-2024-06-18-at-15.05.04-522x1024.jpeg\" class=\"attachment-large size-large wp-image-21026\" alt=\"\" srcset=\"https:\/\/pc.sc.gov.br\/\/wp-content\/uploads\/2024\/06\/WhatsApp-Image-2024-06-18-at-15.05.04-522x1024.jpeg 522w, https:\/\/pc.sc.gov.br\/\/wp-content\/uploads\/2024\/06\/WhatsApp-Image-2024-06-18-at-15.05.04-153x300.jpeg 153w, https:\/\/pc.sc.gov.br\/\/wp-content\/uploads\/2024\/06\/WhatsApp-Image-2024-06-18-at-15.05.04.jpeg 653w\" sizes=\"(max-width: 522px) 100vw, 522px\" \/>\t\t\t\t\t\t\t\t\t\t\t\t\t\t\t<\/div>\n\t\t\t\t<\/div>\n\t\t\t\t\t<\/div>\n\t\t<\/div>\n\t\t\t\t\t<\/div>\n\t\t<\/section>\n\t\t\t\t<section class=\"elementor-section elementor-top-section elementor-element elementor-element-7ffde88 elementor-section-boxed elementor-section-height-default elementor-section-height-default\" data-id=\"7ffde88\" data-element_type=\"section\">\n\t\t\t\t\t\t<div class=\"elementor-container elementor-column-gap-default\">\n\t\t\t\t\t<div class=\"elementor-column elementor-col-100 elementor-top-column elementor-element elementor-element-6586ad8\" data-id=\"6586ad8\" data-element_type=\"column\">\n\t\t\t<div class=\"elementor-widget-wrap elementor-element-populated\">\n\t\t\t\t\t\t<div class=\"elementor-element elementor-element-ab39b0b elementor-widget elementor-widget-text-editor\" data-id=\"ab39b0b\" data-element_type=\"widget\" data-widget_type=\"text-editor.default\">\n\t\t\t\t<div class=\"elementor-widget-container\">\n\t\t\t\t\t\t\t\t\t<p>Na segunda-feira (17\/06), a Pol\u00edcia Civil de Santa Catarina, por meio da Delegacia de Pol\u00edcia da Comarca de Curitibanos, recuperou uma cachorrinha da ra\u00e7a Pug, de 9 anos de idade, que estava desaparecida h\u00e1 dois meses. Ap\u00f3s dilig\u00eancias, os policiais encontraram a cadela em uma propriedade do interior de Brun\u00f3polis, sendo ent\u00e3o resgatada e devolvida \u00e0 tutora.<\/p><p>A Pol\u00edcia Civil ressalta aos cidad\u00e3os que, caso encontre algum animal, devolva-o imediatamente para o seu tutor. Quando algu\u00e9m resolve ficar com animais dos outros gera sofrimento tanto para o animal tanto para o seu tutor.<\/p><p><strong>Entenda o caso<\/strong><\/p><p>A cachorrinha havia fugido de casa h\u00e1 cerca de dois meses e estava desaparecida at\u00e9 ent\u00e3o. A tutora recebeu um v\u00eddeo da Pug brincando em um c\u00f4modo de uma casa e um pedido de recompensa de R$ 1 mil.<\/p><p>O v\u00eddeo foi enviado para a Pol\u00edcia Civil, que identificou a resid\u00eancia e procurou o propriet\u00e1rio da casa. No primeiro momento, ele negou que estava com a cachorra, mas depois ele admitiu que sim e levou os policiais at\u00e9 onde a cachorrinha estava \u2013 na cidade vizinha de Brun\u00f3polis.<\/p><p>A DPCO de Curitibanos est\u00e1 trabalhando para elucida\u00e7\u00e3o e poss\u00edvel responsabiliza\u00e7\u00e3o acerca do fato.<\/p>\t\t\t\t\t\t\t\t<\/div>\n\t\t\t\t<\/div>\n\t\t\t\t\t<\/div>\n\t\t<\/div>\n\t\t\t\t\t<\/div>\n\t\t<\/section>\n\t\t\t\t<\/div>\n\t\t","protected":false},"excerpt":{"rendered":"<p>Pol\u00edcia Civil recupera cachorra desaparecida em Curitibanos e a devolve \u00e0 tutora Na segunda-feira (17\/06), a Pol\u00edcia Civil de Santa Catarina, por meio da Delegacia de Pol\u00edcia da Comarca de Curitibanos, recuperou uma cachorrinha da ra\u00e7a Pug, de 9 anos de idade, que estava desaparecida h\u00e1 dois meses. Ap\u00f3s dilig\u00eancias, os policiais encontraram a cadela [&hellip;]<\/p>\n","protected":false},"author":5,"featured_media":21026,"comment_status":"closed","ping_status":"open","sticky":false,"template":"","format":"standard","meta":{"_monsterinsights_skip_tracking":false,"_monsterinsights_sitenote_active":false,"_monsterinsights_sitenote_note":"","_monsterinsights_sitenote_category":0,"footnotes":""},"categories":[1],"tags":[],"class_list":["post-21025","post","type-post","status-publish","format-standard","has-post-thumbnail","hentry","category-sem-categoria"],"_links":{"self":[{"href":"https:\/\/pc.sc.gov.br\/index.php?rest_route=\/wp\/v2\/posts\/21025","targetHints":{"allow":["GET"]}}],"collection":[{"href":"https:\/\/pc.sc.gov.br\/index.php?rest_route=\/wp\/v2\/posts"}],"about":[{"href":"https:\/\/pc.sc.gov.br\/index.php?rest_route=\/wp\/v2\/types\/post"}],"author":[{"embeddable":true,"href":"https:\/\/pc.sc.gov.br\/index.php?rest_route=\/wp\/v2\/users\/5"}],"replies":[{"embeddable":true,"href":"https:\/\/pc.sc.gov.br\/index.php?rest_route=%2Fwp%2Fv2%2Fcomments&post=21025"}],"version-history":[{"count":4,"href":"https:\/\/pc.sc.gov.br\/index.php?rest_route=\/wp\/v2\/posts\/21025\/revisions"}],"predecessor-version":[{"id":21030,"href":"https:\/\/pc.sc.gov.br\/index.php?rest_route=\/wp\/v2\/posts\/21025\/revisions\/21030"}],"wp:featuredmedia":[{"embeddable":true,"href":"https:\/\/pc.sc.gov.br\/index.php?rest_route=\/wp\/v2\/media\/21026"}],"wp:attachment":[{"href":"https:\/\/pc.sc.gov.br\/index.php?rest_route=%2Fwp%2Fv2%2Fmedia&parent=21025"}],"wp:term":[{"taxonomy":"category","embeddable":true,"href":"https:\/\/pc.sc.gov.br\/index.php?rest_route=%2Fwp%2Fv2%2Fcategories&post=21025"},{"taxonomy":"post_tag","embeddable":true,"href":"https:\/\/pc.sc.gov.br\/index.php?rest_route=%2Fwp%2Fv2%2Ftags&post=21025"}],"curies":[{"name":"wp","href":"https:\/\/api.w.org\/{rel}","templated":true}]}}