{"id":21031,"date":"2024-06-18T16:43:46","date_gmt":"2024-06-18T19:43:46","guid":{"rendered":"https:\/\/pc.sc.gov.br\/?p=21031"},"modified":"2024-06-18T16:45:18","modified_gmt":"2024-06-18T19:45:18","slug":"pcsc-prende-homem-por-descumprimento-de-medida-protetiva-em-indaial","status":"publish","type":"post","link":"https:\/\/pc.sc.gov.br\/?p=21031","title":{"rendered":"PCSC prende homem por descumprimento de medida protetiva em Indaial"},"content":{"rendered":"\t\t<div data-elementor-type=\"wp-post\" data-elementor-id=\"21031\" class=\"elementor elementor-21031\" data-elementor-post-type=\"post\">\n\t\t\t\t\t\t<section class=\"elementor-section elementor-top-section elementor-element elementor-element-2e22227 elementor-section-boxed elementor-section-height-default elementor-section-height-default\" data-id=\"2e22227\" data-element_type=\"section\">\n\t\t\t\t\t\t<div class=\"elementor-container elementor-column-gap-default\">\n\t\t\t\t\t<div class=\"elementor-column elementor-col-100 elementor-top-column elementor-element elementor-element-704aa15\" data-id=\"704aa15\" data-element_type=\"column\">\n\t\t\t<div class=\"elementor-widget-wrap elementor-element-populated\">\n\t\t\t\t\t\t<div class=\"elementor-element elementor-element-4821244 elementor-widget elementor-widget-heading\" data-id=\"4821244\" data-element_type=\"widget\" data-widget_type=\"heading.default\">\n\t\t\t\t<div class=\"elementor-widget-container\">\n\t\t\t\t\t<h2 class=\"elementor-heading-title elementor-size-default\">PCSC prende homem por descumprimento de medida protetiva em Indaial<\/h2>\t\t\t\t<\/div>\n\t\t\t\t<\/div>\n\t\t\t\t\t<\/div>\n\t\t<\/div>\n\t\t\t\t\t<\/div>\n\t\t<\/section>\n\t\t\t\t<section class=\"elementor-section elementor-top-section elementor-element elementor-element-b4a65fa elementor-section-boxed elementor-section-height-default elementor-section-height-default\" data-id=\"b4a65fa\" data-element_type=\"section\">\n\t\t\t\t\t\t<div class=\"elementor-container elementor-column-gap-default\">\n\t\t\t\t\t<div class=\"elementor-column elementor-col-100 elementor-top-column elementor-element elementor-element-2d7eb36\" data-id=\"2d7eb36\" data-element_type=\"column\">\n\t\t\t<div class=\"elementor-widget-wrap elementor-element-populated\">\n\t\t\t\t\t\t<div class=\"elementor-element elementor-element-0086650 elementor-widget elementor-widget-image\" data-id=\"0086650\" data-element_type=\"widget\" data-widget_type=\"image.default\">\n\t\t\t\t<div class=\"elementor-widget-container\">\n\t\t\t\t\t\t\t\t\t\t\t\t\t\t\t<img fetchpriority=\"high\" decoding=\"async\" width=\"696\" height=\"522\" src=\"https:\/\/pc.sc.gov.br\/\/wp-content\/uploads\/2024\/06\/eacd72fa-0804-42f0-aa71-bf384b15a742-fotor-20240618163734-1024x768.jpg\" class=\"attachment-large size-large wp-image-21032\" alt=\"\" srcset=\"https:\/\/pc.sc.gov.br\/\/wp-content\/uploads\/2024\/06\/eacd72fa-0804-42f0-aa71-bf384b15a742-fotor-20240618163734-1024x768.jpg 1024w, https:\/\/pc.sc.gov.br\/\/wp-content\/uploads\/2024\/06\/eacd72fa-0804-42f0-aa71-bf384b15a742-fotor-20240618163734-300x225.jpg 300w, https:\/\/pc.sc.gov.br\/\/wp-content\/uploads\/2024\/06\/eacd72fa-0804-42f0-aa71-bf384b15a742-fotor-20240618163734-768x576.jpg 768w, https:\/\/pc.sc.gov.br\/\/wp-content\/uploads\/2024\/06\/eacd72fa-0804-42f0-aa71-bf384b15a742-fotor-20240618163734.jpg 1280w\" sizes=\"(max-width: 696px) 100vw, 696px\" \/>\t\t\t\t\t\t\t\t\t\t\t\t\t\t\t<\/div>\n\t\t\t\t<\/div>\n\t\t\t\t\t<\/div>\n\t\t<\/div>\n\t\t\t\t\t<\/div>\n\t\t<\/section>\n\t\t\t\t<section class=\"elementor-section elementor-top-section elementor-element elementor-element-f72815d elementor-section-boxed elementor-section-height-default elementor-section-height-default\" data-id=\"f72815d\" data-element_type=\"section\">\n\t\t\t\t\t\t<div class=\"elementor-container elementor-column-gap-default\">\n\t\t\t\t\t<div class=\"elementor-column elementor-col-100 elementor-top-column elementor-element elementor-element-c1a1a5f\" data-id=\"c1a1a5f\" data-element_type=\"column\">\n\t\t\t<div class=\"elementor-widget-wrap elementor-element-populated\">\n\t\t\t\t\t\t<div class=\"elementor-element elementor-element-f35f255 elementor-widget elementor-widget-text-editor\" data-id=\"f35f255\" data-element_type=\"widget\" data-widget_type=\"text-editor.default\">\n\t\t\t\t<div class=\"elementor-widget-container\">\n\t\t\t\t\t\t\t\t\t<p>Na tarde desta ter\u00e7a-feira (18), a Pol\u00edcia Civil de Santa Catarina, por meio da Delegacia da Comarca de Indaial, realizou o cumprimento do mandado de pris\u00e3o preventiva em desfavor de um homem, em raz\u00e3o da pr\u00e1tica do crime de descumprimento de medida protetiva de urg\u00eancia, delito este previsto no art. 24-A, da Lei Maria da Penha.<\/p>\n<p>O mandado foi expedido pela Vara Criminal de Capanema (PR), do Poder Judici\u00e1rio do Estado do Paran\u00e1. O suspeito localizado e preso pelo Setor de Investiga\u00e7\u00e3o da Delegacia de Indaial.<\/p>\n<p>Ap\u00f3s os procedimentos legais, o preso foi encaminhado ao pres\u00eddio e, dever\u00e1 ser submetido \u00e0 audi\u00eancia de cust\u00f3dia nas pr\u00f3ximas 24 horas, ficando, desta forma, \u00e0 disposi\u00e7\u00e3o do Poder Judici\u00e1rio.<\/p>\n<p>Fa\u00e7a sua den\u00fancia an\u00f4nima online&nbsp;<a href=\"https:\/\/denuncias.pc.sc.gov.br\/\" target=\"_blank\">aqui<\/a>.&nbsp;<\/p>\n<div>&nbsp;<\/div>\t\t\t\t\t\t\t\t<\/div>\n\t\t\t\t<\/div>\n\t\t\t\t\t<\/div>\n\t\t<\/div>\n\t\t\t\t\t<\/div>\n\t\t<\/section>\n\t\t\t\t<\/div>\n\t\t","protected":false},"excerpt":{"rendered":"<p>PCSC prende homem por descumprimento de medida protetiva em Indaial Na tarde desta ter\u00e7a-feira (18), a Pol\u00edcia Civil de Santa Catarina, por meio da Delegacia da Comarca de Indaial, realizou o cumprimento do mandado de pris\u00e3o preventiva em desfavor de um homem, em raz\u00e3o da pr\u00e1tica do crime de descumprimento de medida protetiva de urg\u00eancia, [&hellip;]<\/p>\n","protected":false},"author":5,"featured_media":21032,"comment_status":"closed","ping_status":"open","sticky":false,"template":"","format":"standard","meta":{"_monsterinsights_skip_tracking":false,"_monsterinsights_sitenote_active":false,"_monsterinsights_sitenote_note":"","_monsterinsights_sitenote_category":0,"footnotes":""},"categories":[1],"tags":[],"class_list":["post-21031","post","type-post","status-publish","format-standard","has-post-thumbnail","hentry","category-sem-categoria"],"_links":{"self":[{"href":"https:\/\/pc.sc.gov.br\/index.php?rest_route=\/wp\/v2\/posts\/21031","targetHints":{"allow":["GET"]}}],"collection":[{"href":"https:\/\/pc.sc.gov.br\/index.php?rest_route=\/wp\/v2\/posts"}],"about":[{"href":"https:\/\/pc.sc.gov.br\/index.php?rest_route=\/wp\/v2\/types\/post"}],"author":[{"embeddable":true,"href":"https:\/\/pc.sc.gov.br\/index.php?rest_route=\/wp\/v2\/users\/5"}],"replies":[{"embeddable":true,"href":"https:\/\/pc.sc.gov.br\/index.php?rest_route=%2Fwp%2Fv2%2Fcomments&post=21031"}],"version-history":[{"count":4,"href":"https:\/\/pc.sc.gov.br\/index.php?rest_route=\/wp\/v2\/posts\/21031\/revisions"}],"predecessor-version":[{"id":21036,"href":"https:\/\/pc.sc.gov.br\/index.php?rest_route=\/wp\/v2\/posts\/21031\/revisions\/21036"}],"wp:featuredmedia":[{"embeddable":true,"href":"https:\/\/pc.sc.gov.br\/index.php?rest_route=\/wp\/v2\/media\/21032"}],"wp:attachment":[{"href":"https:\/\/pc.sc.gov.br\/index.php?rest_route=%2Fwp%2Fv2%2Fmedia&parent=21031"}],"wp:term":[{"taxonomy":"category","embeddable":true,"href":"https:\/\/pc.sc.gov.br\/index.php?rest_route=%2Fwp%2Fv2%2Fcategories&post=21031"},{"taxonomy":"post_tag","embeddable":true,"href":"https:\/\/pc.sc.gov.br\/index.php?rest_route=%2Fwp%2Fv2%2Ftags&post=21031"}],"curies":[{"name":"wp","href":"https:\/\/api.w.org\/{rel}","templated":true}]}}