{"id":21037,"date":"2024-06-18T17:51:30","date_gmt":"2024-06-18T20:51:30","guid":{"rendered":"https:\/\/pc.sc.gov.br\/?p=21037"},"modified":"2024-06-18T17:52:46","modified_gmt":"2024-06-18T20:52:46","slug":"policia-civil-prende-foragido-pelos-crimes-de-homicidio-roubo-e-associacao-criminosa-praticados-em-sergipe","status":"publish","type":"post","link":"https:\/\/pc.sc.gov.br\/?p=21037","title":{"rendered":"Pol\u00edcia Civil prende foragido pelos crimes de homic\u00eddio, roubo e associa\u00e7\u00e3o criminosa praticados em Sergipe"},"content":{"rendered":"\t\t<div data-elementor-type=\"wp-post\" data-elementor-id=\"21037\" class=\"elementor elementor-21037\" data-elementor-post-type=\"post\">\n\t\t\t\t\t\t<section class=\"elementor-section elementor-top-section elementor-element elementor-element-85c6c40 elementor-section-boxed elementor-section-height-default elementor-section-height-default\" data-id=\"85c6c40\" data-element_type=\"section\">\n\t\t\t\t\t\t<div class=\"elementor-container elementor-column-gap-default\">\n\t\t\t\t\t<div class=\"elementor-column elementor-col-100 elementor-top-column elementor-element elementor-element-323d765\" data-id=\"323d765\" data-element_type=\"column\">\n\t\t\t<div class=\"elementor-widget-wrap elementor-element-populated\">\n\t\t\t\t\t\t<div class=\"elementor-element elementor-element-53e5c46 elementor-widget elementor-widget-heading\" data-id=\"53e5c46\" data-element_type=\"widget\" data-widget_type=\"heading.default\">\n\t\t\t\t<div class=\"elementor-widget-container\">\n\t\t\t\t\t<h2 class=\"elementor-heading-title elementor-size-default\">Pol\u00edcia Civil prende foragido pelos crimes de homic\u00eddio, roubo e associa\u00e7\u00e3o criminosa praticados em Sergipe<\/h2>\t\t\t\t<\/div>\n\t\t\t\t<\/div>\n\t\t\t\t\t<\/div>\n\t\t<\/div>\n\t\t\t\t\t<\/div>\n\t\t<\/section>\n\t\t\t\t<section class=\"elementor-section elementor-top-section elementor-element elementor-element-69673ff elementor-section-boxed elementor-section-height-default elementor-section-height-default\" data-id=\"69673ff\" data-element_type=\"section\">\n\t\t\t\t\t\t<div class=\"elementor-container elementor-column-gap-default\">\n\t\t\t\t\t<div class=\"elementor-column elementor-col-100 elementor-top-column elementor-element elementor-element-7266a5b\" data-id=\"7266a5b\" data-element_type=\"column\">\n\t\t\t<div class=\"elementor-widget-wrap elementor-element-populated\">\n\t\t\t\t\t\t<div class=\"elementor-element elementor-element-e52eed1 elementor-widget elementor-widget-image\" data-id=\"e52eed1\" data-element_type=\"widget\" data-widget_type=\"image.default\">\n\t\t\t\t<div class=\"elementor-widget-container\">\n\t\t\t\t\t\t\t\t\t\t\t\t\t\t\t<img fetchpriority=\"high\" decoding=\"async\" width=\"696\" height=\"529\" src=\"https:\/\/pc.sc.gov.br\/\/wp-content\/uploads\/2024\/06\/WhatsApp-Image-2024-01-30-at-16.33.05-fotor-202405031461-1.jpg\" class=\"attachment-large size-large wp-image-21038\" alt=\"\" srcset=\"https:\/\/pc.sc.gov.br\/\/wp-content\/uploads\/2024\/06\/WhatsApp-Image-2024-01-30-at-16.33.05-fotor-202405031461-1.jpg 969w, https:\/\/pc.sc.gov.br\/\/wp-content\/uploads\/2024\/06\/WhatsApp-Image-2024-01-30-at-16.33.05-fotor-202405031461-1-300x228.jpg 300w, https:\/\/pc.sc.gov.br\/\/wp-content\/uploads\/2024\/06\/WhatsApp-Image-2024-01-30-at-16.33.05-fotor-202405031461-1-768x583.jpg 768w\" sizes=\"(max-width: 696px) 100vw, 696px\" \/>\t\t\t\t\t\t\t\t\t\t\t\t\t\t\t<\/div>\n\t\t\t\t<\/div>\n\t\t\t\t\t<\/div>\n\t\t<\/div>\n\t\t\t\t\t<\/div>\n\t\t<\/section>\n\t\t\t\t<section class=\"elementor-section elementor-top-section elementor-element elementor-element-3072ec9 elementor-section-boxed elementor-section-height-default elementor-section-height-default\" data-id=\"3072ec9\" data-element_type=\"section\">\n\t\t\t\t\t\t<div class=\"elementor-container elementor-column-gap-default\">\n\t\t\t\t\t<div class=\"elementor-column elementor-col-100 elementor-top-column elementor-element elementor-element-06c8c0f\" data-id=\"06c8c0f\" data-element_type=\"column\">\n\t\t\t<div class=\"elementor-widget-wrap elementor-element-populated\">\n\t\t\t\t\t\t<div class=\"elementor-element elementor-element-7090a3b elementor-widget elementor-widget-text-editor\" data-id=\"7090a3b\" data-element_type=\"widget\" data-widget_type=\"text-editor.default\">\n\t\t\t\t<div class=\"elementor-widget-container\">\n\t\t\t\t\t\t\t\t\t<p>A Pol\u00edcia Civil de Santa Catarina, por interm\u00e9dio da Divis\u00e3o de Investiga\u00e7\u00e3o Criminal (DIC) de Blumenau, prendeu nesta ter\u00e7a-feira (18) um homem, extremamente perigoso, que estava foragido com dois mandados de pris\u00e3o expedidos pela Justi\u00e7a Sergipana desde o ano de 2020 pelos crimes de homic\u00eddio, roubo e associa\u00e7\u00e3o criminosa ocorridos na cidade de Japaratuba (SE).\u00a0<\/p><p>O investigado que j\u00e1 havia cumprido mais de 10 anos de pris\u00e3o por outros crimes contra a vida, tamb\u00e9m naquele estado, passou a residir em Santa Catarina h\u00e1 mais de tr\u00eas anos. Ele foi localizado em sua resid\u00eancia, no bairro Itoupava Central, onde tomou ci\u00eancia do teor dos dois mandados de pris\u00e3o em aberto. Em seguida foi conduzido para sede da DIC, depois encaminhado ao Pres\u00eddio Regional de Blumenau, ficando a disposi\u00e7\u00e3o do Poder Judici\u00e1rio.<\/p>\t\t\t\t\t\t\t\t<\/div>\n\t\t\t\t<\/div>\n\t\t\t\t\t<\/div>\n\t\t<\/div>\n\t\t\t\t\t<\/div>\n\t\t<\/section>\n\t\t\t\t<\/div>\n\t\t","protected":false},"excerpt":{"rendered":"<p>Pol\u00edcia Civil prende foragido pelos crimes de homic\u00eddio, roubo e associa\u00e7\u00e3o criminosa praticados em Sergipe A Pol\u00edcia Civil de Santa Catarina, por interm\u00e9dio da Divis\u00e3o de Investiga\u00e7\u00e3o Criminal (DIC) de Blumenau, prendeu nesta ter\u00e7a-feira (18) um homem, extremamente perigoso, que estava foragido com dois mandados de pris\u00e3o expedidos pela Justi\u00e7a Sergipana desde o ano de [&hellip;]<\/p>\n","protected":false},"author":5,"featured_media":21038,"comment_status":"closed","ping_status":"open","sticky":false,"template":"","format":"standard","meta":{"_monsterinsights_skip_tracking":false,"_monsterinsights_sitenote_active":false,"_monsterinsights_sitenote_note":"","_monsterinsights_sitenote_category":0,"footnotes":""},"categories":[1],"tags":[],"class_list":["post-21037","post","type-post","status-publish","format-standard","has-post-thumbnail","hentry","category-sem-categoria"],"_links":{"self":[{"href":"https:\/\/pc.sc.gov.br\/index.php?rest_route=\/wp\/v2\/posts\/21037","targetHints":{"allow":["GET"]}}],"collection":[{"href":"https:\/\/pc.sc.gov.br\/index.php?rest_route=\/wp\/v2\/posts"}],"about":[{"href":"https:\/\/pc.sc.gov.br\/index.php?rest_route=\/wp\/v2\/types\/post"}],"author":[{"embeddable":true,"href":"https:\/\/pc.sc.gov.br\/index.php?rest_route=\/wp\/v2\/users\/5"}],"replies":[{"embeddable":true,"href":"https:\/\/pc.sc.gov.br\/index.php?rest_route=%2Fwp%2Fv2%2Fcomments&post=21037"}],"version-history":[{"count":3,"href":"https:\/\/pc.sc.gov.br\/index.php?rest_route=\/wp\/v2\/posts\/21037\/revisions"}],"predecessor-version":[{"id":21041,"href":"https:\/\/pc.sc.gov.br\/index.php?rest_route=\/wp\/v2\/posts\/21037\/revisions\/21041"}],"wp:featuredmedia":[{"embeddable":true,"href":"https:\/\/pc.sc.gov.br\/index.php?rest_route=\/wp\/v2\/media\/21038"}],"wp:attachment":[{"href":"https:\/\/pc.sc.gov.br\/index.php?rest_route=%2Fwp%2Fv2%2Fmedia&parent=21037"}],"wp:term":[{"taxonomy":"category","embeddable":true,"href":"https:\/\/pc.sc.gov.br\/index.php?rest_route=%2Fwp%2Fv2%2Fcategories&post=21037"},{"taxonomy":"post_tag","embeddable":true,"href":"https:\/\/pc.sc.gov.br\/index.php?rest_route=%2Fwp%2Fv2%2Ftags&post=21037"}],"curies":[{"name":"wp","href":"https:\/\/api.w.org\/{rel}","templated":true}]}}