{"id":21061,"date":"2024-06-19T13:06:44","date_gmt":"2024-06-19T16:06:44","guid":{"rendered":"https:\/\/pc.sc.gov.br\/?p=21061"},"modified":"2024-06-19T13:07:27","modified_gmt":"2024-06-19T16:07:27","slug":"policia-civil-prende-suspeito-de-diversos-furtos-de-cabos-de-energia-eletrica-em-tubarao","status":"publish","type":"post","link":"https:\/\/pc.sc.gov.br\/?p=21061","title":{"rendered":"Pol\u00edcia Civil prende suspeito de diversos furtos de cabos de energia el\u00e9trica em Tubar\u00e3o"},"content":{"rendered":"\t\t<div data-elementor-type=\"wp-post\" data-elementor-id=\"21061\" class=\"elementor elementor-21061\" data-elementor-post-type=\"post\">\n\t\t\t\t\t\t<section class=\"elementor-section elementor-top-section elementor-element elementor-element-12fc4f9 elementor-section-boxed elementor-section-height-default elementor-section-height-default\" data-id=\"12fc4f9\" data-element_type=\"section\">\n\t\t\t\t\t\t<div class=\"elementor-container elementor-column-gap-default\">\n\t\t\t\t\t<div class=\"elementor-column elementor-col-100 elementor-top-column elementor-element elementor-element-0117b67\" data-id=\"0117b67\" data-element_type=\"column\">\n\t\t\t<div class=\"elementor-widget-wrap elementor-element-populated\">\n\t\t\t\t\t\t<div class=\"elementor-element elementor-element-0d20a7b elementor-widget elementor-widget-heading\" data-id=\"0d20a7b\" data-element_type=\"widget\" data-widget_type=\"heading.default\">\n\t\t\t\t<div class=\"elementor-widget-container\">\n\t\t\t\t\t<h2 class=\"elementor-heading-title elementor-size-default\">Pol\u00edcia Civil prende suspeito de diversos furtos de cabos de energia el\u00e9trica em Tubar\u00e3o<\/h2>\t\t\t\t<\/div>\n\t\t\t\t<\/div>\n\t\t\t\t\t<\/div>\n\t\t<\/div>\n\t\t\t\t\t<\/div>\n\t\t<\/section>\n\t\t\t\t<section class=\"elementor-section elementor-top-section elementor-element elementor-element-f038069 elementor-section-boxed elementor-section-height-default elementor-section-height-default\" data-id=\"f038069\" data-element_type=\"section\">\n\t\t\t\t\t\t<div class=\"elementor-container elementor-column-gap-default\">\n\t\t\t\t\t<div class=\"elementor-column elementor-col-100 elementor-top-column elementor-element elementor-element-c1351b0\" data-id=\"c1351b0\" data-element_type=\"column\">\n\t\t\t<div class=\"elementor-widget-wrap elementor-element-populated\">\n\t\t\t\t\t\t<div class=\"elementor-element elementor-element-47a0ecb elementor-widget elementor-widget-image\" data-id=\"47a0ecb\" data-element_type=\"widget\" data-widget_type=\"image.default\">\n\t\t\t\t<div class=\"elementor-widget-container\">\n\t\t\t\t\t\t\t\t\t\t\t\t\t\t\t<img fetchpriority=\"high\" decoding=\"async\" width=\"602\" height=\"510\" src=\"https:\/\/pc.sc.gov.br\/\/wp-content\/uploads\/2023\/11\/DIC-DE-TUBARAO.jpeg\" class=\"attachment-large size-large wp-image-15637\" alt=\"\" srcset=\"https:\/\/pc.sc.gov.br\/\/wp-content\/uploads\/2023\/11\/DIC-DE-TUBARAO.jpeg 602w, https:\/\/pc.sc.gov.br\/\/wp-content\/uploads\/2023\/11\/DIC-DE-TUBARAO-300x254.jpeg 300w\" sizes=\"(max-width: 602px) 100vw, 602px\" \/>\t\t\t\t\t\t\t\t\t\t\t\t\t\t\t<\/div>\n\t\t\t\t<\/div>\n\t\t\t\t\t<\/div>\n\t\t<\/div>\n\t\t\t\t\t<\/div>\n\t\t<\/section>\n\t\t\t\t<section class=\"elementor-section elementor-top-section elementor-element elementor-element-f26701f elementor-section-boxed elementor-section-height-default elementor-section-height-default\" data-id=\"f26701f\" data-element_type=\"section\">\n\t\t\t\t\t\t<div class=\"elementor-container elementor-column-gap-default\">\n\t\t\t\t\t<div class=\"elementor-column elementor-col-100 elementor-top-column elementor-element elementor-element-2dfd771\" data-id=\"2dfd771\" data-element_type=\"column\">\n\t\t\t<div class=\"elementor-widget-wrap elementor-element-populated\">\n\t\t\t\t\t\t<div class=\"elementor-element elementor-element-c9a1ca3 elementor-widget elementor-widget-text-editor\" data-id=\"c9a1ca3\" data-element_type=\"widget\" data-widget_type=\"text-editor.default\">\n\t\t\t\t<div class=\"elementor-widget-container\">\n\t\t\t\t\t\t\t\t\t<p>A Pol\u00edcia Civil de Santa Catarina, por meio da Divis\u00e3o de Investiga\u00e7\u00e3o Criminal de Tubar\u00e3o, na tarde da ter\u00e7a-feira (18\/06), deu cumprimento ao mandado de pris\u00e3o preventiva em desfavor de um indiv\u00edduo suspeito de diversos furtos de cabos de energia el\u00e9trica ocorridos na cidade de Tubar\u00e3o.<\/p><p>A Pol\u00edcia Civil de Santa Catarina tomou conhecimento de alguns furtos ocorridos na cidade de Tubar\u00e3o e, ap\u00f3s a coleta de imagens, a DIC de Tubar\u00e3o identificou o autor como sendo um indiv\u00edduo com cerca de 8 passagens policiais.<\/p><p>\u00c9 importante ressaltar que a DIC de Tubar\u00e3o vem sendo demandada diuturnamente por furtos de fia\u00e7\u00e3o el\u00e9trica e outros itens afins. Nesse sentido, os investigadores da unidade v\u00eam diligenciando no intuito de coletar provas, notadamente imagens, que possam auxiliar na identifica\u00e7\u00e3o dos autores. Em alguns desses fatos, em que havia imagens, ap\u00f3s diversas atividades de rua e abordagens, a DIC identificou o autor.<\/p><p>Instaurou-se o competente inqu\u00e9rito policial visando apurar alguns desses furtos e com a coleta de todos os elementos probat\u00f3rios dispon\u00edveis, o Delegado de Pol\u00edcia respons\u00e1vel pelas investiga\u00e7\u00f5es representou pela pris\u00e3o preventiva do suspeito, pleito que restou deferido pelo Ju\u00edzo da 2\u00ba Vara Criminal de Tubar\u00e3o. Dilig\u00eancias foram realizadas e, na tarde da ter\u00e7a-feira, os policiais lograram \u00eaxito em capturar o suspeito no bairro Passagem, na cidade de Tubar\u00e3o.<\/p><p>Ap\u00f3s os procedimentos de Pol\u00edcia Judici\u00e1ria, o preso foi encaminhado ao Pres\u00eddio Regional de Tubar\u00e3o. A a\u00e7\u00e3o contou com o apoio da Guarda Municipal de Tubar\u00e3o.<\/p>\t\t\t\t\t\t\t\t<\/div>\n\t\t\t\t<\/div>\n\t\t\t\t\t<\/div>\n\t\t<\/div>\n\t\t\t\t\t<\/div>\n\t\t<\/section>\n\t\t\t\t<\/div>\n\t\t","protected":false},"excerpt":{"rendered":"<p>Pol\u00edcia Civil prende suspeito de diversos furtos de cabos de energia el\u00e9trica em Tubar\u00e3o A Pol\u00edcia Civil de Santa Catarina, por meio da Divis\u00e3o de Investiga\u00e7\u00e3o Criminal de Tubar\u00e3o, na tarde da ter\u00e7a-feira (18\/06), deu cumprimento ao mandado de pris\u00e3o preventiva em desfavor de um indiv\u00edduo suspeito de diversos furtos de cabos de energia el\u00e9trica [&hellip;]<\/p>\n","protected":false},"author":5,"featured_media":15637,"comment_status":"closed","ping_status":"open","sticky":false,"template":"","format":"standard","meta":{"_monsterinsights_skip_tracking":false,"_monsterinsights_sitenote_active":false,"_monsterinsights_sitenote_note":"","_monsterinsights_sitenote_category":0,"footnotes":""},"categories":[1],"tags":[],"class_list":["post-21061","post","type-post","status-publish","format-standard","has-post-thumbnail","hentry","category-sem-categoria"],"_links":{"self":[{"href":"https:\/\/pc.sc.gov.br\/index.php?rest_route=\/wp\/v2\/posts\/21061","targetHints":{"allow":["GET"]}}],"collection":[{"href":"https:\/\/pc.sc.gov.br\/index.php?rest_route=\/wp\/v2\/posts"}],"about":[{"href":"https:\/\/pc.sc.gov.br\/index.php?rest_route=\/wp\/v2\/types\/post"}],"author":[{"embeddable":true,"href":"https:\/\/pc.sc.gov.br\/index.php?rest_route=\/wp\/v2\/users\/5"}],"replies":[{"embeddable":true,"href":"https:\/\/pc.sc.gov.br\/index.php?rest_route=%2Fwp%2Fv2%2Fcomments&post=21061"}],"version-history":[{"count":4,"href":"https:\/\/pc.sc.gov.br\/index.php?rest_route=\/wp\/v2\/posts\/21061\/revisions"}],"predecessor-version":[{"id":21065,"href":"https:\/\/pc.sc.gov.br\/index.php?rest_route=\/wp\/v2\/posts\/21061\/revisions\/21065"}],"wp:featuredmedia":[{"embeddable":true,"href":"https:\/\/pc.sc.gov.br\/index.php?rest_route=\/wp\/v2\/media\/15637"}],"wp:attachment":[{"href":"https:\/\/pc.sc.gov.br\/index.php?rest_route=%2Fwp%2Fv2%2Fmedia&parent=21061"}],"wp:term":[{"taxonomy":"category","embeddable":true,"href":"https:\/\/pc.sc.gov.br\/index.php?rest_route=%2Fwp%2Fv2%2Fcategories&post=21061"},{"taxonomy":"post_tag","embeddable":true,"href":"https:\/\/pc.sc.gov.br\/index.php?rest_route=%2Fwp%2Fv2%2Ftags&post=21061"}],"curies":[{"name":"wp","href":"https:\/\/api.w.org\/{rel}","templated":true}]}}