{"id":21075,"date":"2024-06-19T13:37:36","date_gmt":"2024-06-19T16:37:36","guid":{"rendered":"https:\/\/pc.sc.gov.br\/?p=21075"},"modified":"2024-06-19T13:38:57","modified_gmt":"2024-06-19T16:38:57","slug":"policia-civil-deflagra-operacao-aguas-turvas-para-apurar-fraudes-contra-a-administracao-municipal-de-aguas-de-chapeco-ocorridas-em-2017-e-2018","status":"publish","type":"post","link":"https:\/\/pc.sc.gov.br\/?p=21075","title":{"rendered":"Pol\u00edcia Civil deflagra opera\u00e7\u00e3o \u201c\u00c1guas Turvas\u201d para apurar fraudes contra a Administra\u00e7\u00e3o Municipal de \u00c1guas de Chapec\u00f3 ocorridas em 2017 e 2018"},"content":{"rendered":"\t\t<div data-elementor-type=\"wp-post\" data-elementor-id=\"21075\" class=\"elementor elementor-21075\" data-elementor-post-type=\"post\">\n\t\t\t\t\t\t<section class=\"elementor-section elementor-top-section elementor-element elementor-element-542a863 elementor-section-boxed elementor-section-height-default elementor-section-height-default\" data-id=\"542a863\" data-element_type=\"section\">\n\t\t\t\t\t\t<div class=\"elementor-container elementor-column-gap-default\">\n\t\t\t\t\t<div class=\"elementor-column elementor-col-100 elementor-top-column elementor-element elementor-element-19cd08f\" data-id=\"19cd08f\" data-element_type=\"column\">\n\t\t\t<div class=\"elementor-widget-wrap elementor-element-populated\">\n\t\t\t\t\t\t<div class=\"elementor-element elementor-element-b5ca43b elementor-widget elementor-widget-heading\" data-id=\"b5ca43b\" data-element_type=\"widget\" data-widget_type=\"heading.default\">\n\t\t\t\t<div class=\"elementor-widget-container\">\n\t\t\t\t\t<h2 class=\"elementor-heading-title elementor-size-default\">Pol\u00edcia Civil deflagra opera\u00e7\u00e3o \u201c\u00c1guas Turvas\u201d para apurar fraudes contra a Administra\u00e7\u00e3o Municipal de \u00c1guas de Chapec\u00f3 ocorridas em 2017 e 2018<\/h2>\t\t\t\t<\/div>\n\t\t\t\t<\/div>\n\t\t\t\t\t<\/div>\n\t\t<\/div>\n\t\t\t\t\t<\/div>\n\t\t<\/section>\n\t\t\t\t<section class=\"elementor-section elementor-top-section elementor-element elementor-element-64bb93f elementor-section-boxed elementor-section-height-default elementor-section-height-default\" data-id=\"64bb93f\" data-element_type=\"section\">\n\t\t\t\t\t\t<div class=\"elementor-container elementor-column-gap-default\">\n\t\t\t\t\t<div class=\"elementor-column elementor-col-100 elementor-top-column elementor-element elementor-element-fc62b56\" data-id=\"fc62b56\" data-element_type=\"column\">\n\t\t\t<div class=\"elementor-widget-wrap elementor-element-populated\">\n\t\t\t\t\t\t<div class=\"elementor-element elementor-element-26cc6ca elementor-widget elementor-widget-image\" data-id=\"26cc6ca\" data-element_type=\"widget\" data-widget_type=\"image.default\">\n\t\t\t\t<div class=\"elementor-widget-container\">\n\t\t\t\t\t\t\t\t\t\t\t\t\t\t\t<img fetchpriority=\"high\" decoding=\"async\" width=\"696\" height=\"928\" src=\"https:\/\/pc.sc.gov.br\/\/wp-content\/uploads\/2024\/06\/WhatsApp-Image-2024-06-19-at-08.01.29-768x1024.jpeg\" class=\"attachment-large size-large wp-image-21079\" alt=\"\" srcset=\"https:\/\/pc.sc.gov.br\/\/wp-content\/uploads\/2024\/06\/WhatsApp-Image-2024-06-19-at-08.01.29-768x1024.jpeg 768w, https:\/\/pc.sc.gov.br\/\/wp-content\/uploads\/2024\/06\/WhatsApp-Image-2024-06-19-at-08.01.29-225x300.jpeg 225w, https:\/\/pc.sc.gov.br\/\/wp-content\/uploads\/2024\/06\/WhatsApp-Image-2024-06-19-at-08.01.29.jpeg 960w\" sizes=\"(max-width: 696px) 100vw, 696px\" \/>\t\t\t\t\t\t\t\t\t\t\t\t\t\t\t<\/div>\n\t\t\t\t<\/div>\n\t\t\t\t\t<\/div>\n\t\t<\/div>\n\t\t\t\t\t<\/div>\n\t\t<\/section>\n\t\t\t\t<section class=\"elementor-section elementor-top-section elementor-element elementor-element-bf09d66 elementor-section-boxed elementor-section-height-default elementor-section-height-default\" data-id=\"bf09d66\" data-element_type=\"section\">\n\t\t\t\t\t\t<div class=\"elementor-container elementor-column-gap-default\">\n\t\t\t\t\t<div class=\"elementor-column elementor-col-100 elementor-top-column elementor-element elementor-element-b255d00\" data-id=\"b255d00\" data-element_type=\"column\">\n\t\t\t<div class=\"elementor-widget-wrap elementor-element-populated\">\n\t\t\t\t\t\t<div class=\"elementor-element elementor-element-f848fba elementor-widget elementor-widget-text-editor\" data-id=\"f848fba\" data-element_type=\"widget\" data-widget_type=\"text-editor.default\">\n\t\t\t\t<div class=\"elementor-widget-container\">\n\t\t\t\t\t\t\t\t\t<p>A Pol\u00edcia Civil de Santa Catarina, por meio da 5\u00aa Delegacia de Combate \u00e0 Corrup\u00e7\u00e3o de Chapec\u00f3, deflagrou a opera\u00e7\u00e3o \u201c\u00c1guas Turvas\u201d, nesta quarta-feira (19\/06), com o objetivo de cumprir determina\u00e7\u00e3o judicial do Tribunal de Justi\u00e7a de Santa Catarina, que autorizou as dilig\u00eancias voltadas para a apura\u00e7\u00e3o de fraudes no munic\u00edpio de \u00c1guas de Chapec\u00f3.<\/p><p>A investiga\u00e7\u00e3o busca a colheita de elementos para a apura\u00e7\u00e3o de fraudes contra a administra\u00e7\u00e3o no munic\u00edpio em quest\u00e3o, ocorridas ainda nos anos de 2017 e 2018, al\u00e9m de seus ulteriores desdobramentos.<\/p><p>Na oportunidade, foram cumpridos treze mandados de busca e apreens\u00e3o, envolvendo alvos de \u00c1guas de Chapec\u00f3 e tamb\u00e9m em Planalto Alegre, nos quais restaram apreendidos diversos itens de interesse \u00e0s investiga\u00e7\u00f5es e ao eventual ressarcimento ulterior da administra\u00e7\u00e3o municipal lesada. Os policiais tamb\u00e9m apreenderam quase meio milh\u00e3o de reais em esp\u00e9cie, cuja proced\u00eancia ser\u00e1 apurada no decorrer da investiga\u00e7\u00e3o, al\u00e9m de ve\u00edculos e uma embarca\u00e7\u00e3o.<\/p><p>A opera\u00e7\u00e3o contou com o suporte de cinquenta policiais civis integrantes de todas as DECORs de Santa Catarina, al\u00e9m do suporte das unidades da Pol\u00edcia Civil de S\u00e3o Louren\u00e7o do Oeste, Chapec\u00f3 e Maravilha.<\/p><p>\u00c9 importante ressaltar a atua\u00e7\u00e3o eficiente do Poder Judici\u00e1rio de Santa Catarina, pela a\u00e7\u00e3o da 4\u00aa C\u00e2mara Criminal do TJSC, do Minist\u00e9rio P\u00fablico, pelo GEAC, bem como, o apoio da OAB\/SC nas dilig\u00eancias em que necess\u00e1ria participa\u00e7\u00e3o. As investiga\u00e7\u00f5es ir\u00e3o prosseguir no interesse do deslinde total do caso.<\/p>\t\t\t\t\t\t\t\t<\/div>\n\t\t\t\t<\/div>\n\t\t\t\t\t<\/div>\n\t\t<\/div>\n\t\t\t\t\t<\/div>\n\t\t<\/section>\n\t\t\t\t<section class=\"elementor-section elementor-top-section elementor-element elementor-element-1a18f5b elementor-section-boxed elementor-section-height-default elementor-section-height-default\" data-id=\"1a18f5b\" data-element_type=\"section\">\n\t\t\t\t\t\t<div class=\"elementor-container elementor-column-gap-default\">\n\t\t\t\t\t<div class=\"elementor-column elementor-col-100 elementor-top-column elementor-element elementor-element-edd46d9\" data-id=\"edd46d9\" data-element_type=\"column\">\n\t\t\t<div class=\"elementor-widget-wrap elementor-element-populated\">\n\t\t\t\t\t\t<div class=\"elementor-element elementor-element-3bbcba9 elementor-widget elementor-widget-image\" data-id=\"3bbcba9\" data-element_type=\"widget\" data-widget_type=\"image.default\">\n\t\t\t\t<div class=\"elementor-widget-container\">\n\t\t\t\t\t\t\t\t\t\t\t\t\t\t\t<img decoding=\"async\" width=\"696\" height=\"928\" src=\"https:\/\/pc.sc.gov.br\/\/wp-content\/uploads\/2024\/06\/WhatsApp-Image-2024-06-19-at-08.35.54-768x1024.jpeg\" class=\"attachment-large size-large wp-image-21076\" alt=\"\" srcset=\"https:\/\/pc.sc.gov.br\/\/wp-content\/uploads\/2024\/06\/WhatsApp-Image-2024-06-19-at-08.35.54-768x1024.jpeg 768w, https:\/\/pc.sc.gov.br\/\/wp-content\/uploads\/2024\/06\/WhatsApp-Image-2024-06-19-at-08.35.54-225x300.jpeg 225w, https:\/\/pc.sc.gov.br\/\/wp-content\/uploads\/2024\/06\/WhatsApp-Image-2024-06-19-at-08.35.54.jpeg 960w\" sizes=\"(max-width: 696px) 100vw, 696px\" \/>\t\t\t\t\t\t\t\t\t\t\t\t\t\t\t<\/div>\n\t\t\t\t<\/div>\n\t\t\t\t\t<\/div>\n\t\t<\/div>\n\t\t\t\t\t<\/div>\n\t\t<\/section>\n\t\t\t\t<section class=\"elementor-section elementor-top-section elementor-element elementor-element-d8aa21a elementor-section-boxed elementor-section-height-default elementor-section-height-default\" data-id=\"d8aa21a\" data-element_type=\"section\">\n\t\t\t\t\t\t<div class=\"elementor-container elementor-column-gap-default\">\n\t\t\t\t\t<div class=\"elementor-column elementor-col-100 elementor-top-column elementor-element elementor-element-fef2b1b\" data-id=\"fef2b1b\" data-element_type=\"column\">\n\t\t\t<div class=\"elementor-widget-wrap elementor-element-populated\">\n\t\t\t\t\t\t<div class=\"elementor-element elementor-element-4f37430 elementor-widget elementor-widget-image\" data-id=\"4f37430\" data-element_type=\"widget\" data-widget_type=\"image.default\">\n\t\t\t\t<div class=\"elementor-widget-container\">\n\t\t\t\t\t\t\t\t\t\t\t\t\t\t\t<img decoding=\"async\" width=\"696\" height=\"392\" src=\"https:\/\/pc.sc.gov.br\/\/wp-content\/uploads\/2024\/06\/WhatsApp-Image-2024-06-19-at-08.03.43-1024x576.jpeg\" class=\"attachment-large size-large wp-image-21077\" alt=\"\" srcset=\"https:\/\/pc.sc.gov.br\/\/wp-content\/uploads\/2024\/06\/WhatsApp-Image-2024-06-19-at-08.03.43-1024x576.jpeg 1024w, https:\/\/pc.sc.gov.br\/\/wp-content\/uploads\/2024\/06\/WhatsApp-Image-2024-06-19-at-08.03.43-300x169.jpeg 300w, https:\/\/pc.sc.gov.br\/\/wp-content\/uploads\/2024\/06\/WhatsApp-Image-2024-06-19-at-08.03.43-768x432.jpeg 768w, https:\/\/pc.sc.gov.br\/\/wp-content\/uploads\/2024\/06\/WhatsApp-Image-2024-06-19-at-08.03.43.jpeg 1280w\" sizes=\"(max-width: 696px) 100vw, 696px\" \/>\t\t\t\t\t\t\t\t\t\t\t\t\t\t\t<\/div>\n\t\t\t\t<\/div>\n\t\t\t\t\t<\/div>\n\t\t<\/div>\n\t\t\t\t\t<\/div>\n\t\t<\/section>\n\t\t\t\t<\/div>\n\t\t","protected":false},"excerpt":{"rendered":"<p>Pol\u00edcia Civil deflagra opera\u00e7\u00e3o \u201c\u00c1guas Turvas\u201d para apurar fraudes contra a Administra\u00e7\u00e3o Municipal de \u00c1guas de Chapec\u00f3 ocorridas em 2017 e 2018 A Pol\u00edcia Civil de Santa Catarina, por meio da 5\u00aa Delegacia de Combate \u00e0 Corrup\u00e7\u00e3o de Chapec\u00f3, deflagrou a opera\u00e7\u00e3o \u201c\u00c1guas Turvas\u201d, nesta quarta-feira (19\/06), com o objetivo de cumprir determina\u00e7\u00e3o judicial do [&hellip;]<\/p>\n","protected":false},"author":5,"featured_media":21079,"comment_status":"closed","ping_status":"open","sticky":false,"template":"","format":"standard","meta":{"_monsterinsights_skip_tracking":false,"_monsterinsights_sitenote_active":false,"_monsterinsights_sitenote_note":"","_monsterinsights_sitenote_category":0,"footnotes":""},"categories":[1],"tags":[],"class_list":["post-21075","post","type-post","status-publish","format-standard","has-post-thumbnail","hentry","category-sem-categoria"],"_links":{"self":[{"href":"https:\/\/pc.sc.gov.br\/index.php?rest_route=\/wp\/v2\/posts\/21075","targetHints":{"allow":["GET"]}}],"collection":[{"href":"https:\/\/pc.sc.gov.br\/index.php?rest_route=\/wp\/v2\/posts"}],"about":[{"href":"https:\/\/pc.sc.gov.br\/index.php?rest_route=\/wp\/v2\/types\/post"}],"author":[{"embeddable":true,"href":"https:\/\/pc.sc.gov.br\/index.php?rest_route=\/wp\/v2\/users\/5"}],"replies":[{"embeddable":true,"href":"https:\/\/pc.sc.gov.br\/index.php?rest_route=%2Fwp%2Fv2%2Fcomments&post=21075"}],"version-history":[{"count":4,"href":"https:\/\/pc.sc.gov.br\/index.php?rest_route=\/wp\/v2\/posts\/21075\/revisions"}],"predecessor-version":[{"id":21083,"href":"https:\/\/pc.sc.gov.br\/index.php?rest_route=\/wp\/v2\/posts\/21075\/revisions\/21083"}],"wp:featuredmedia":[{"embeddable":true,"href":"https:\/\/pc.sc.gov.br\/index.php?rest_route=\/wp\/v2\/media\/21079"}],"wp:attachment":[{"href":"https:\/\/pc.sc.gov.br\/index.php?rest_route=%2Fwp%2Fv2%2Fmedia&parent=21075"}],"wp:term":[{"taxonomy":"category","embeddable":true,"href":"https:\/\/pc.sc.gov.br\/index.php?rest_route=%2Fwp%2Fv2%2Fcategories&post=21075"},{"taxonomy":"post_tag","embeddable":true,"href":"https:\/\/pc.sc.gov.br\/index.php?rest_route=%2Fwp%2Fv2%2Ftags&post=21075"}],"curies":[{"name":"wp","href":"https:\/\/api.w.org\/{rel}","templated":true}]}}