{"id":21088,"date":"2024-06-19T17:37:37","date_gmt":"2024-06-19T20:37:37","guid":{"rendered":"https:\/\/pc.sc.gov.br\/?p=21088"},"modified":"2024-06-19T18:52:31","modified_gmt":"2024-06-19T21:52:31","slug":"pcsc-deflagra-operacao-publicis-em-quatro-cidades-em-investigacao-que-apura-ataque-contra-residencia-de-ex-secretario-de-blumenau","status":"publish","type":"post","link":"https:\/\/pc.sc.gov.br\/?p=21088","title":{"rendered":"PCSC deflagra opera\u00e7\u00e3o \u201cPublicis&#8221; em quatro cidades em investiga\u00e7\u00e3o que apura ataque contra resid\u00eancia de ex-secret\u00e1rio de Blumenau"},"content":{"rendered":"\t\t<div data-elementor-type=\"wp-post\" data-elementor-id=\"21088\" class=\"elementor elementor-21088\" data-elementor-post-type=\"post\">\n\t\t\t\t\t\t<section class=\"elementor-section elementor-top-section elementor-element elementor-element-2549f1c elementor-section-boxed elementor-section-height-default elementor-section-height-default\" data-id=\"2549f1c\" data-element_type=\"section\">\n\t\t\t\t\t\t<div class=\"elementor-container elementor-column-gap-default\">\n\t\t\t\t\t<div class=\"elementor-column elementor-col-100 elementor-top-column elementor-element elementor-element-163ed05\" data-id=\"163ed05\" data-element_type=\"column\">\n\t\t\t<div class=\"elementor-widget-wrap elementor-element-populated\">\n\t\t\t\t\t\t<div class=\"elementor-element elementor-element-410b08b elementor-widget elementor-widget-heading\" data-id=\"410b08b\" data-element_type=\"widget\" data-widget_type=\"heading.default\">\n\t\t\t\t<div class=\"elementor-widget-container\">\n\t\t\t\t\t<h2 class=\"elementor-heading-title elementor-size-default\">PCSC deflagra opera\u00e7\u00e3o \u201cPublicis\" em investiga\u00e7\u00e3o que apura ataque contra resid\u00eancia de ex-secret\u00e1rio de Blumenau<\/h2>\t\t\t\t<\/div>\n\t\t\t\t<\/div>\n\t\t\t\t\t<\/div>\n\t\t<\/div>\n\t\t\t\t\t<\/div>\n\t\t<\/section>\n\t\t\t\t<section class=\"elementor-section elementor-top-section elementor-element elementor-element-7335c9b elementor-section-boxed elementor-section-height-default elementor-section-height-default\" data-id=\"7335c9b\" data-element_type=\"section\">\n\t\t\t\t\t\t<div class=\"elementor-container elementor-column-gap-default\">\n\t\t\t\t\t<div class=\"elementor-column elementor-col-100 elementor-top-column elementor-element elementor-element-239d077\" data-id=\"239d077\" data-element_type=\"column\">\n\t\t\t<div class=\"elementor-widget-wrap elementor-element-populated\">\n\t\t\t\t\t\t<div class=\"elementor-element elementor-element-1e15063 elementor-widget elementor-widget-image\" data-id=\"1e15063\" data-element_type=\"widget\" data-widget_type=\"image.default\">\n\t\t\t\t<div class=\"elementor-widget-container\">\n\t\t\t\t\t\t\t\t\t\t\t\t\t\t\t<img fetchpriority=\"high\" decoding=\"async\" width=\"696\" height=\"516\" src=\"https:\/\/pc.sc.gov.br\/\/wp-content\/uploads\/2024\/06\/a8ed9407-feb9-4e79-bf71-cc4afef2e335-fotor-20240619174256-1.jpg\" class=\"attachment-large size-large wp-image-21090\" alt=\"\" srcset=\"https:\/\/pc.sc.gov.br\/\/wp-content\/uploads\/2024\/06\/a8ed9407-feb9-4e79-bf71-cc4afef2e335-fotor-20240619174256-1.jpg 952w, https:\/\/pc.sc.gov.br\/\/wp-content\/uploads\/2024\/06\/a8ed9407-feb9-4e79-bf71-cc4afef2e335-fotor-20240619174256-1-300x222.jpg 300w, https:\/\/pc.sc.gov.br\/\/wp-content\/uploads\/2024\/06\/a8ed9407-feb9-4e79-bf71-cc4afef2e335-fotor-20240619174256-1-768x570.jpg 768w\" sizes=\"(max-width: 696px) 100vw, 696px\" \/>\t\t\t\t\t\t\t\t\t\t\t\t\t\t\t<\/div>\n\t\t\t\t<\/div>\n\t\t\t\t\t<\/div>\n\t\t<\/div>\n\t\t\t\t\t<\/div>\n\t\t<\/section>\n\t\t\t\t<section class=\"elementor-section elementor-top-section elementor-element elementor-element-dda03e4 elementor-section-boxed elementor-section-height-default elementor-section-height-default\" data-id=\"dda03e4\" data-element_type=\"section\">\n\t\t\t\t\t\t<div class=\"elementor-container elementor-column-gap-default\">\n\t\t\t\t\t<div class=\"elementor-column elementor-col-100 elementor-top-column elementor-element elementor-element-aa0a794\" data-id=\"aa0a794\" data-element_type=\"column\">\n\t\t\t<div class=\"elementor-widget-wrap elementor-element-populated\">\n\t\t\t\t\t\t<div class=\"elementor-element elementor-element-eabec25 elementor-widget elementor-widget-text-editor\" data-id=\"eabec25\" data-element_type=\"widget\" data-widget_type=\"text-editor.default\">\n\t\t\t\t<div class=\"elementor-widget-container\">\n\t\t\t\t\t\t\t\t\t<p>A Pol\u00edcia Civil de Santa Catarina (PCSC), por interm\u00e9dio Divis\u00e3o de Investiga\u00e7\u00e3o Criminal (DIC) de Blumenau, com apoio de policiais civis DRFR, da DTCA, do NINT, da DPCo de Indaial, Pomerode, Ascurra e Timb\u00f3, deflagrou nesta quarta-feira (19) a &#8220;Opera\u00e7\u00e3o Publicis. A a\u00e7\u00e3o foi para dar cumprimento de 15 mandados de buscas e apreens\u00e3o nas cidades de Blumenau, Indaial, Timb\u00f3 e Pomerode em desfavor de oito pessoas suspeitas de envolvimento nos disparos de arma de fogo ocorridos na resid\u00eancia do ex-secret\u00e1rio municipal Michael Maiochi, no dia 5 de fevereiro.&nbsp;<\/p>\n<p>A v\u00edtima vinha sofrendo amea\u00e7as por meio de mensagens de WhatsApp que chegavam atrav\u00e9s de terceiros, com acusa\u00e7\u00f5es de atos de improbidade administrativa e enriquecimento il\u00edcito durante sua gest\u00e3o municipal, bem como promessa de mal grave e injusto, que acabou ocorrendo naquele m\u00eas de fevereiro.&nbsp;<\/p>\n<p>Desde ent\u00e3o, ap\u00f3s quatro meses de apura\u00e7\u00e3o e com o emprego de diversas t\u00e9cnicas investigativas, foi poss\u00edvel identificar oito pessoas que estariam envolvidas com os fatos. Desta forma, o Delegado de Pol\u00edcia representou pela busca e apreens\u00e3o domiciliar com o escopo de angariar outras provas que corroborem as investiga\u00e7\u00f5es em andamento.&nbsp;<\/p>\n<p>Um dos investigados ocupava cargo na SAMAE at\u00e9 dezembro de 2023 quando foi exonerado. A PCSC ressalta que at\u00e9 o momento n\u00e3o foi poss\u00edvel esclarecer a verdadeira motiva\u00e7\u00e3o para as amea\u00e7as e disparos contra o ex-secret\u00e1rio, o qual em sua oitiva afirma estar relacionada \u00e0 sua atua\u00e7\u00e3o firme com os prestadores de servi\u00e7o, com aplica\u00e7\u00e3o de multas e rescis\u00e3o de contratos.<\/p>\n<p>A opera\u00e7\u00e3o policial contou com o apoio de 36 policiais civis. Tamb\u00e9m foi apreendida a motocicleta utilizada pelos autores dos disparos, duas armas de fogo, R$ 4 mil e ainda colhidos diversos documentos e aparelhos celulares que ser\u00e3o oportunamente analisados e periciados pela Pol\u00edcia Cient\u00edfica (PCI). Os laudos emitidos pela PCI far\u00e3o parte do inqu\u00e9rito que depois de conclu\u00eddo ser\u00e1 remetido ao Poder Judici\u00e1rio ao t\u00e9rmino das investiga\u00e7\u00f5es.<\/p>\t\t\t\t\t\t\t\t<\/div>\n\t\t\t\t<\/div>\n\t\t\t\t\t<\/div>\n\t\t<\/div>\n\t\t\t\t\t<\/div>\n\t\t<\/section>\n\t\t\t\t<\/div>\n\t\t","protected":false},"excerpt":{"rendered":"<p>PCSC deflagra opera\u00e7\u00e3o \u201cPublicis&#8221; em investiga\u00e7\u00e3o que apura ataque contra resid\u00eancia de ex-secret\u00e1rio de Blumenau A Pol\u00edcia Civil de Santa Catarina (PCSC), por interm\u00e9dio Divis\u00e3o de Investiga\u00e7\u00e3o Criminal (DIC) de Blumenau, com apoio de policiais civis DRFR, da DTCA, do NINT, da DPCo de Indaial, Pomerode, Ascurra e Timb\u00f3, deflagrou nesta quarta-feira (19) a &#8220;Opera\u00e7\u00e3o [&hellip;]<\/p>\n","protected":false},"author":5,"featured_media":21090,"comment_status":"closed","ping_status":"open","sticky":false,"template":"","format":"standard","meta":{"_monsterinsights_skip_tracking":false,"_monsterinsights_sitenote_active":false,"_monsterinsights_sitenote_note":"","_monsterinsights_sitenote_category":0,"footnotes":""},"categories":[1],"tags":[],"class_list":["post-21088","post","type-post","status-publish","format-standard","has-post-thumbnail","hentry","category-sem-categoria"],"_links":{"self":[{"href":"https:\/\/pc.sc.gov.br\/index.php?rest_route=\/wp\/v2\/posts\/21088","targetHints":{"allow":["GET"]}}],"collection":[{"href":"https:\/\/pc.sc.gov.br\/index.php?rest_route=\/wp\/v2\/posts"}],"about":[{"href":"https:\/\/pc.sc.gov.br\/index.php?rest_route=\/wp\/v2\/types\/post"}],"author":[{"embeddable":true,"href":"https:\/\/pc.sc.gov.br\/index.php?rest_route=\/wp\/v2\/users\/5"}],"replies":[{"embeddable":true,"href":"https:\/\/pc.sc.gov.br\/index.php?rest_route=%2Fwp%2Fv2%2Fcomments&post=21088"}],"version-history":[{"count":6,"href":"https:\/\/pc.sc.gov.br\/index.php?rest_route=\/wp\/v2\/posts\/21088\/revisions"}],"predecessor-version":[{"id":21120,"href":"https:\/\/pc.sc.gov.br\/index.php?rest_route=\/wp\/v2\/posts\/21088\/revisions\/21120"}],"wp:featuredmedia":[{"embeddable":true,"href":"https:\/\/pc.sc.gov.br\/index.php?rest_route=\/wp\/v2\/media\/21090"}],"wp:attachment":[{"href":"https:\/\/pc.sc.gov.br\/index.php?rest_route=%2Fwp%2Fv2%2Fmedia&parent=21088"}],"wp:term":[{"taxonomy":"category","embeddable":true,"href":"https:\/\/pc.sc.gov.br\/index.php?rest_route=%2Fwp%2Fv2%2Fcategories&post=21088"},{"taxonomy":"post_tag","embeddable":true,"href":"https:\/\/pc.sc.gov.br\/index.php?rest_route=%2Fwp%2Fv2%2Ftags&post=21088"}],"curies":[{"name":"wp","href":"https:\/\/api.w.org\/{rel}","templated":true}]}}