{"id":21103,"date":"2024-06-19T18:45:40","date_gmt":"2024-06-19T21:45:40","guid":{"rendered":"https:\/\/pc.sc.gov.br\/?p=21103"},"modified":"2024-06-19T18:46:34","modified_gmt":"2024-06-19T21:46:34","slug":"policia-civil-identifica-suspeitos-por-feminicidio-e-homicidio-de-taxista-ocorridos-na-regiao-sul-do-estado","status":"publish","type":"post","link":"https:\/\/pc.sc.gov.br\/?p=21103","title":{"rendered":"Pol\u00edcia Civil identifica suspeitos por feminic\u00eddio e homic\u00eddio de taxista ocorridos na regi\u00e3o sul do estado"},"content":{"rendered":"\t\t<div data-elementor-type=\"wp-post\" data-elementor-id=\"21103\" class=\"elementor elementor-21103\" data-elementor-post-type=\"post\">\n\t\t\t\t\t\t<section class=\"elementor-section elementor-top-section elementor-element elementor-element-c672095 elementor-section-boxed elementor-section-height-default elementor-section-height-default\" data-id=\"c672095\" data-element_type=\"section\">\n\t\t\t\t\t\t<div class=\"elementor-container elementor-column-gap-default\">\n\t\t\t\t\t<div class=\"elementor-column elementor-col-100 elementor-top-column elementor-element elementor-element-c6a6120\" data-id=\"c6a6120\" data-element_type=\"column\">\n\t\t\t<div class=\"elementor-widget-wrap elementor-element-populated\">\n\t\t\t\t\t\t<div class=\"elementor-element elementor-element-6a6cb69 elementor-widget elementor-widget-heading\" data-id=\"6a6cb69\" data-element_type=\"widget\" data-widget_type=\"heading.default\">\n\t\t\t\t<div class=\"elementor-widget-container\">\n\t\t\t\t\t<h2 class=\"elementor-heading-title elementor-size-default\">Pol\u00edcia Civil identifica suspeitos por feminic\u00eddio e homic\u00eddio de taxista ocorridos na regi\u00e3o sul do estado<\/h2>\t\t\t\t<\/div>\n\t\t\t\t<\/div>\n\t\t\t\t\t<\/div>\n\t\t<\/div>\n\t\t\t\t\t<\/div>\n\t\t<\/section>\n\t\t\t\t<section class=\"elementor-section elementor-top-section elementor-element elementor-element-258d098 elementor-section-boxed elementor-section-height-default elementor-section-height-default\" data-id=\"258d098\" data-element_type=\"section\">\n\t\t\t\t\t\t<div class=\"elementor-container elementor-column-gap-default\">\n\t\t\t\t\t<div class=\"elementor-column elementor-col-100 elementor-top-column elementor-element elementor-element-5fd2bbe\" data-id=\"5fd2bbe\" data-element_type=\"column\">\n\t\t\t<div class=\"elementor-widget-wrap elementor-element-populated\">\n\t\t\t\t\t\t<div class=\"elementor-element elementor-element-6f0bd8c elementor-widget elementor-widget-image\" data-id=\"6f0bd8c\" data-element_type=\"widget\" data-widget_type=\"image.default\">\n\t\t\t\t<div class=\"elementor-widget-container\">\n\t\t\t\t\t\t\t\t\t\t\t\t\t\t\t<img fetchpriority=\"high\" decoding=\"async\" width=\"696\" height=\"522\" src=\"https:\/\/pc.sc.gov.br\/\/wp-content\/uploads\/2024\/01\/CARRO-VIATUIRA-SIRENE-NOITE-POLICIA-CIVIL-PCSC-1024x768.jpg\" class=\"attachment-large size-large wp-image-16597\" alt=\"\" srcset=\"https:\/\/pc.sc.gov.br\/\/wp-content\/uploads\/2024\/01\/CARRO-VIATUIRA-SIRENE-NOITE-POLICIA-CIVIL-PCSC-1024x768.jpg 1024w, https:\/\/pc.sc.gov.br\/\/wp-content\/uploads\/2024\/01\/CARRO-VIATUIRA-SIRENE-NOITE-POLICIA-CIVIL-PCSC-300x225.jpg 300w, https:\/\/pc.sc.gov.br\/\/wp-content\/uploads\/2024\/01\/CARRO-VIATUIRA-SIRENE-NOITE-POLICIA-CIVIL-PCSC-768x576.jpg 768w, https:\/\/pc.sc.gov.br\/\/wp-content\/uploads\/2024\/01\/CARRO-VIATUIRA-SIRENE-NOITE-POLICIA-CIVIL-PCSC.jpg 1280w\" sizes=\"(max-width: 696px) 100vw, 696px\" \/>\t\t\t\t\t\t\t\t\t\t\t\t\t\t\t<\/div>\n\t\t\t\t<\/div>\n\t\t\t\t\t<\/div>\n\t\t<\/div>\n\t\t\t\t\t<\/div>\n\t\t<\/section>\n\t\t\t\t<section class=\"elementor-section elementor-top-section elementor-element elementor-element-4c9b16c elementor-section-boxed elementor-section-height-default elementor-section-height-default\" data-id=\"4c9b16c\" data-element_type=\"section\">\n\t\t\t\t\t\t<div class=\"elementor-container elementor-column-gap-default\">\n\t\t\t\t\t<div class=\"elementor-column elementor-col-100 elementor-top-column elementor-element elementor-element-b459f45\" data-id=\"b459f45\" data-element_type=\"column\">\n\t\t\t<div class=\"elementor-widget-wrap elementor-element-populated\">\n\t\t\t\t\t\t<div class=\"elementor-element elementor-element-1117665 elementor-widget elementor-widget-text-editor\" data-id=\"1117665\" data-element_type=\"widget\" data-widget_type=\"text-editor.default\">\n\t\t\t\t<div class=\"elementor-widget-container\">\n\t\t\t\t\t\t\t\t\t<p>Na ter\u00e7a-feira (18\/06), a Pol\u00edcia Civil de Santa Catarina, por meio da Divis\u00e3o de Investiga\u00e7\u00e3o Criminal de Crici\u00fama, prendeu um homem suspeito pelo feminic\u00eddio ocorrido no dia 1\u00ba de junho em Crici\u00fama, quando uma mulher foi assassinada no bairro Nossa Senhora da Salete.<\/p><p>Ap\u00f3s trabalho dos investigadores da DIC de Crici\u00fama, os autores do feminic\u00eddio foram identificados. Ambos eram irm\u00e3os e moradores da cidade de I\u00e7ara. O outro suspeito, que estava foragido, foi morto em confronto, na manh\u00e3 desta quarta-feira (19\/06), em Caxias do Sul, no Rio Grande do Sul.<\/p><p>Os dois homens tamb\u00e9m s\u00e3o suspeitos de serem autores do latroc\u00ednio de um taxista encontrado morto na cidade de Jaguaruna no dia 17 de junho. O caso est\u00e1 sendo investigado pela Delegacia de Pol\u00edcia da Comarca de Jaguaruna.<\/p><p><strong>Entenda o caso<\/strong><\/p><p>Segundo as investiga\u00e7\u00f5es, no \u00faltimo s\u00e1bado (15\/06), os suspeitos teriam retornado do Rio Grande do Sul para Santa Catarina, com a inten\u00e7\u00e3o de matar a namorada de um deles. Pegaram um t\u00e1xi, com um homem que, segundo investiga\u00e7\u00f5es, j\u00e1 costumava fazer corrida para eles. Por\u00e9m, por algum motivo que ainda est\u00e1 sendo investigado, mataram o taxista. <br \/><br \/>O ve\u00edculo do taxista foi abandonado em Morro Fuma\u00e7a. O corpo da v\u00edtima foi localizado em Jaguaruna e as investiga\u00e7\u00f5es indicavam que ambos estariam se escondendo novamente pela regi\u00e3o de Crici\u00fama.<br \/><br \/>Na segunda-feira (17\/06), ap\u00f3s levantamento da equipe da DIC de Crici\u00fama, com apoio dos policiais civis de Morro da Fuma\u00e7a e do Servi\u00e7o Aeropolicial, um dos suspeitos foi preso, escondido em \u00e1rea rural, na cidade de Cocal do Sul. No entanto, o outro suspeito j\u00e1 teria novamente fugido para o estado do Rio Grande do Sul, com ajuda do pai.<br \/><br \/>Os policiais da DIC identificaram o paradeiro do suspeito, na cidade de Caxias do Sul\/RS. Na ter\u00e7a-feira (18\/06), o homem foi localizado pela equipe, mas, no momento de sua pris\u00e3o, fugiu armado, para \u00e1rea de mata.<br \/><br \/>Durante a madrugada e a manh\u00e3 de hoje (19\/06), policiais da DIC, com apoio dos policiais da Ag\u00eancia de Intelig\u00eancia da Serra da BMRS e do 4\u00ba Batalh\u00e3o de Pol\u00edcia de Choque, identificaram uma resid\u00eancia, tamb\u00e9m na cidade de Caxias do Sul, em que o suspeito e seu pai estariam escondidos. Durante a abordagem, houve confronto armado e ambos morreram. J\u00e1 o suspeito preso est\u00e1 recluso no Pres\u00eddio Regional\u00a0de\u00a0Crici\u00fama.<\/p>\t\t\t\t\t\t\t\t<\/div>\n\t\t\t\t<\/div>\n\t\t\t\t\t<\/div>\n\t\t<\/div>\n\t\t\t\t\t<\/div>\n\t\t<\/section>\n\t\t\t\t<\/div>\n\t\t","protected":false},"excerpt":{"rendered":"<p>Pol\u00edcia Civil identifica suspeitos por feminic\u00eddio e homic\u00eddio de taxista ocorridos na regi\u00e3o sul do estado Na ter\u00e7a-feira (18\/06), a Pol\u00edcia Civil de Santa Catarina, por meio da Divis\u00e3o de Investiga\u00e7\u00e3o Criminal de Crici\u00fama, prendeu um homem suspeito pelo feminic\u00eddio ocorrido no dia 1\u00ba de junho em Crici\u00fama, quando uma mulher foi assassinada no bairro [&hellip;]<\/p>\n","protected":false},"author":5,"featured_media":13024,"comment_status":"closed","ping_status":"open","sticky":false,"template":"","format":"standard","meta":{"_monsterinsights_skip_tracking":false,"_monsterinsights_sitenote_active":false,"_monsterinsights_sitenote_note":"","_monsterinsights_sitenote_category":0,"footnotes":""},"categories":[1],"tags":[],"class_list":["post-21103","post","type-post","status-publish","format-standard","has-post-thumbnail","hentry","category-sem-categoria"],"_links":{"self":[{"href":"https:\/\/pc.sc.gov.br\/index.php?rest_route=\/wp\/v2\/posts\/21103","targetHints":{"allow":["GET"]}}],"collection":[{"href":"https:\/\/pc.sc.gov.br\/index.php?rest_route=\/wp\/v2\/posts"}],"about":[{"href":"https:\/\/pc.sc.gov.br\/index.php?rest_route=\/wp\/v2\/types\/post"}],"author":[{"embeddable":true,"href":"https:\/\/pc.sc.gov.br\/index.php?rest_route=\/wp\/v2\/users\/5"}],"replies":[{"embeddable":true,"href":"https:\/\/pc.sc.gov.br\/index.php?rest_route=%2Fwp%2Fv2%2Fcomments&post=21103"}],"version-history":[{"count":4,"href":"https:\/\/pc.sc.gov.br\/index.php?rest_route=\/wp\/v2\/posts\/21103\/revisions"}],"predecessor-version":[{"id":21107,"href":"https:\/\/pc.sc.gov.br\/index.php?rest_route=\/wp\/v2\/posts\/21103\/revisions\/21107"}],"wp:featuredmedia":[{"embeddable":true,"href":"https:\/\/pc.sc.gov.br\/index.php?rest_route=\/wp\/v2\/media\/13024"}],"wp:attachment":[{"href":"https:\/\/pc.sc.gov.br\/index.php?rest_route=%2Fwp%2Fv2%2Fmedia&parent=21103"}],"wp:term":[{"taxonomy":"category","embeddable":true,"href":"https:\/\/pc.sc.gov.br\/index.php?rest_route=%2Fwp%2Fv2%2Fcategories&post=21103"},{"taxonomy":"post_tag","embeddable":true,"href":"https:\/\/pc.sc.gov.br\/index.php?rest_route=%2Fwp%2Fv2%2Ftags&post=21103"}],"curies":[{"name":"wp","href":"https:\/\/api.w.org\/{rel}","templated":true}]}}